{"id":10885,"date":"2026-03-29T18:32:04","date_gmt":"2026-03-29T16:32:04","guid":{"rendered":"https:\/\/online-filmkatarzis.com\/kucko\/?p=10885"},"modified":"2026-03-29T18:32:04","modified_gmt":"2026-03-29T16:32:04","slug":"ehen-es-szomjan-halhatott-egy-73-eves-nagypapa","status":"publish","type":"post","link":"https:\/\/online-filmkatarzis.com\/kucko\/ehen-es-szomjan-halhatott-egy-73-eves-nagypapa\/","title":{"rendered":"\u00c9hen \u00e9s szomjan halhatott egy 73 \u00e9ves nagypapa"},"content":{"rendered":"<h3>\u00dajabb megr\u00e1z\u00f3 t\u00f6rt\u00e9netek ker\u00fcltek napvil\u00e1gra a Pesti id\u0151sotthonr\u00f3l. Egy 73 \u00e9vesen elhunyt f\u00e9rfi \u00f6zvegye nem kertel: szerinte f\u00e9rje nem a betegs\u00e9g, hanem az ell\u00e1tatlans\u00e1g miatt halt meg. Egy m\u00e1sik hozz\u00e1tartoz\u00f3 azt \u00e1ll\u00edtja, f\u00e9lrevezett\u00e9k \u00e9desanyja \u00e1llapot\u00e1r\u00f3l, m\u00edg egy harmadik csal\u00e1d a k\u00f3rh\u00e1zi z\u00e1r\u00f3jelent\u00e9sb\u0151l k\u00f6vetkeztetett arra, hogy az id\u0151s asszony felfekv\u00e9sben vesztette \u00e9let\u00e9t.<br \/>\nDe vajon mi t\u00f6rt\u00e9nt azzal az asszonnyal, akinek \u00e1llapota hirtelen romlani kezdett, \u00e9s aki v\u00e9g\u00fcl s\u00falyos kisz\u00e1rad\u00e1ssal ker\u00fclt k\u00f3rh\u00e1zba?<br \/>\nKIDER\u00dcLTEK A LEGMEGR\u00c1Z\u00d3BB R\u00c9SZLETEK!<\/h3>\n<h3><span style=\"color: #ff0000;\"><strong>A h\u00edr nem \u00e9rt v\u00e9get! Folytat\u00e1shoz haszn\u00e1ld a K\u00d6VETKEZ\u0150 OLDAL gombot!<\/strong><\/span><\/h3>\n<p><!--nextpage--><\/p>\n<h3>A 68 \u00e9ves Zsuzsa 2018-ban k\u00f6lt\u00f6z\u00f6tt be az otthonba, \u00e9s eleinte j\u00f3l \u00e9rezte mag\u00e1t. Fia szinte minden nap megl\u00e1togatta, \u00edgy testk\u00f6zelb\u0151l l\u00e1tta a v\u00e1ltoz\u00e1sokat. Elmond\u00e1sa szerint november k\u00f6rny\u00e9k\u00e9n minden megv\u00e1ltozott: a szem\u00e9lyzet cser\u00e9l\u0151d\u00f6tt, a gondoz\u00e1s sz\u00ednvonala pedig dr\u00e1maian romlott.<br \/>\nA f\u00e9rfi szerint \u00e9desanyj\u00e1t gyakran nem f\u00fcrdett\u00e9k meg, napokig nem tett\u00e9k tiszt\u00e1ba, \u00e9s amikor m\u00e1r nem tudott \u00f6n\u00e1ll\u00f3an enni, akkor sem etett\u00e9k meg. El\u0151fordult, hogy az \u00e9telt \u00e9rintetlen\u00fcl vitt\u00e9k el el\u0151le, mintha senkinek sem t\u0171nt volna fel, hogy seg\u00edts\u00e9gre szorul.<br \/>\nV\u00e9g\u00fcl m\u00e1rcius v\u00e9g\u00e9n ment\u0151 vitte k\u00f3rh\u00e1zba \u2013 \u00e9letvesz\u00e9lyes \u00e1llapotban. De mit tal\u00e1ltak az orvosok, amikor megvizsg\u00e1lt\u00e1k?<br \/>\nEZ D\u00d6BBENETES! MUTATJUK!<\/h3>\n<h3><span style=\"color: #ff0000;\"><strong>A h\u00edr nem \u00e9rt v\u00e9get! Folytat\u00e1shoz haszn\u00e1ld a K\u00d6VETKEZ\u0150 OLDAL gombot!<\/strong><\/span><\/h3>\n<p><!--nextpage--><\/p>\n<h3>A k\u00f3rh\u00e1zban d\u00f6bbenetes \u00e1llapotban vett\u00e9k \u00e1t az id\u0151s asszonyt. S\u00falyosan kisz\u00e1radt volt, \u00e9s teny\u00e9rnyi, csontig hatol\u00f3 felfekv\u00e9ssel \u00e9rkezett. Ez a szakemberek szerint arra utal, hogy hossz\u00fa ideig nem forgatt\u00e1k, nem kezelt\u00e9k a seb\u00e9t, \u00e9s nem kapott elegend\u0151 folyad\u00e9kot.<br \/>\nA csal\u00e1d besz\u00e1mol\u00f3ja szerint az egyik n\u0151v\u00e9r azt mondta: h\u00e1rom \u00e9vtizedes p\u00e1lyafut\u00e1sa alatt ritk\u00e1n l\u00e1tott ilyen elhanyagolt sebet. A f\u00e9rfi azt is \u00e1ll\u00edtja, hogy h\u00f3napokig nem tudott orvossal besz\u00e9lni az otthonban, \u00e9s amikor r\u00e1k\u00e9rdezett, h\u00edvtak-e orvost, azt a v\u00e1laszt kapta: \u201edehogy\u201d. K\u00f6zben viszont ked\u00e9lyjav\u00edt\u00f3 gy\u00f3gyszereket adtak az asszonynak, pedig kor\u00e1bban nem volt pszich\u00e9s probl\u00e9m\u00e1ja.<br \/>\nA csal\u00e1d szerint a k\u00e9rd\u00e9s m\u00e1r nem az, hogy romlott-e az ell\u00e1t\u00e1s, hanem az: h\u00e1ny id\u0151s ember sorsa pecs\u00e9tel\u0151dhetett meg csendben, \u00e9s h\u00e1nyan lehettek m\u00e9g, akik ell\u00e1t\u00e1s n\u00e9lk\u00fcl, \u00e9hen vagy szomjan ha\/tak meg\u2026<\/h3>\n<p>VIA Borsonline<\/p>\n","protected":false},"excerpt":{"rendered":"<p>\u00dajabb megr\u00e1z\u00f3 t\u00f6rt\u00e9netek ker\u00fcltek napvil\u00e1gra a Pesti id\u0151sotthonr\u00f3l. Egy 73 \u00e9vesen elhunyt f\u00e9rfi \u00f6zvegye nem kertel: szerinte f\u00e9rje nem a betegs\u00e9g, hanem az ell\u00e1tatlans\u00e1g miatt halt meg. Egy m\u00e1sik hozz\u00e1tartoz\u00f3 azt \u00e1ll\u00edtja,&#8230;<\/p>\n","protected":false},"author":1,"featured_media":10886,"comment_status":"open","ping_status":"open","sticky":false,"template":"","format":"standard","meta":{"footnotes":""},"categories":[2],"tags":[],"class_list":["post-10885","post","type-post","status-publish","format-standard","has-post-thumbnail","hentry","category-altalanos"],"aioseo_notices":[],"_links":{"self":[{"href":"https:\/\/online-filmkatarzis.com\/kucko\/wp-json\/wp\/v2\/posts\/10885","targetHints":{"allow":["GET"]}}],"collection":[{"href":"https:\/\/online-filmkatarzis.com\/kucko\/wp-json\/wp\/v2\/posts"}],"about":[{"href":"https:\/\/online-filmkatarzis.com\/kucko\/wp-json\/wp\/v2\/types\/post"}],"author":[{"embeddable":true,"href":"https:\/\/online-filmkatarzis.com\/kucko\/wp-json\/wp\/v2\/users\/1"}],"replies":[{"embeddable":true,"href":"https:\/\/online-filmkatarzis.com\/kucko\/wp-json\/wp\/v2\/comments?post=10885"}],"version-history":[{"count":1,"href":"https:\/\/online-filmkatarzis.com\/kucko\/wp-json\/wp\/v2\/posts\/10885\/revisions"}],"predecessor-version":[{"id":10887,"href":"https:\/\/online-filmkatarzis.com\/kucko\/wp-json\/wp\/v2\/posts\/10885\/revisions\/10887"}],"wp:featuredmedia":[{"embeddable":true,"href":"https:\/\/online-filmkatarzis.com\/kucko\/wp-json\/wp\/v2\/media\/10886"}],"wp:attachment":[{"href":"https:\/\/online-filmkatarzis.com\/kucko\/wp-json\/wp\/v2\/media?parent=10885"}],"wp:term":[{"taxonomy":"category","embeddable":true,"href":"https:\/\/online-filmkatarzis.com\/kucko\/wp-json\/wp\/v2\/categories?post=10885"},{"taxonomy":"post_tag","embeddable":true,"href":"https:\/\/online-filmkatarzis.com\/kucko\/wp-json\/wp\/v2\/tags?post=10885"}],"curies":[{"name":"wp","href":"https:\/\/api.w.org\/{rel}","templated":true}]}}