{"id":10954,"date":"2026-04-02T18:51:04","date_gmt":"2026-04-02T16:51:04","guid":{"rendered":"https:\/\/online-filmkatarzis.com\/kucko\/?p=10954"},"modified":"2026-04-03T09:55:49","modified_gmt":"2026-04-03T07:55:49","slug":"dobbenetes-dolgokat-vallott-be-orban-viktor","status":"publish","type":"post","link":"https:\/\/online-filmkatarzis.com\/kucko\/dobbenetes-dolgokat-vallott-be-orban-viktor\/","title":{"rendered":"D\u00f6bbenetes dolgokat vallott be Orb\u00e1n Viktor!"},"content":{"rendered":"<h3>M\u00e1r az interj\u00fa felvezet\u00e9se is szokatlanul indult: nem st\u00fadi\u00f3ban, hanem a minisztereln\u00f6k otthon\u00e1ban forgott a besz\u00e9lget\u00e9s, ahol a m\u0171sorvezet\u0151 \u201ebek\u00f6lt\u00f6z\u00f6tt\u201d egy est\u00e9re. A felvezet\u0151 k\u00e9psorokban esk\u00fcv\u0151i fot\u00f3kat n\u00e9zegettek, mik\u00f6zben a korm\u00e1nyf\u0151 arr\u00f3l besz\u00e9lt, hogy szerencs\u00e9snek \u00e9rzi mag\u00e1t a mag\u00e1n\u00e9let\u00e9ben \u00e9s a p\u00e1ly\u00e1j\u00e1n is. A l\u00e1tsz\u00f3lag k\u00f6nnyed hangulat azonban gyorsan komolyabb t\u00e9m\u00e1k fel\u00e9 fordult, amikor el\u0151ker\u00fcltek r\u00e9gi politikai konfliktusok \u00e9s szem\u00e9lyes t\u00f6r\u00e9sek. ()<br \/>\nA besz\u00e9lget\u00e9s k\u00fcl\u00f6nlegess\u00e9ge m\u00e1r \u00f6nmag\u00e1ban is figyelmet keltett, hiszen ez\u00fattal a m\u0171sorvezet\u0151 l\u00e1togatott el a politikushoz, nem ford\u00edtva, ami ritka form\u00e1tumv\u00e1lt\u00e1snak sz\u00e1m\u00edt a m\u0171sor t\u00f6rt\u00e9net\u00e9ben.<br \/>\nMUTATJUK A R\u00c9SZLETEKET!<\/h3>\n<h3><span style=\"color: #ff0000;\"><strong>A h\u00edr nem \u00e9rt v\u00e9get! Folytat\u00e1shoz haszn\u00e1ld a K\u00d6VETKEZ\u0150 OLDAL gombot!<\/strong><\/span><\/h3>\n<p><!--nextpage--><\/p>\n<h3>A hangulat akkor v\u00e1lt igaz\u00e1n komolly\u00e1, amikor sz\u00f3ba ker\u00fclt egykori sz\u00f6vets\u00e9gese, Simicska Lajos. A minisztereln\u00f6k elmondta, hogy m\u00e1r kor\u00e1bban is \u00e9rezte: a kapcsolatuk nem tarthat \u00f6r\u00f6kk\u00e9, \u00e9s \u201el\u00e1tta, hogy ebb\u0151l baj lesz\u201d, ami v\u00e9g\u00fcl l\u00e1tv\u00e1nyos szak\u00edt\u00e1shoz vezetett.<br \/>\nA besz\u00e9lget\u00e9s sor\u00e1n felid\u00e9zt\u00e9k a politikai konfliktusok id\u0151szak\u00e1t, \u00e9s azt is, hogy egyes kulcsfontoss\u00e1g\u00fa esem\u00e9nyekn\u00e9l m\u00e1r el\u0151re lehetett sejteni a t\u00f6r\u00e9st. Ez a visszaeml\u00e9kez\u00e9s komolyabb, szem\u00e9lyesebb t\u00f3nust adott az interj\u00fanak, mik\u00f6zben a n\u00e9z\u0151k sz\u00e1m\u00e1ra egyre t\u00f6bb kulisszatitok t\u00e1rult fel. A k\u00f6nnyed nosztalgia \u00edgy fokozatosan \u00e1talakult politikai dr\u00e1m\u00e1v\u00e1.<br \/>\nEKKOR \u00c9RKEZETEK A LEGKEM\u00c9NYEB K\u00c9RD\u00c9SEK! MUTATJUK!<\/h3>\n<h3><span style=\"color: #ff0000;\"><strong>A h\u00edr nem \u00e9rt v\u00e9get! Folytat\u00e1shoz haszn\u00e1ld a K\u00d6VETKEZ\u0150 OLDAL gombot!<\/strong><\/span><\/h3>\n<p><!--nextpage--><\/p>\n<h3>A besz\u00e9lget\u00e9s v\u00e9g\u00e9re m\u00e1r a jelen \u00e9s a j\u00f6v\u0151 k\u00e9rd\u00e9sei ker\u00fcltek el\u0151t\u00e9rbe. Az el\u0151zetesek alapj\u00e1n sz\u00f3ba ker\u00fcltek a v\u00e1laszt\u00e1si es\u00e9lyek, a br\u00fcsszeli vit\u00e1k \u00e9s m\u00e9g olyan \u00e9les felvet\u00e9sek is, mint hogy \u201eMatolcsy\u00e9k hogyhogy nincsenek m\u00e9g b\u00f6rt\u00f6nben?\u201d, ami k\u00fcl\u00f6n\u00f6sen fesz\u00fcltt\u00e9 tette a hangulatot. ()<br \/>\nA m\u0171sor \u00edgy a szem\u00e9lyes eml\u00e9kekt\u0151l a politikai \u00fczenetekig \u00edvelt, \u00e9s a v\u00e9g\u00e9re egy\u00e9rtelm\u0171v\u00e9 v\u00e1lt: az interj\u00fa nem csup\u00e1n egy laza besz\u00e9lget\u00e9s volt, hanem egy tudatosan fel\u00e9p\u00edtett, egyre nagyobb fesz\u00fclts\u00e9get gener\u00e1l\u00f3 vallom\u00e1ssorozat. A kulissz\u00e1k m\u00f6g\u00e9 engedett betekint\u00e9s, a r\u00e9gi konfliktusok felid\u00e9z\u00e9se \u00e9s a kem\u00e9ny k\u00e9rd\u00e9sek egy\u00fctt tett\u00e9k igaz\u00e1n szenz\u00e1ci\u00f3v\u00e1 az epiz\u00f3dot \u2013 olyann\u00e1, amelyr\u0151l m\u00e9g sok\u00e1ig besz\u00e9lhet a k\u00f6zv\u00e9lem\u00e9ny.<\/h3>\n<p>VIA YT<\/p>\n","protected":false},"excerpt":{"rendered":"<p>M\u00e1r az interj\u00fa felvezet\u00e9se is szokatlanul indult: nem st\u00fadi\u00f3ban, hanem a minisztereln\u00f6k otthon\u00e1ban forgott a besz\u00e9lget\u00e9s, ahol a m\u0171sorvezet\u0151 \u201ebek\u00f6lt\u00f6z\u00f6tt\u201d egy est\u00e9re. A felvezet\u0151 k\u00e9psorokban esk\u00fcv\u0151i fot\u00f3kat n\u00e9zegettek, mik\u00f6zben a korm\u00e1nyf\u0151 arr\u00f3l&#8230;<\/p>\n","protected":false},"author":1,"featured_media":10955,"comment_status":"open","ping_status":"open","sticky":false,"template":"","format":"standard","meta":{"footnotes":""},"categories":[1],"tags":[],"class_list":["post-10954","post","type-post","status-publish","format-standard","has-post-thumbnail","hentry","category-egyeb"],"aioseo_notices":[],"_links":{"self":[{"href":"https:\/\/online-filmkatarzis.com\/kucko\/wp-json\/wp\/v2\/posts\/10954","targetHints":{"allow":["GET"]}}],"collection":[{"href":"https:\/\/online-filmkatarzis.com\/kucko\/wp-json\/wp\/v2\/posts"}],"about":[{"href":"https:\/\/online-filmkatarzis.com\/kucko\/wp-json\/wp\/v2\/types\/post"}],"author":[{"embeddable":true,"href":"https:\/\/online-filmkatarzis.com\/kucko\/wp-json\/wp\/v2\/users\/1"}],"replies":[{"embeddable":true,"href":"https:\/\/online-filmkatarzis.com\/kucko\/wp-json\/wp\/v2\/comments?post=10954"}],"version-history":[{"count":4,"href":"https:\/\/online-filmkatarzis.com\/kucko\/wp-json\/wp\/v2\/posts\/10954\/revisions"}],"predecessor-version":[{"id":10969,"href":"https:\/\/online-filmkatarzis.com\/kucko\/wp-json\/wp\/v2\/posts\/10954\/revisions\/10969"}],"wp:featuredmedia":[{"embeddable":true,"href":"https:\/\/online-filmkatarzis.com\/kucko\/wp-json\/wp\/v2\/media\/10955"}],"wp:attachment":[{"href":"https:\/\/online-filmkatarzis.com\/kucko\/wp-json\/wp\/v2\/media?parent=10954"}],"wp:term":[{"taxonomy":"category","embeddable":true,"href":"https:\/\/online-filmkatarzis.com\/kucko\/wp-json\/wp\/v2\/categories?post=10954"},{"taxonomy":"post_tag","embeddable":true,"href":"https:\/\/online-filmkatarzis.com\/kucko\/wp-json\/wp\/v2\/tags?post=10954"}],"curies":[{"name":"wp","href":"https:\/\/api.w.org\/{rel}","templated":true}]}}