{"id":11011,"date":"2026-04-04T19:04:28","date_gmt":"2026-04-04T17:04:28","guid":{"rendered":"https:\/\/online-filmkatarzis.com\/kucko\/?p=11011"},"modified":"2026-04-04T19:05:50","modified_gmt":"2026-04-04T17:05:50","slug":"dramai-uzenetet-orban-viktortol","status":"publish","type":"post","link":"https:\/\/online-filmkatarzis.com\/kucko\/dramai-uzenetet-orban-viktortol\/","title":{"rendered":"Dr\u00e1mai \u00fczenetet Orb\u00e1n Viktort\u00f3l"},"content":{"rendered":"<h3>V\u00e1ratlan vide\u00f3val jelentkezett Orb\u00e1n Viktor, \u00e9s m\u00e1r az els\u0151 mondatai is komoly aggodalmat keltettek. A minisztereln\u00f6k szerint a k\u00f6zel-keleti konfliktus hat\u00e1sai vill\u00e1mgyorsan begy\u0171r\u0171zhetnek Eur\u00f3p\u00e1ba, \u00e9s ezzel egy\u00fctt Magyarorsz\u00e1got is el\u00e9rheti egy s\u00falyos energiav\u00e1ls\u00e1g. A korm\u00e1nyf\u0151 \u00fagy fogalmazott: a helyzet napr\u00f3l napra romlik, \u00e9s az energiahi\u00e1ny \u00e1rrobban\u00e1st ind\u00edthat el. H\u00fasv\u00e9ti k\u00e9sz\u00fcl\u0151d\u00e9s ide vagy oda, Orb\u00e1n Viktor m\u00e9g szombaton is egyeztetett szlov\u00e1k koll\u00e9g\u00e1j\u00e1val, mert \u2013 mint mondta \u2013 \u201eminden nap sz\u00e1m\u00edt\u201d. A t\u00e9t szerinte nem kisebb, mint az eur\u00f3pai gazdas\u00e1g stabilit\u00e1sa.<br \/>\nA NYUGD\u00cdJASOKNAK IS KEM\u00c9NYEN \u00dcZENT! MUTATJUK!<\/h3>\n<h3><span style=\"color: #ff0000;\"><strong>A h\u00edr nem \u00e9rt v\u00e9get! Folytat\u00e1shoz haszn\u00e1ld a K\u00d6VETKEZ\u0150 OLDAL gombot!<\/strong><\/span><\/h3>\n<p><!--nextpage--><\/p>\n<h3>A minisztereln\u00f6k szerint az egyetlen ki\u00fat az, ha Eur\u00f3pa azonnal cselekszik, \u00e9s minden el\u00e9rhet\u0151 forr\u00e1sb\u00f3l felt\u00f6lti az olaj- \u00e9s g\u00e1zk\u00e9szleteket. Orb\u00e1n Viktor hangs\u00falyozta: a magyar \u00e9s a szlov\u00e1k korm\u00e1ny k\u00f6z\u00f6sen k\u00f6veteli, hogy az Eur\u00f3pai Uni\u00f3 halad\u00e9ktalanul f\u00fcggessze fel az orosz energi\u00e1ra vonatkoz\u00f3 szankci\u00f3kat. Emellett azt is s\u00fcrgette, hogy az ukr\u00e1n vezet\u00e9s nyissa meg \u00fajra a Bar\u00e1ts\u00e1g k\u0151olajvezet\u00e9ket. A korm\u00e1nyf\u0151 szerint a dr\u00e1g\u00e1bb energiapolitik\u00e1ra val\u00f3 \u00e1t\u00e1ll\u00e1s komoly terhet r\u00f3na a csal\u00e1dokra, ez\u00e9rt az ilyen terveket szerinte el kell vetni. \u201eMagyarorsz\u00e1gnak stabilit\u00e1sra \u00e9s biztons\u00e1gra van sz\u00fcks\u00e9ge\u201d \u2013 fogalmazott, mik\u00f6zben egyre \u00e9rezhet\u0151bb lett az \u00fczenet s\u00falya.<br \/>\n\u00c9S EZ M\u00c9G SEMMI! NYUGD\u00cdJASOK FIGYELEM! MUTATJUK!<\/h3>\n<h3><span style=\"color: #ff0000;\"><strong>A h\u00edr nem \u00e9rt v\u00e9get! Folytat\u00e1shoz haszn\u00e1ld a K\u00d6VETKEZ\u0150 OLDAL gombot!<\/strong><\/span><\/h3>\n<p><!--nextpage--><\/p>\n<h3>A figyelmeztet\u00e9s k\u00fcl\u00f6n\u00f6sen aggaszt\u00f3 lehet a nyugd\u00edjasok sz\u00e1m\u00e1ra. Egy esetleges energiav\u00e1ls\u00e1g ugyanis legink\u00e1bb azokat \u00e9rinti, akik fix j\u00f6vedelemb\u0151l \u00e9lnek, \u00e9s minden forintot be kell osztaniuk. Ha n\u0151nek a rezsik\u00f6lts\u00e9gek, az az id\u0151sek k\u00f6lts\u00e9gvet\u00e9s\u00e9ben azonnal \u00e9rezhet\u0151 lehet: kevesebb maradhat gy\u00f3gyszerekre, \u00e9lelmiszerre, vagy ak\u00e1r a mindennapi kiad\u00e1sokra. A minisztereln\u00f6k szavai m\u00f6g\u00f6tt \u00edgy sokan azt a f\u00e9lelmet l\u00e1tj\u00e1k, hogy a nyugd\u00edjasok ker\u00fclhetnek a legnehezebb helyzetbe, ha az energia\u00e1rak elszabadulnak. A t\u00e9t teh\u00e1t nem csup\u00e1n gazdas\u00e1gi k\u00e9rd\u00e9s \u2013 hanem sz\u00e1zezrek meg\u00e9lhet\u00e9se. A fesz\u00fclts\u00e9g n\u0151, a k\u00e9rd\u00e9s pedig egyre s\u00fcrget\u0151bb: siker\u00fcl-e id\u0151ben elker\u00fclni a legrosszabbat?<\/h3>\n<p>VIA Index \/ FB<\/p>\n","protected":false},"excerpt":{"rendered":"<p>V\u00e1ratlan vide\u00f3val jelentkezett Orb\u00e1n Viktor, \u00e9s m\u00e1r az els\u0151 mondatai is komoly aggodalmat keltettek. A minisztereln\u00f6k szerint a k\u00f6zel-keleti konfliktus hat\u00e1sai vill\u00e1mgyorsan begy\u0171r\u0171zhetnek Eur\u00f3p\u00e1ba, \u00e9s ezzel egy\u00fctt Magyarorsz\u00e1got is el\u00e9rheti egy s\u00falyos&#8230;<\/p>\n","protected":false},"author":1,"featured_media":11012,"comment_status":"open","ping_status":"open","sticky":false,"template":"","format":"standard","meta":{"footnotes":""},"categories":[2],"tags":[],"class_list":["post-11011","post","type-post","status-publish","format-standard","has-post-thumbnail","hentry","category-altalanos"],"aioseo_notices":[],"_links":{"self":[{"href":"https:\/\/online-filmkatarzis.com\/kucko\/wp-json\/wp\/v2\/posts\/11011","targetHints":{"allow":["GET"]}}],"collection":[{"href":"https:\/\/online-filmkatarzis.com\/kucko\/wp-json\/wp\/v2\/posts"}],"about":[{"href":"https:\/\/online-filmkatarzis.com\/kucko\/wp-json\/wp\/v2\/types\/post"}],"author":[{"embeddable":true,"href":"https:\/\/online-filmkatarzis.com\/kucko\/wp-json\/wp\/v2\/users\/1"}],"replies":[{"embeddable":true,"href":"https:\/\/online-filmkatarzis.com\/kucko\/wp-json\/wp\/v2\/comments?post=11011"}],"version-history":[{"count":2,"href":"https:\/\/online-filmkatarzis.com\/kucko\/wp-json\/wp\/v2\/posts\/11011\/revisions"}],"predecessor-version":[{"id":11014,"href":"https:\/\/online-filmkatarzis.com\/kucko\/wp-json\/wp\/v2\/posts\/11011\/revisions\/11014"}],"wp:featuredmedia":[{"embeddable":true,"href":"https:\/\/online-filmkatarzis.com\/kucko\/wp-json\/wp\/v2\/media\/11012"}],"wp:attachment":[{"href":"https:\/\/online-filmkatarzis.com\/kucko\/wp-json\/wp\/v2\/media?parent=11011"}],"wp:term":[{"taxonomy":"category","embeddable":true,"href":"https:\/\/online-filmkatarzis.com\/kucko\/wp-json\/wp\/v2\/categories?post=11011"},{"taxonomy":"post_tag","embeddable":true,"href":"https:\/\/online-filmkatarzis.com\/kucko\/wp-json\/wp\/v2\/tags?post=11011"}],"curies":[{"name":"wp","href":"https:\/\/api.w.org\/{rel}","templated":true}]}}