{"id":11015,"date":"2026-04-04T20:13:31","date_gmt":"2026-04-04T18:13:31","guid":{"rendered":"https:\/\/online-filmkatarzis.com\/kucko\/?p=11015"},"modified":"2026-04-04T20:13:31","modified_gmt":"2026-04-04T18:13:31","slug":"lebuktattak-rubint-rekat","status":"publish","type":"post","link":"https:\/\/online-filmkatarzis.com\/kucko\/lebuktattak-rubint-rekat\/","title":{"rendered":"Lebuktatt\u00e1k Rubint R\u00e9k\u00e1t!"},"content":{"rendered":"<h3>Rubint R\u00e9ka megr\u00e1z\u00f3 vallom\u00e1ssal sokkolta a nyilv\u00e1noss\u00e1got: kider\u00fclt, hogy \u00e9vek \u00f3ta rosszindulat\u00fa daganattal k\u00fczd. A fitneszikon a TV2 Napl\u00f3 ad\u00e1s\u00e1ban t\u00f6rte meg a csendet, \u00e9s elmondta, hogy a 2022-es Dancing with the Stars ut\u00e1n, k\u00f6zel n\u00e9gy \u00e9ve k\u00f6z\u00f6lt\u00e9k vele a les\u00fajt\u00f3 diagn\u00f3zist. A tr\u00e9ner eddig sz\u00e1nd\u00e9kosan titkolta a betegs\u00e9g\u00e9t, mert nem akarta, hogy egy\u00fctt\u00e9rz\u00e9s vagy sajn\u00e1lat vegye k\u00f6r\u00fcl \u2013 minden erej\u00e9vel a t\u00fal\u00e9l\u00e9sre \u00e9s a gy\u00f3gyul\u00e1sra koncentr\u00e1lt. A kezel\u00e9sek azonban brut\u00e1lis k\u00f6vetkezm\u00e9nyekkel j\u00e1rtak: elvesz\u00edtette a haj\u00e1t, ez\u00e9rt hossz\u00fa ideig par\u00f3k\u00e1val pr\u00f3b\u00e1lta leplezni a t\u00f6rt\u00e9nteket. A m\u0171sorban v\u00e9g\u00fcl dr\u00e1mai pillanatban megszabadult t\u0151le, \u00e9s ezzel minden titokra f\u00e9ny der\u00fclt.<br \/>\nV\u00c1RATLAN FORDULAT T\u00d6RT\u00c9NT! MUTATJUK A R\u00c9SZLETEKET!<\/h3>\n<h3><span style=\"color: #ff0000;\"><strong>A h\u00edr nem \u00e9rt v\u00e9get! Folytat\u00e1shoz haszn\u00e1ld a K\u00d6VETKEZ\u0150 OLDAL gombot!<\/strong><\/span><\/h3>\n<h3 style=\"text-align: right;\"><a href=\"https:\/\/online-filmkatarzis.com\/kucko\/hirek\/lebuktattak-rubint-rekat\/\" target=\"_blank\" rel=\"noopener\"><span style=\"color: #ff0000;\">&#8212;&gt;&gt; K\u00d6VETKEZ\u0150 OLDAL<\/span><\/a><\/h3>\n","protected":false},"excerpt":{"rendered":"<p>Rubint R\u00e9ka megr\u00e1z\u00f3 vallom\u00e1ssal sokkolta a nyilv\u00e1noss\u00e1got: kider\u00fclt, hogy \u00e9vek \u00f3ta rosszindulat\u00fa daganattal k\u00fczd. A fitneszikon a TV2 Napl\u00f3 ad\u00e1s\u00e1ban t\u00f6rte meg a csendet, \u00e9s elmondta, hogy a 2022-es Dancing with the&#8230;<\/p>\n","protected":false},"author":1,"featured_media":11016,"comment_status":"open","ping_status":"open","sticky":false,"template":"","format":"standard","meta":{"footnotes":""},"categories":[2],"tags":[],"class_list":["post-11015","post","type-post","status-publish","format-standard","has-post-thumbnail","hentry","category-altalanos"],"aioseo_notices":[],"_links":{"self":[{"href":"https:\/\/online-filmkatarzis.com\/kucko\/wp-json\/wp\/v2\/posts\/11015","targetHints":{"allow":["GET"]}}],"collection":[{"href":"https:\/\/online-filmkatarzis.com\/kucko\/wp-json\/wp\/v2\/posts"}],"about":[{"href":"https:\/\/online-filmkatarzis.com\/kucko\/wp-json\/wp\/v2\/types\/post"}],"author":[{"embeddable":true,"href":"https:\/\/online-filmkatarzis.com\/kucko\/wp-json\/wp\/v2\/users\/1"}],"replies":[{"embeddable":true,"href":"https:\/\/online-filmkatarzis.com\/kucko\/wp-json\/wp\/v2\/comments?post=11015"}],"version-history":[{"count":1,"href":"https:\/\/online-filmkatarzis.com\/kucko\/wp-json\/wp\/v2\/posts\/11015\/revisions"}],"predecessor-version":[{"id":11017,"href":"https:\/\/online-filmkatarzis.com\/kucko\/wp-json\/wp\/v2\/posts\/11015\/revisions\/11017"}],"wp:featuredmedia":[{"embeddable":true,"href":"https:\/\/online-filmkatarzis.com\/kucko\/wp-json\/wp\/v2\/media\/11016"}],"wp:attachment":[{"href":"https:\/\/online-filmkatarzis.com\/kucko\/wp-json\/wp\/v2\/media?parent=11015"}],"wp:term":[{"taxonomy":"category","embeddable":true,"href":"https:\/\/online-filmkatarzis.com\/kucko\/wp-json\/wp\/v2\/categories?post=11015"},{"taxonomy":"post_tag","embeddable":true,"href":"https:\/\/online-filmkatarzis.com\/kucko\/wp-json\/wp\/v2\/tags?post=11015"}],"curies":[{"name":"wp","href":"https:\/\/api.w.org\/{rel}","templated":true}]}}