{"id":11027,"date":"2026-04-05T18:31:37","date_gmt":"2026-04-05T16:31:37","guid":{"rendered":"https:\/\/online-filmkatarzis.com\/kucko\/?p=11027"},"modified":"2026-04-26T12:37:41","modified_gmt":"2026-04-26T10:37:41","slug":"almaban-halt-meg-olah-ibolya","status":"publish","type":"post","link":"https:\/\/online-filmkatarzis.com\/kucko\/almaban-halt-meg-olah-ibolya\/","title":{"rendered":"\u00c1lm\u00e1ban halt meg Ol\u00e1h Ibolya"},"content":{"rendered":"<h3>Ol\u00e1h Ibolya \u00e9lete sok neh\u00e9zs\u00e9ggel indult: gyermekkor\u00e1t \u00e1llami gondoz\u00e1sban t\u00f6lt\u00f6tte, nevel\u0151otthonokban n\u0151tt fel, \u00e9s sok\u00e1ig bizonytalan h\u00e1tt\u00e9rrel kellett boldogulnia. A sz\u00e9lesebb k\u00f6z\u00f6ns\u00e9g a Megaszt\u00e1r els\u0151 \u00e9vad\u00e1ban ismerte meg, ahol k\u00fcl\u00f6nleges hangja \u00e9s karizmatikus szem\u00e9lyis\u00e9ge miatt hamar n\u00e9pszer\u0171 lett. P\u00e1lyafut\u00e1sa sor\u00e1n azonban t\u00f6bbsz\u00f6r besz\u00e9lt arr\u00f3l, hogy a hirtelen j\u00f6tt h\u00edrn\u00e9v, a mag\u00e1n\u00e9leti probl\u00e9m\u00e1k \u00e9s a lelki terhek megviselt\u00e9k. Ny\u00edltan v\u00e1llalta identit\u00e1s\u00e1t \u00e9s szem\u00e9lyes k\u00fczdelmeit is, ami egyszerre hozott sz\u00e1m\u00e1ra t\u00e1mogat\u00e1st \u00e9s kritik\u00e1t, de hozz\u00e1j\u00e1rult ahhoz, hogy sokan hiteles, \u0151szinte el\u0151ad\u00f3k\u00e9nt tekintsenek r\u00e1.<br \/>\n\u00c9PP H\u00daSV\u00c9TKOR D\u00d6BBENETES INFORM\u00c1CI\u00d3L\u00c1TOTT NAPVIL\u00c1GOT! MUTATJUK!<\/h3>\n<h3><span style=\"color: #ff0000;\"><strong>A h\u00edr nem \u00e9rt v\u00e9get! Folytat\u00e1shoz haszn\u00e1ld a K\u00d6VETKEZ\u0150 OLDAL gombot!<\/strong><\/span><\/h3>\n<h3 style=\"text-align: right;\"><a href=\"https:\/\/online-filmkatarzis.com\/kucko\/hirek\/almaban-halt-meg-olah-ibolya\/\" target=\"_blank\" rel=\"noopener\"><span style=\"color: #ff0000;\">&#8212;&gt;&gt; K\u00d6VETKEZ\u0150 OLDAL<\/span><\/a><\/h3>\n","protected":false},"excerpt":{"rendered":"<p>Ol\u00e1h Ibolya \u00e9lete sok neh\u00e9zs\u00e9ggel indult: gyermekkor\u00e1t \u00e1llami gondoz\u00e1sban t\u00f6lt\u00f6tte, nevel\u0151otthonokban n\u0151tt fel, \u00e9s sok\u00e1ig bizonytalan h\u00e1tt\u00e9rrel kellett boldogulnia. A sz\u00e9lesebb k\u00f6z\u00f6ns\u00e9g a Megaszt\u00e1r els\u0151 \u00e9vad\u00e1ban ismerte meg, ahol k\u00fcl\u00f6nleges hangja \u00e9s&#8230;<\/p>\n","protected":false},"author":1,"featured_media":11028,"comment_status":"open","ping_status":"open","sticky":false,"template":"","format":"standard","meta":{"footnotes":""},"categories":[2],"tags":[],"class_list":["post-11027","post","type-post","status-publish","format-standard","has-post-thumbnail","hentry","category-altalanos"],"aioseo_notices":[],"_links":{"self":[{"href":"https:\/\/online-filmkatarzis.com\/kucko\/wp-json\/wp\/v2\/posts\/11027","targetHints":{"allow":["GET"]}}],"collection":[{"href":"https:\/\/online-filmkatarzis.com\/kucko\/wp-json\/wp\/v2\/posts"}],"about":[{"href":"https:\/\/online-filmkatarzis.com\/kucko\/wp-json\/wp\/v2\/types\/post"}],"author":[{"embeddable":true,"href":"https:\/\/online-filmkatarzis.com\/kucko\/wp-json\/wp\/v2\/users\/1"}],"replies":[{"embeddable":true,"href":"https:\/\/online-filmkatarzis.com\/kucko\/wp-json\/wp\/v2\/comments?post=11027"}],"version-history":[{"count":5,"href":"https:\/\/online-filmkatarzis.com\/kucko\/wp-json\/wp\/v2\/posts\/11027\/revisions"}],"predecessor-version":[{"id":11415,"href":"https:\/\/online-filmkatarzis.com\/kucko\/wp-json\/wp\/v2\/posts\/11027\/revisions\/11415"}],"wp:featuredmedia":[{"embeddable":true,"href":"https:\/\/online-filmkatarzis.com\/kucko\/wp-json\/wp\/v2\/media\/11028"}],"wp:attachment":[{"href":"https:\/\/online-filmkatarzis.com\/kucko\/wp-json\/wp\/v2\/media?parent=11027"}],"wp:term":[{"taxonomy":"category","embeddable":true,"href":"https:\/\/online-filmkatarzis.com\/kucko\/wp-json\/wp\/v2\/categories?post=11027"},{"taxonomy":"post_tag","embeddable":true,"href":"https:\/\/online-filmkatarzis.com\/kucko\/wp-json\/wp\/v2\/tags?post=11027"}],"curies":[{"name":"wp","href":"https:\/\/api.w.org\/{rel}","templated":true}]}}