{"id":11050,"date":"2026-04-06T08:22:47","date_gmt":"2026-04-06T06:22:47","guid":{"rendered":"https:\/\/online-filmkatarzis.com\/kucko\/?p=11050"},"modified":"2026-04-06T14:01:35","modified_gmt":"2026-04-06T12:01:35","slug":"orban-viktor-husvethetfo-reggeli-dramaja","status":"publish","type":"post","link":"https:\/\/online-filmkatarzis.com\/kucko\/orban-viktor-husvethetfo-reggeli-dramaja\/","title":{"rendered":"Orb\u00e1n Viktor h\u00fasv\u00e9th\u00e9tf\u0151 reggeli dr\u00e1m\u00e1ja"},"content":{"rendered":"<h3>Kiskundorozsm\u00e1ra indul a h\u00fasv\u00e9th\u00e9tf\u0151 reggel\u00e9n a magyar minisztereln\u00f6k. Orb\u00e1n Viktor a fb-n jelentette be, hogy reggel hatkor elindult, hogy ellen\u0151rizze &#8222;a g\u00e1zvezet\u00e9k magyar szakasz\u00e1t&#8221;. Alekszandr Vucsics szerb eln\u00f6k vas\u00e1rnap jelentette be, hogy a sz\/rb ha\/sereg \u00e9s rend\u0151rs\u00e9g rob\/an\u00f3szert tal\u00e1lt a T\u00f6r\u00f6k \u00c1ramlat g\u00e1zvezet\u00e9k szerbiai szakasz\u00e1n\u00e1l, k\u00f6zel a magyar hat\u00e1rhoz. MUTATJUK A R\u00c9SZLETEKET!<\/h3>\n<h3><span style=\"color: #ff0000;\"><strong>A h\u00edr nem \u00e9rt v\u00e9get! Folytat\u00e1shoz haszn\u00e1ld a K\u00d6VETKEZ\u0150 OLDAL gombot!<\/strong><\/span><\/h3>\n<p><!--nextpage--><\/p>\n<h3>\u201eH\u00fasv\u00e9th\u00e9tf\u0151, reggel 6. Szabot\u00e1zsakci\u00f3. Helyzet van. Indulunk Kiskundorozsm\u00e1ra ellen\u0151rizni a g\u00e1zvezet\u00e9k magyar szakasz\u00e1t. Hamarosan jelentkezem!\u201d \u2013 fogalmazott Orb\u00e1n Viktor reggeli FB-posztj\u00e1ban. A minisztereln\u00f6k enn\u00e9l t\u00f6bb r\u00e9szletet nem \u00e1rult el \u00fatja pontos c\u00e9lj\u00e1r\u00f3l. Nem sokkal k\u00e9s\u0151bb egy vi\/e\u00f3t is kitett a minisztereln\u00f6k, melyben elmondja, hogy locsolkod\u00e1s helyett a g\u00e1zvezet\u00e9k magyarorsz\u00e1gi bel\u00e9p\u00e9si pontj\u00e1ra megy, Kiskundorozsm\u00e1ra, ahol a katon\u00e1k elkezdt\u00e9k a j\u00e1r\u0151r\u00f6z\u00e9st, miut\u00e1n a sz\/rb oldalon fel akart\u00e1k azt ro\/bant\/ni. Egysz\u00f3val a ka\/on\u00e1kat \u00e9s a vezet\u00e9ket megy ellen\u0151rizni, \u00fajabb szabo\/\u00e1zs\/kci\u00f3 \u2013 elvileg \u2013 nem t\u00f6rt\u00e9nt. MUTATJUK A R\u00c9SZLETEKET!<\/h3>\n<h3><span style=\"color: #ff0000;\"><strong>A h\u00edr nem \u00e9rt v\u00e9get! Folytat\u00e1shoz haszn\u00e1ld a K\u00d6VETKEZ\u0150 OLDAL gombot!<\/strong><\/span><\/h3>\n<p><!--nextpage--><\/p>\n<h3>Alekszandr Vucsics sz\/rb eln\u00f6k vas\u00e1rnap jelentette be, hogy a szerb ha\/sereg \u00e9s rend\u0151rs\u00e9g rob\/an\u00f3\/zert tal\u00e1lt a T\u00f6r\u00f6k \u00c1ramlat g\u00e1zvezet\u00e9k sze\/biai szakasz\u00e1n\u00e1l, k\u00f6zel a magyar hat\u00e1rhoz. A vezet\u00e9k, amely Magyarorsz\u00e1g \u00e9s Sze\/bia g\u00e1zell\u00e1t\u00e1s\u00e1nak jelent\u0151s r\u00e9sz\u00e9t biztos\u00edtja, strat\u00e9giai fontoss\u00e1g\u00fa, \u00edgy a felfedez\u00e9s komoly aggodalmat keltett. A t\u00f6rt\u00e9ntek ut\u00e1n Magyarorsz\u00e1gon \u00f6ssze\u00fclt a v\u00e9delmi tan\u00e1cs, ahol Orb\u00e1n Viktor elrendelte, hogy a T\u00f6r\u00f6k \u00c1ramlat vezet\u00e9k magyarorsz\u00e1gi szakasz\u00e1t ka\/onai v\u00e9delem al\u00e1 kell helyezni.<\/h3>\n<p>Forr\u00e1s: MSN \/ FB<\/p>\n","protected":false},"excerpt":{"rendered":"<p>Kiskundorozsm\u00e1ra indul a h\u00fasv\u00e9th\u00e9tf\u0151 reggel\u00e9n a magyar minisztereln\u00f6k. Orb\u00e1n Viktor a fb-n jelentette be, hogy reggel hatkor elindult, hogy ellen\u0151rizze &#8222;a g\u00e1zvezet\u00e9k magyar szakasz\u00e1t&#8221;. Alekszandr Vucsics szerb eln\u00f6k vas\u00e1rnap jelentette be, hogy&#8230;<\/p>\n","protected":false},"author":1,"featured_media":11051,"comment_status":"open","ping_status":"open","sticky":false,"template":"","format":"standard","meta":{"footnotes":""},"categories":[2],"tags":[],"class_list":["post-11050","post","type-post","status-publish","format-standard","has-post-thumbnail","hentry","category-altalanos"],"aioseo_notices":[],"_links":{"self":[{"href":"https:\/\/online-filmkatarzis.com\/kucko\/wp-json\/wp\/v2\/posts\/11050","targetHints":{"allow":["GET"]}}],"collection":[{"href":"https:\/\/online-filmkatarzis.com\/kucko\/wp-json\/wp\/v2\/posts"}],"about":[{"href":"https:\/\/online-filmkatarzis.com\/kucko\/wp-json\/wp\/v2\/types\/post"}],"author":[{"embeddable":true,"href":"https:\/\/online-filmkatarzis.com\/kucko\/wp-json\/wp\/v2\/users\/1"}],"replies":[{"embeddable":true,"href":"https:\/\/online-filmkatarzis.com\/kucko\/wp-json\/wp\/v2\/comments?post=11050"}],"version-history":[{"count":2,"href":"https:\/\/online-filmkatarzis.com\/kucko\/wp-json\/wp\/v2\/posts\/11050\/revisions"}],"predecessor-version":[{"id":11055,"href":"https:\/\/online-filmkatarzis.com\/kucko\/wp-json\/wp\/v2\/posts\/11050\/revisions\/11055"}],"wp:featuredmedia":[{"embeddable":true,"href":"https:\/\/online-filmkatarzis.com\/kucko\/wp-json\/wp\/v2\/media\/11051"}],"wp:attachment":[{"href":"https:\/\/online-filmkatarzis.com\/kucko\/wp-json\/wp\/v2\/media?parent=11050"}],"wp:term":[{"taxonomy":"category","embeddable":true,"href":"https:\/\/online-filmkatarzis.com\/kucko\/wp-json\/wp\/v2\/categories?post=11050"},{"taxonomy":"post_tag","embeddable":true,"href":"https:\/\/online-filmkatarzis.com\/kucko\/wp-json\/wp\/v2\/tags?post=11050"}],"curies":[{"name":"wp","href":"https:\/\/api.w.org\/{rel}","templated":true}]}}