{"id":11071,"date":"2026-04-06T20:35:05","date_gmt":"2026-04-06T18:35:05","guid":{"rendered":"https:\/\/online-filmkatarzis.com\/kucko\/?p=11071"},"modified":"2026-04-06T20:36:35","modified_gmt":"2026-04-06T18:36:35","slug":"megtalaltak-a-nagy-o-szereplojenek-utolso-uzenetet","status":"publish","type":"post","link":"https:\/\/online-filmkatarzis.com\/kucko\/megtalaltak-a-nagy-o-szereplojenek-utolso-uzenetet\/","title":{"rendered":"Megtal\u00e1lt\u00e1k a Nagy \u0150 szerepl\u0151j\u00e9nek utols\u00f3 \u00fczenet\u00e9t"},"content":{"rendered":"<h3>Sok\u00e1ig csak tal\u00e1lgat\u00e1sok keringtek, de a val\u00f3s\u00e1g minden k\u00e9pzeletet fel\u00fclm\u00falt. Lovas Annabella, A Nagy \u0150 egykori szerepl\u0151je nyomtalanul elt\u0171nt \u00e9s h\u00f3napokon \u00e1t senki sem tudta, mi t\u00f6rt\u00e9nhetett vele. A fiatal n\u0151 neve egyre gyakrabban jelent meg elt\u0171nt szem\u00e9lyek list\u00e1j\u00e1n, mik\u00f6zben csal\u00e1dja k\u00e9ts\u00e9gbeesetten pr\u00f3b\u00e1lt kapaszkod\u00f3t tal\u00e1lni. R\u00f6vid id\u0151kre ugyan el\u0151ker\u00fclt, de azt\u00e1n ism\u00e9t elt\u0171nt, mintha a f\u00f6ld nyelte volna el. Az ismer\u0151s\u00f6k szerint viselked\u00e9se megv\u00e1ltozott, \u00e9s egyre ink\u00e1bb visszah\u00faz\u00f3dott a k\u00fclvil\u00e1gt\u00f3l. A fesz\u00fclts\u00e9g napr\u00f3l napra n\u0151tt, ahogy a h\u00edrek elmaradtak\u2026<br \/>\nMegtal\u00e1lt\u00e1k a Nagy \u0150 szerepl\u0151j\u00e9nek utols\u00f3 \u00fczenet\u00e9t! MUTATJUK A R\u00c9SZLETEKET!<\/h3>\n<h3><span style=\"color: #ff0000;\"><strong>A h\u00edr nem \u00e9rt v\u00e9get! Folytat\u00e1shoz haszn\u00e1ld a K\u00d6VETKEZ\u0150 OLDAL gombot!<\/strong><\/span><\/h3>\n<p><!--nextpage--><\/p>\n<h3>A TERHEK, AMELYEK \u00d6SSZEROPPANTOTT\u00c1K: A h\u00e1tt\u00e9rben s\u00falyos k\u00fczdelmek zajlottak. A fiatal realityszerepl\u0151 2024-ben t\u00f6bb megr\u00e1z\u00f3 h\u00edrt is kapott, amelyek lelkileg \u00e9s fizikailag is megviselt\u00e9k. Bar\u00e1tai szerint teljesen \u00f6sszeomlott, amikor kider\u00fclt, hogy me\/lr\u00e1kkal k\u00fczd. A betegs\u00e9ggel v\u00edvott harc mellett egy f\u00e1jdalmas szak\u00edt\u00e1s is nyomta a v\u00e1ll\u00e1t. A k\u00f6rnyezete \u00fagy l\u00e1tta, mintha lassan kics\u00faszott volna a talaj a l\u00e1ba al\u00f3l. Hi\u00e1ba pr\u00f3b\u00e1lt\u00e1k t\u00e1mogatni, biztatni, \u0151 egyre bor\u00fasabban l\u00e1tta a j\u00f6v\u0151t. A csend pedig egyre nyomaszt\u00f3bb lett, ahogy a napokb\u00f3l hetek, majd h\u00f3napok lettek\u2026<br \/>\nA H\u00e1tborzongat\u00f3 UTOLS\u00d3 \u00dcZENET:<\/h3>\n<h3><span style=\"color: #ff0000;\"><strong>A h\u00edr nem \u00e9rt v\u00e9get! Folytat\u00e1shoz haszn\u00e1ld a K\u00d6VETKEZ\u0150 OLDAL gombot!<\/strong><\/span><\/h3>\n<p><!--nextpage--><\/p>\n<h3>2024. december 12-\u00e9n m\u00e9g egyszer jelentkezett. Akkor tette k\u00f6zz\u00e9 utols\u00f3 nyilatkozat\u00e1t, amelyben el\u0151sz\u00f6r besz\u00e9lt nyilv\u00e1nosan a betegs\u00e9g\u00e9r\u0151l. A TTokon megosztott szavai ma m\u00e1r k\u00fcl\u00f6n\u00f6sen balj\u00f3slat\u00faan hangzanak: \u201ePersze nem m\u00falnak el nyomtalanul a r\u00e1kos kezel\u00e9s okozta nyomok, viszont sikeresen feldolgoztam mindent, \u00e9s \u00fagy \u00e9rzem, hogy ez az eg\u00e9sz csak meger\u0151s\u00edtett engem.\u201d Akkor sokan megk\u00f6nnyebb\u00fcltek, hogy er\u0151t mutat. \u00c1m ez lett az utols\u00f3 ismert \u00fczenete. H\u00f3napokkal k\u00e9s\u0151bb a keres\u00e9s tragikus fordulatot vett: a h0lttest\u00e9t a Kan\u00e1ri-szigeteken tal\u00e1lt\u00e1k meg. A k\u00e9rd\u00e9sek azonban tov\u00e1bbra is ott lebegnek a leveg\u0151ben\u2026 vajon mi t\u00f6rt\u00e9nt val\u00f3j\u00e1ban az elt\u0171n\u00e9s \u00e9s az utols\u00f3 \u00fczenet k\u00f6z\u00f6tt?<\/h3>\n<p>VIA Index<\/p>\n","protected":false},"excerpt":{"rendered":"<p>Sok\u00e1ig csak tal\u00e1lgat\u00e1sok keringtek, de a val\u00f3s\u00e1g minden k\u00e9pzeletet fel\u00fclm\u00falt. Lovas Annabella, A Nagy \u0150 egykori szerepl\u0151je nyomtalanul elt\u0171nt \u00e9s h\u00f3napokon \u00e1t senki sem tudta, mi t\u00f6rt\u00e9nhetett vele. A fiatal n\u0151 neve&#8230;<\/p>\n","protected":false},"author":1,"featured_media":11072,"comment_status":"open","ping_status":"open","sticky":false,"template":"","format":"standard","meta":{"footnotes":""},"categories":[2],"tags":[],"class_list":["post-11071","post","type-post","status-publish","format-standard","has-post-thumbnail","hentry","category-altalanos"],"aioseo_notices":[],"_links":{"self":[{"href":"https:\/\/online-filmkatarzis.com\/kucko\/wp-json\/wp\/v2\/posts\/11071","targetHints":{"allow":["GET"]}}],"collection":[{"href":"https:\/\/online-filmkatarzis.com\/kucko\/wp-json\/wp\/v2\/posts"}],"about":[{"href":"https:\/\/online-filmkatarzis.com\/kucko\/wp-json\/wp\/v2\/types\/post"}],"author":[{"embeddable":true,"href":"https:\/\/online-filmkatarzis.com\/kucko\/wp-json\/wp\/v2\/users\/1"}],"replies":[{"embeddable":true,"href":"https:\/\/online-filmkatarzis.com\/kucko\/wp-json\/wp\/v2\/comments?post=11071"}],"version-history":[{"count":2,"href":"https:\/\/online-filmkatarzis.com\/kucko\/wp-json\/wp\/v2\/posts\/11071\/revisions"}],"predecessor-version":[{"id":11074,"href":"https:\/\/online-filmkatarzis.com\/kucko\/wp-json\/wp\/v2\/posts\/11071\/revisions\/11074"}],"wp:featuredmedia":[{"embeddable":true,"href":"https:\/\/online-filmkatarzis.com\/kucko\/wp-json\/wp\/v2\/media\/11072"}],"wp:attachment":[{"href":"https:\/\/online-filmkatarzis.com\/kucko\/wp-json\/wp\/v2\/media?parent=11071"}],"wp:term":[{"taxonomy":"category","embeddable":true,"href":"https:\/\/online-filmkatarzis.com\/kucko\/wp-json\/wp\/v2\/categories?post=11071"},{"taxonomy":"post_tag","embeddable":true,"href":"https:\/\/online-filmkatarzis.com\/kucko\/wp-json\/wp\/v2\/tags?post=11071"}],"curies":[{"name":"wp","href":"https:\/\/api.w.org\/{rel}","templated":true}]}}