{"id":11199,"date":"2026-04-13T17:57:17","date_gmt":"2026-04-13T15:57:17","guid":{"rendered":"https:\/\/online-filmkatarzis.com\/kucko\/?p=11199"},"modified":"2026-04-14T07:29:34","modified_gmt":"2026-04-14T05:29:34","slug":"brutalis-uzenetet-kuldtek-magyarorszagnak","status":"publish","type":"post","link":"https:\/\/online-filmkatarzis.com\/kucko\/brutalis-uzenetet-kuldtek-magyarorszagnak\/","title":{"rendered":"Brut\u00e1lis \u00fczenetet k\u00fcldtek Magyarorsz\u00e1gnak!"},"content":{"rendered":"<h3>Sokk a v\u00e1laszt\u00e1sok ut\u00e1n \u2013 M0szkva azonnal reag\u00e1lt, \u00e9s nem finomkodott!<br \/>\nAlig \u00fclepedett le a por a magyar v\u00e1laszt\u00e1sok ut\u00e1n, m\u00e1ris meg\u00e9rkezett az els\u0151 kem\u00e9ny k\u00fclf\u00f6ldi reakci\u00f3. Az 0r0sz elit egyik kulcsfigur\u00e1ja, Dm\/tr\/jev, ny\u00edltan komment\u00e1lta a t\u00f6rt\u00e9nteket \u2013 \u00e9s amit mondott, az sokakat hidegzuhanyk\u00e9nt \u00e9rt. A h\u00e1tt\u00e9rben egy, Orb\u00e1n Viktor veres\u00e9g\u00e9r\u0151l sz\u00f3l\u00f3 poszt \u00e1llt, amelyre vill\u00e1mgyorsan reag\u00e1ltak.<br \/>\nMUTATJUK A S0KK0L\u00d3 \u00dcZENETET!<\/h3>\n<h3><span style=\"color: #ff0000;\"><strong>A h\u00edr nem \u00e9rt v\u00e9get! Folytat\u00e1shoz haszn\u00e1ld a K\u00d6VETKEZ\u0150 OLDAL gombot!<\/strong><\/span><\/h3>\n<p><!--nextpage--><\/p>\n<h3>Durva kijelent\u00e9s: \u201eEz az EU v\u00e9g\u00e9t gyors\u00edtja fel!\u201d A M0szkv\u00e1h0z k\u00f6thet\u0151 0r0sz K\u00f6zvetlen Befektet\u00e9si Alap vezet\u0151je nem kertelt. Dm\/tr\/jev \u2013 aki egy\u00e9bk\u00e9nt rendszeresen felt\u0171nik nemzetk\u00f6zi t\u00e1rgyal\u00e1sokon \u00e9s politikai f\u00f3rumokon \u2013 most k\u00fcl\u00f6n\u00f6sen \u00e9lesen fogalmazott.<br \/>\nSzerinte a Tisza P\u00e1rt gy\u0151zelme nem egyszer\u0171 politikai fordulat, hanem egy sokkal nagyobb folyamat r\u00e9sze.<br \/>\n\u201eEz csak fel fogja gyors\u00edtani az EU \u00f6sszeoml\u00e1s\u00e1t. N\u00e9gy h\u00f3nap m\u00falva t\u00e9rj\u00fcnk vissza r\u00e1.\u201d<br \/>\nEz a mondat pillanatok alatt bej\u00e1rta a k\u00f6z\u00f6ss\u00e9gi m\u00e9di\u00e1t, \u00e9s sokan m\u00e1r most arr\u00f3l besz\u00e9lnek: vajon val\u00f3di figyelmeztet\u00e9sr\u0151l van sz\u00f3, vagy puszta politikai nyom\u00e1sgyakorl\u00e1sr\u00f3l?<br \/>\n\u00c9S EZ M\u00c9G SEMMI!<\/h3>\n<h3><span style=\"color: #ff0000;\"><strong>A h\u00edr nem \u00e9rt v\u00e9get! Folytat\u00e1shoz haszn\u00e1ld a K\u00d6VETKEZ\u0150 OLDAL gombot!<\/strong><\/span><\/h3>\n<p><!--nextpage--><\/p>\n<h3>Mik\u00f6zben M0szkva bor\u00fas j\u00f6v\u0151t fest, a r\u00e9gi\u00f3 m\u00e1s vezet\u0151i gyorsan l\u00e9ptek. Robert Fico m\u00e1ris gratul\u00e1lt az \u00faj magyar vezet\u00e9snek, \u00e9s hangs\u00falyozta: k\u00e9szen \u00e1ll a szoros egy\u00fcttm\u0171k\u00f6d\u00e9sre. Nem maradt csendben Aleksandar Vu\u010di\u0107 sem, aki bizakod\u00f3 \u00fczenetet k\u00fcld\u00f6tt, \u00e9s a k\u00e9t orsz\u00e1g kapcsolat\u00e1nak folytat\u00e1s\u00e1ban hisz.<br \/>\nDe a nagy k\u00e9rd\u00e9s tov\u00e1bbra is ott lebeg a leveg\u0151ben:<br \/>\nvajon egy \u00faj korszak kezd\u0151dik Magyarorsz\u00e1g sz\u00e1m\u00e1ra \u2013 vagy val\u00f3ban egy nagyobb, Eur\u00f3p\u00e1t megrenget\u0151 v\u00e1ltoz\u00e1s els\u0151 jeleit l\u00e1tjuk?<\/h3>\n<p>VIA Atv<\/p>\n","protected":false},"excerpt":{"rendered":"<p>Sokk a v\u00e1laszt\u00e1sok ut\u00e1n \u2013 M0szkva azonnal reag\u00e1lt, \u00e9s nem finomkodott! Alig \u00fclepedett le a por a magyar v\u00e1laszt\u00e1sok ut\u00e1n, m\u00e1ris meg\u00e9rkezett az els\u0151 kem\u00e9ny k\u00fclf\u00f6ldi reakci\u00f3. Az 0r0sz elit egyik kulcsfigur\u00e1ja,&#8230;<\/p>\n","protected":false},"author":1,"featured_media":11200,"comment_status":"open","ping_status":"open","sticky":false,"template":"","format":"standard","meta":{"footnotes":""},"categories":[2],"tags":[],"class_list":["post-11199","post","type-post","status-publish","format-standard","has-post-thumbnail","hentry","category-altalanos"],"aioseo_notices":[],"_links":{"self":[{"href":"https:\/\/online-filmkatarzis.com\/kucko\/wp-json\/wp\/v2\/posts\/11199","targetHints":{"allow":["GET"]}}],"collection":[{"href":"https:\/\/online-filmkatarzis.com\/kucko\/wp-json\/wp\/v2\/posts"}],"about":[{"href":"https:\/\/online-filmkatarzis.com\/kucko\/wp-json\/wp\/v2\/types\/post"}],"author":[{"embeddable":true,"href":"https:\/\/online-filmkatarzis.com\/kucko\/wp-json\/wp\/v2\/users\/1"}],"replies":[{"embeddable":true,"href":"https:\/\/online-filmkatarzis.com\/kucko\/wp-json\/wp\/v2\/comments?post=11199"}],"version-history":[{"count":3,"href":"https:\/\/online-filmkatarzis.com\/kucko\/wp-json\/wp\/v2\/posts\/11199\/revisions"}],"predecessor-version":[{"id":11210,"href":"https:\/\/online-filmkatarzis.com\/kucko\/wp-json\/wp\/v2\/posts\/11199\/revisions\/11210"}],"wp:featuredmedia":[{"embeddable":true,"href":"https:\/\/online-filmkatarzis.com\/kucko\/wp-json\/wp\/v2\/media\/11200"}],"wp:attachment":[{"href":"https:\/\/online-filmkatarzis.com\/kucko\/wp-json\/wp\/v2\/media?parent=11199"}],"wp:term":[{"taxonomy":"category","embeddable":true,"href":"https:\/\/online-filmkatarzis.com\/kucko\/wp-json\/wp\/v2\/categories?post=11199"},{"taxonomy":"post_tag","embeddable":true,"href":"https:\/\/online-filmkatarzis.com\/kucko\/wp-json\/wp\/v2\/tags?post=11199"}],"curies":[{"name":"wp","href":"https:\/\/api.w.org\/{rel}","templated":true}]}}