{"id":11230,"date":"2026-04-15T07:32:04","date_gmt":"2026-04-15T05:32:04","guid":{"rendered":"https:\/\/online-filmkatarzis.com\/kucko\/?p=11230"},"modified":"2026-04-15T07:32:04","modified_gmt":"2026-04-15T05:32:04","slug":"rettenetes-idojaras-jon-sajnos-ez-varhato","status":"publish","type":"post","link":"https:\/\/online-filmkatarzis.com\/kucko\/rettenetes-idojaras-jon-sajnos-ez-varhato\/","title":{"rendered":"Rettenetes id\u0151j\u00e1r\u00e1s j\u00f6n sajnos! Ez v\u00e1rhat\u00f3"},"content":{"rendered":"<h3>A szerdai a mai nap folyam\u00e1n t\u00f6bbnyire er\u0151sen felh\u0151s \u00e9gre tekinthet\u00fcnk fel, de a d\u00e9lut\u00e1ni \u00f3r\u00e1kt\u00f3l \u00e9szak fel\u0151l egyre nagyobb ter\u00fcleten kezd v\u00e9konyodni, szakadozni a felh\u0151zet, \u00edgy \u00e1tmenetileg kis\u00fcthet a nap. B\u00e1r helyenk\u00e9nt el\u0151fordulhat kisebb es\u0151 vagy gyenge z\u00e1por, jelent\u0151s csapad\u00e9k nem v\u00e1rhat\u00f3, \u00e9s a l\u00e9gmozg\u00e1s is t\u00f6bbnyire m\u00e9rs\u00e9kelt marad, csup\u00e1n n\u00e9hol k\u00eds\u00e9rhetik \u00e9l\u00e9nk l\u00f6k\u00e9sek a d\u00e9lkeleti szelet. De ezut\u00e1n sajnos rettenetes id\u0151 v\u00e1rhat\u00f3! MUTATJUK A R\u00c9SZLETEKET!<\/h3>\n<h3><span style=\"color: #ff0000;\"><strong>A h\u00edr nem \u00e9rt v\u00e9get! Folytat\u00e1shoz haszn\u00e1ld a K\u00d6VETKEZ\u0150 OLDAL gombot!<\/strong><\/span><\/h3>\n<p><!--nextpage--><\/p>\n<h3>A cs\u00facsh\u0151m\u00e9rs\u00e9klet \u00e1ltal\u00e1ban 20\u201323 fok k\u00f6z\u00f6tt alakul, de a tart\u00f3sabban borult t\u00e1jakon enn\u00e9l p\u00e1r fokkal h\u0171v\u00f6sebb lehet, m\u00edg k\u00e9s\u0151 est\u00e9re 9\u201315 fok k\u00f6z\u00e9 h\u0171l le a leveg\u0151. A cs\u00fct\u00f6rt\u00f6ki nap hasonl\u00f3an indul, a hajnali p\u00e1r\u00e1ss\u00e1g \u00e9s elsz\u00f3rt k\u00f6dfoltok ut\u00e1n mindenhol sz\u00e1m\u00edthatunk r\u00f6videbb-hosszabb napos id\u0151szakokra, \u00e1m a nap nagy r\u00e9sz\u00e9ben tov\u00e1bbra is a felh\u0151\u00e1tvonul\u00e1sok domin\u00e1lnak majd. Ezen a napon m\u00e1r nagyobb ter\u00fcleten kell k\u00e9sz\u00fclni csapad\u00e9kra, a d\u00e9lkeleti t\u00e1jak kiv\u00e9tel\u00e9vel t\u00f6bbfel\u00e9 alakulhat ki kisebb es\u0151 vagy fut\u00f3 z\u00e1por, s\u0151t, helyenk\u00e9nt ak\u00e1r az \u00e9g is megd\u00f6rrenhet. MUTATJUK A R\u00c9SZLETEKET!<\/h3>\n<h3><span style=\"color: #ff0000;\"><strong>A h\u00edr nem \u00e9rt v\u00e9get! Folytat\u00e1shoz haszn\u00e1ld a K\u00d6VETKEZ\u0150 OLDAL gombot!<\/strong><\/span><\/h3>\n<p><!--nextpage--><\/p>\n<h3>M\u00edg a hajnal h\u0171v\u00f6sebb lesz az el\u0151z\u0151n\u00e9l a maga 5\u201312 fokos \u00e9rt\u00e9keivel, napk\u00f6zben kellemes, 19\u201324 fok k\u00f6z\u00f6tti melegre van kil\u00e1t\u00e1s, b\u00e1r az orsz\u00e1g \u00e9szaki fel\u00e9n az \u00e9szaknyugati sz\u00e9l sokfel\u00e9 meg\u00e9l\u00e9nk\u00fcl. Az id\u0151j\u00e1r\u00e1si t\u00e9nyez\u0151k mellett az is figyelmet \u00e9rdemel, hogy a pollenszezon egyik legintenz\u00edvebb szakasz\u00e1ba l\u00e9pt\u00fcnk. A pollenterhel\u00e9s orsz\u00e1gszerte fokoz\u00f3dik, mivel \u00fajabb allerg\u00e9n n\u00f6v\u00e9nyek vir\u00e1gz\u00e1sa kezd\u0151dik meg, \u00e9s ezek koncentr\u00e1ci\u00f3ja hamarosan el\u00e9ri a t\u00fcneteket okoz\u00f3 szintet. Az allergi\u00e1sok sz\u00e1m\u00e1ra \u00edgy a kellemes nappali h\u0151m\u00e9rs\u00e9klet ellen\u00e9re is nehezebb id\u0151szak k\u00f6vetkezik, amelyen csak az \u00e1tmeneti z\u00e1porok tiszt\u00edt\u00f3 hat\u00e1sa enyh\u00edthet n\u00e9mileg.<\/h3>\n<p>Forr\u00e1s: MSN \/ FB<\/p>\n","protected":false},"excerpt":{"rendered":"<p>A szerdai a mai nap folyam\u00e1n t\u00f6bbnyire er\u0151sen felh\u0151s \u00e9gre tekinthet\u00fcnk fel, de a d\u00e9lut\u00e1ni \u00f3r\u00e1kt\u00f3l \u00e9szak fel\u0151l egyre nagyobb ter\u00fcleten kezd v\u00e9konyodni, szakadozni a felh\u0151zet, \u00edgy \u00e1tmenetileg kis\u00fcthet a nap. B\u00e1r&#8230;<\/p>\n","protected":false},"author":1,"featured_media":11231,"comment_status":"open","ping_status":"open","sticky":false,"template":"","format":"standard","meta":{"footnotes":""},"categories":[2],"tags":[],"class_list":["post-11230","post","type-post","status-publish","format-standard","has-post-thumbnail","hentry","category-altalanos"],"aioseo_notices":[],"_links":{"self":[{"href":"https:\/\/online-filmkatarzis.com\/kucko\/wp-json\/wp\/v2\/posts\/11230","targetHints":{"allow":["GET"]}}],"collection":[{"href":"https:\/\/online-filmkatarzis.com\/kucko\/wp-json\/wp\/v2\/posts"}],"about":[{"href":"https:\/\/online-filmkatarzis.com\/kucko\/wp-json\/wp\/v2\/types\/post"}],"author":[{"embeddable":true,"href":"https:\/\/online-filmkatarzis.com\/kucko\/wp-json\/wp\/v2\/users\/1"}],"replies":[{"embeddable":true,"href":"https:\/\/online-filmkatarzis.com\/kucko\/wp-json\/wp\/v2\/comments?post=11230"}],"version-history":[{"count":1,"href":"https:\/\/online-filmkatarzis.com\/kucko\/wp-json\/wp\/v2\/posts\/11230\/revisions"}],"predecessor-version":[{"id":11232,"href":"https:\/\/online-filmkatarzis.com\/kucko\/wp-json\/wp\/v2\/posts\/11230\/revisions\/11232"}],"wp:featuredmedia":[{"embeddable":true,"href":"https:\/\/online-filmkatarzis.com\/kucko\/wp-json\/wp\/v2\/media\/11231"}],"wp:attachment":[{"href":"https:\/\/online-filmkatarzis.com\/kucko\/wp-json\/wp\/v2\/media?parent=11230"}],"wp:term":[{"taxonomy":"category","embeddable":true,"href":"https:\/\/online-filmkatarzis.com\/kucko\/wp-json\/wp\/v2\/categories?post=11230"},{"taxonomy":"post_tag","embeddable":true,"href":"https:\/\/online-filmkatarzis.com\/kucko\/wp-json\/wp\/v2\/tags?post=11230"}],"curies":[{"name":"wp","href":"https:\/\/api.w.org\/{rel}","templated":true}]}}