{"id":11248,"date":"2026-04-15T20:53:45","date_gmt":"2026-04-15T18:53:45","guid":{"rendered":"https:\/\/online-filmkatarzis.com\/kucko\/?p=11248"},"modified":"2026-04-15T20:53:45","modified_gmt":"2026-04-15T18:53:45","slug":"gulyas-gergely-a-vereseg-utan-eloszor-megszolalt","status":"publish","type":"post","link":"https:\/\/online-filmkatarzis.com\/kucko\/gulyas-gergely-a-vereseg-utan-eloszor-megszolalt\/","title":{"rendered":"Guly\u00e1s Gergely a veres\u00e9g ut\u00e1n el\u0151sz\u00f6r, megsz\u00f3lalt"},"content":{"rendered":"<h3>Guly\u00e1s Gergely a N\u00e9pszav\u00e1nak nyilatkozva azt mondta, az \u00e1ll\u00edt\u00e1sai l\u00e9nyegi tartalm\u00e1t fenntartja, de csak azok\u00e9rt tud j\u00f3t\u00e1llni, amiket \u0151 mondott. A k\u00e9rd\u00e9sek k\u00f6z\u00f6tt elhangzott, hogy t\u00e9nyleg Ze\/ensz\/ij u\/r\u00e1n eln\u00f6k alak\u00edt-e korm\u00e1nyt Magyarorsz\u00e1gon, amint azt a kamp\u00e1nyban \u00e1ll\u00edtott\u00e1k, illetve viszik-e f\/ontra a magyar fia\/alokat, amint azt szint\u00e9n \u00e1ll\u00edtott\u00e1k. Azt mondta, ez egy kem\u00e9ny kamp\u00e1ny volt, mindk\u00e9t oldalr\u00f3l elhangzottak e\/\u0151s \u00e1ll\u00edt\u00e1sok. Amit \u0151 maga mondott, azokat fenntartja, \u00e9s a megalakul\u00f3 korm\u00e1ny m\u0171k\u00f6d\u00e9se bizony\u00edtja majd be, igaza volt-e, vagy sem. MUTATJUK A R\u00c9SZLETEKET!<\/h3>\n<h3><span style=\"color: #ff0000;\"><strong>A h\u00edr nem \u00e9rt v\u00e9get! Folytat\u00e1shoz haszn\u00e1ld a K\u00d6VETKEZ\u0150 OLDAL gombot!<\/strong><\/span><\/h3>\n<h3 style=\"text-align: right;\"><a href=\"https:\/\/online-filmkatarzis.com\/kucko\/hirek\/gulyas-gergely-a-vereseg-utan-eloszor-megszolalt\/\" target=\"_blank\" rel=\"noopener\"><span style=\"color: #ff0000;\">&#8212;&gt;&gt; K\u00d6VETKEZ\u0150 OLDAL<\/span><\/a><\/h3>\n<p>&#8211;<\/p>\n","protected":false},"excerpt":{"rendered":"<p>Guly\u00e1s Gergely a N\u00e9pszav\u00e1nak nyilatkozva azt mondta, az \u00e1ll\u00edt\u00e1sai l\u00e9nyegi tartalm\u00e1t fenntartja, de csak azok\u00e9rt tud j\u00f3t\u00e1llni, amiket \u0151 mondott. A k\u00e9rd\u00e9sek k\u00f6z\u00f6tt elhangzott, hogy t\u00e9nyleg Ze\/ensz\/ij u\/r\u00e1n eln\u00f6k alak\u00edt-e korm\u00e1nyt Magyarorsz\u00e1gon,&#8230;<\/p>\n","protected":false},"author":1,"featured_media":11249,"comment_status":"open","ping_status":"open","sticky":false,"template":"","format":"standard","meta":{"footnotes":""},"categories":[2],"tags":[],"class_list":["post-11248","post","type-post","status-publish","format-standard","has-post-thumbnail","hentry","category-altalanos"],"aioseo_notices":[],"_links":{"self":[{"href":"https:\/\/online-filmkatarzis.com\/kucko\/wp-json\/wp\/v2\/posts\/11248","targetHints":{"allow":["GET"]}}],"collection":[{"href":"https:\/\/online-filmkatarzis.com\/kucko\/wp-json\/wp\/v2\/posts"}],"about":[{"href":"https:\/\/online-filmkatarzis.com\/kucko\/wp-json\/wp\/v2\/types\/post"}],"author":[{"embeddable":true,"href":"https:\/\/online-filmkatarzis.com\/kucko\/wp-json\/wp\/v2\/users\/1"}],"replies":[{"embeddable":true,"href":"https:\/\/online-filmkatarzis.com\/kucko\/wp-json\/wp\/v2\/comments?post=11248"}],"version-history":[{"count":1,"href":"https:\/\/online-filmkatarzis.com\/kucko\/wp-json\/wp\/v2\/posts\/11248\/revisions"}],"predecessor-version":[{"id":11250,"href":"https:\/\/online-filmkatarzis.com\/kucko\/wp-json\/wp\/v2\/posts\/11248\/revisions\/11250"}],"wp:featuredmedia":[{"embeddable":true,"href":"https:\/\/online-filmkatarzis.com\/kucko\/wp-json\/wp\/v2\/media\/11249"}],"wp:attachment":[{"href":"https:\/\/online-filmkatarzis.com\/kucko\/wp-json\/wp\/v2\/media?parent=11248"}],"wp:term":[{"taxonomy":"category","embeddable":true,"href":"https:\/\/online-filmkatarzis.com\/kucko\/wp-json\/wp\/v2\/categories?post=11248"},{"taxonomy":"post_tag","embeddable":true,"href":"https:\/\/online-filmkatarzis.com\/kucko\/wp-json\/wp\/v2\/tags?post=11248"}],"curies":[{"name":"wp","href":"https:\/\/api.w.org\/{rel}","templated":true}]}}