{"id":11253,"date":"2026-04-16T07:27:51","date_gmt":"2026-04-16T05:27:51","guid":{"rendered":"https:\/\/online-filmkatarzis.com\/kucko\/?p=11253"},"modified":"2026-04-16T07:27:51","modified_gmt":"2026-04-16T05:27:51","slug":"nem-tavoznak-ures-kezzel","status":"publish","type":"post","link":"https:\/\/online-filmkatarzis.com\/kucko\/nem-tavoznak-ures-kezzel\/","title":{"rendered":"Nem t\u00e1voznak \u00fcres k\u00e9zzel"},"content":{"rendered":"<h3>A 199 f\u0151s orsz\u00e1ggy\u0171l\u00e9s megb\u00edzat\u00e1sa az \u00faj parlament alakul\u00f3 \u00fcl\u00e9s\u00e9vel \u00e9r v\u00e9get. Magyar P\u00e9ter a Sulyok Tam\u00e1s k\u00f6zt\u00e1rsas\u00e1gi eln\u00f6kkel folytatott egyeztet\u00e9s ut\u00e1n arr\u00f3l besz\u00e9lt, hogy az alakul\u00f3 \u00fcl\u00e9st v\u00e1rhat\u00f3an m\u00e1jus els\u0151 het\u00e9ben tartj\u00e1k meg, ahol az \u00faj k\u00e9pvisel\u0151k esk\u00fct tesznek, illetve megv\u00e1lasztj\u00e1k a parlament vezet\u0151 tiszts\u00e9gvisel\u0151it. Ugyanakkor nem maradnak juttat\u00e1s n\u00e9lk\u00fcl: a jogszab\u00e1ly szerint h\u00e1romhavi b\u00facs\u00fap\u00e9nz illeti meg \u0151ket, amelyet a febru\u00e1r\u2013\u00e1prilis k\u00f6z\u00f6tti tiszteletd\u00edjuk \u00e1tlaga alapj\u00e1n sz\u00e1molnak ki. MUTATJUK A R\u00c9SZLETEKET!<\/h3>\n<h3><span style=\"color: #ff0000;\"><strong>A h\u00edr nem \u00e9rt v\u00e9get! Folytat\u00e1shoz haszn\u00e1ld a K\u00d6VETKEZ\u0150 OLDAL gombot!<\/strong><\/span><\/h3>\n<p><!--nextpage--><\/p>\n<h3>Az alapfizet\u00e9s id\u00e9n brutt\u00f3 2 182 488 forint, de a k\u00fcl\u00f6nb\u00f6z\u0151 tiszts\u00e9gek ezt jelent\u0151sen megemelhetik. A Telex sz\u00e1m\u00edt\u00e1sai szerint, ha 144 t\u00e1voz\u00f3 k\u00e9pvisel\u0151vel sz\u00e1molunk, \u00f6sszesen mintegy 1,35 milli\u00e1rd forintot fizethet ki az Orsz\u00e1ggy\u0171l\u00e9s Hivatala v\u00e9gkiel\u00e9g\u00edt\u00e9sk\u00e9nt. A legalacsonyabb \u00f6sszeg k\u00f6r\u00fclbel\u00fcl brutt\u00f3 6,37 milli\u00f3 forint, amely azoknak j\u00e1r, akik nem t\u00f6ltenek be k\u00fcl\u00f6n tiszts\u00e9get. Ide tartozik p\u00e9ld\u00e1ul Navracsics Tibor, Nagy Istv\u00e1n, Tuzson Bence, Vit\u00e1lyos Eszter, Koncz Zs\u00f3fia \u00e9s Hadh\u00e1zy \u00c1kos is. A v\u00e9gkiel\u00e9g\u00edt\u00e9s m\u00e9rt\u00e9k\u00e9t nem befoly\u00e1solja sem az \u00e9letkor, sem a parlamentben elt\u00f6lt\u00f6tt id\u0151. \u00cdgy fordulhat el\u0151, hogy a DK-s R\u00f3nai S\u00e1ndor \u2013 aki csak tavaly \u00f3ta k\u00e9pvisel\u0151 \u2013 magasabb \u00f6sszegre jogosult, mint t\u00f6bb \u00e9vtizede hivatalban l\u00e9v\u0151 politikusok, mivel bizotts\u00e1gi aleln\u00f6ki poz\u00edci\u00f3t t\u00f6lt be. MUTATJUK A R\u00c9SZLETEKET!<\/h3>\n<h3><span style=\"color: #ff0000;\"><strong>A h\u00edr nem \u00e9rt v\u00e9get! Folytat\u00e1shoz haszn\u00e1ld a K\u00d6VETKEZ\u0150 OLDAL gombot!<\/strong><\/span><\/h3>\n<p><!--nextpage--><\/p>\n<h3>A legmagasabb b\u00facs\u00fap\u00e9nz, brutt\u00f3 12,73 milli\u00f3 forint a frakci\u00f3vezet\u0151knek, egyes vezet\u0151 tiszts\u00e9gvisel\u0151knek \u00e9s aleln\u00f6k\u00f6knek j\u00e1r. Ide tartozik p\u00e9ld\u00e1ul Fazekas S\u00e1ndor, Ol\u00e1h Lajos, valamint t\u00f6bb frakci\u00f3vezet\u0151 is. Ha pedig K\u00f6v\u00e9r L\u00e1szl\u00f3 nem venn\u00e9 fel az \u00faj mand\u00e1tum\u00e1t, akkor ak\u00e1r brutt\u00f3 17,2 milli\u00f3 forintos v\u00e9gkiel\u00e9g\u00edt\u00e9ssel t\u00e1vozhatna, ami a legmagasabb \u00f6sszeg lenne.<\/h3>\n<h3>Bed\u0151 D\u00e1vid (Momentum) \u2013 12 734 142 Ft<br \/>\nFazekas S\u00e1ndor (Fidesz) \u2013 12 734 142 Ft<br \/>\nLuk\u00e1cs L\u00e1szl\u00f3 Gy\u00f6rgy (Jobbik) \u2013 12 734 142 Ft<br \/>\nM\u00e1trai M\u00e1rta (Fidesz) \u2013 12 734 142 Ft<br \/>\nOl\u00e1h Lajos (DK) \u2013 12 734 142 Ft<br \/>\nSebi\u00e1n-Petrovszki L\u00e1szl\u00f3 (DK) \u2013 12 734 142 Ft<br \/>\nTordai Bence (P\u00e1rbesz\u00e9d) \u2013 12 734 142 Ft<br \/>\nT\u00f3th Bertalan (MSZP) \u2013 12 734 142 Ft<\/h3>\n<p>Forr\u00e1s: MSN \/ FB<\/p>\n","protected":false},"excerpt":{"rendered":"<p>A 199 f\u0151s orsz\u00e1ggy\u0171l\u00e9s megb\u00edzat\u00e1sa az \u00faj parlament alakul\u00f3 \u00fcl\u00e9s\u00e9vel \u00e9r v\u00e9get. Magyar P\u00e9ter a Sulyok Tam\u00e1s k\u00f6zt\u00e1rsas\u00e1gi eln\u00f6kkel folytatott egyeztet\u00e9s ut\u00e1n arr\u00f3l besz\u00e9lt, hogy az alakul\u00f3 \u00fcl\u00e9st v\u00e1rhat\u00f3an m\u00e1jus els\u0151 het\u00e9ben&#8230;<\/p>\n","protected":false},"author":1,"featured_media":11254,"comment_status":"open","ping_status":"open","sticky":false,"template":"","format":"standard","meta":{"footnotes":""},"categories":[2],"tags":[],"class_list":["post-11253","post","type-post","status-publish","format-standard","has-post-thumbnail","hentry","category-altalanos"],"aioseo_notices":[],"_links":{"self":[{"href":"https:\/\/online-filmkatarzis.com\/kucko\/wp-json\/wp\/v2\/posts\/11253","targetHints":{"allow":["GET"]}}],"collection":[{"href":"https:\/\/online-filmkatarzis.com\/kucko\/wp-json\/wp\/v2\/posts"}],"about":[{"href":"https:\/\/online-filmkatarzis.com\/kucko\/wp-json\/wp\/v2\/types\/post"}],"author":[{"embeddable":true,"href":"https:\/\/online-filmkatarzis.com\/kucko\/wp-json\/wp\/v2\/users\/1"}],"replies":[{"embeddable":true,"href":"https:\/\/online-filmkatarzis.com\/kucko\/wp-json\/wp\/v2\/comments?post=11253"}],"version-history":[{"count":1,"href":"https:\/\/online-filmkatarzis.com\/kucko\/wp-json\/wp\/v2\/posts\/11253\/revisions"}],"predecessor-version":[{"id":11255,"href":"https:\/\/online-filmkatarzis.com\/kucko\/wp-json\/wp\/v2\/posts\/11253\/revisions\/11255"}],"wp:featuredmedia":[{"embeddable":true,"href":"https:\/\/online-filmkatarzis.com\/kucko\/wp-json\/wp\/v2\/media\/11254"}],"wp:attachment":[{"href":"https:\/\/online-filmkatarzis.com\/kucko\/wp-json\/wp\/v2\/media?parent=11253"}],"wp:term":[{"taxonomy":"category","embeddable":true,"href":"https:\/\/online-filmkatarzis.com\/kucko\/wp-json\/wp\/v2\/categories?post=11253"},{"taxonomy":"post_tag","embeddable":true,"href":"https:\/\/online-filmkatarzis.com\/kucko\/wp-json\/wp\/v2\/tags?post=11253"}],"curies":[{"name":"wp","href":"https:\/\/api.w.org\/{rel}","templated":true}]}}