{"id":11259,"date":"2026-04-16T20:11:00","date_gmt":"2026-04-16T18:11:00","guid":{"rendered":"https:\/\/online-filmkatarzis.com\/kucko\/?p=11259"},"modified":"2026-04-18T07:10:26","modified_gmt":"2026-04-18T05:10:26","slug":"magyar-peter-ma-reggel-sulyos-bejelentest-tett","status":"publish","type":"post","link":"https:\/\/online-filmkatarzis.com\/kucko\/magyar-peter-ma-reggel-sulyos-bejelentest-tett\/","title":{"rendered":"Magyar P\u00e9ter ma reggel s\u00falyos bejelent\u00e9st tett"},"content":{"rendered":"<h3>A k\u00f6z\/\u00e9di\/ban fen\/egette a k\u00f6\/m\u00e9d\/\u00e1t Magyar P\u00e9ter. A Tisza p\u00e1rt eln\u00f6ke megism\u00e9telte, hogy a korm\u00e1nyalak\u00edt\u00e1s ut\u00e1ni egyik els\u0151 l\u00e9p\u00e9s az lesz, hogy felf\/gges\/tik a k\u00f6zm\/dia h\/rszolg\u00e1l\/at\u00e1s\u00e1t. Magyar P\u00e9ter szerint nem szem\u00e9lyes s\u00e9rtetts\u00e9gb\u0151l tervezi ezt. Magyar P\u00e9ter cs\u00fct\u00f6rt\u00f6k reggeli Facebook-bejegyz\u00e9s\u00e9ben jelentette be, hogy a TISZA-korm\u00e1ny alatt a minisztereln\u00f6k irod\u00e1ja MUTATJUK A R\u00c9SZLETEKET!<\/h3>\n<h3><span style=\"color: #ff0000;\"><strong>A h\u00edr nem \u00e9rt v\u00e9get! Folytat\u00e1shoz haszn\u00e1ld a K\u00d6VETKEZ\u0150 OLDAL gombot!<\/strong><\/span><\/h3>\n<p><!--nextpage--><\/p>\n<h3>Nem a Karmelita Palot\u00e1ban m\u0171k\u00f6dne, hanem a Parlamenthez k\u00f6zeli egyik miniszt\u00e9riumi \u00e9p\u00fcletben. A terv egyetlen mondattal is er\u0151s politikai \u00fczenetet k\u00fcld: a korm\u00e1nyf\u0151 sz\u00e9khelye visszaker\u00fclne a pesti oldalra. Nem csak k\u00f6lt\u00f6z\u00e9s, politikai jelz\u00e9s is: A most felv\u00e1zolt elk\u00e9pzel\u00e9s szerint a korm\u00e1nyf\u0151 sz\u00e9khelye az Orsz\u00e1gh\u00e1z k\u00f6zvetlen k\u00f6zel\u00e9ben, az egyik Kossuth t\u00e9ri miniszt\u00e9riumi \u00e9p\u00fcletben kapna helyet. A hangs\u00faly nem puszt\u00e1n az \u00faj c\u00edmen van. A d\u00f6nt\u00e9st \u00fagy mutatt\u00e1k be, mint egy k\u00f6zvetlenebb, kordonmentes \u00e9s az \u00e1llampolg\u00e1rokhoz k\u00f6zelebb l\u00e9v\u0151 \u00e1llamvezet\u00e9s jel\u00e9t, vagyis egy olyan v\u00e1ltoz\u00e1st, amely a napi m\u0171k\u00f6d\u00e9sen t\u00fal szimbolikus s\u00falyt is kap. MUTATJUK A R\u00c9SZLETEKET!<\/h3>\n<h3><span style=\"color: #ff0000;\"><strong>A h\u00edr nem \u00e9rt v\u00e9get! Folytat\u00e1shoz haszn\u00e1ld a K\u00d6VETKEZ\u0150 OLDAL gombot!<\/strong><\/span><\/h3>\n<p><!--nextpage--><\/p>\n<h3>A pesti oldalra val\u00f3 visszat\u00e9r\u00e9s az\u00e9rt k\u00fcl\u00f6n\u00f6sen besz\u00e9des, mert a magyar minisztereln\u00f6k hivatala hossz\u00fa id\u0151n \u00e1t az Orsz\u00e1gh\u00e1z falai k\u00f6z\u00f6tt m\u0171k\u00f6d\u00f6tt. Ez a berendezked\u00e9s \u00e9vtizedeken \u00e1t a t\u00f6rv\u00e9nyhoz\u00e1s \u00e9s a v\u00e9grehajt\u00f3 hatalom szoros kapcsolat\u00e1t jelk\u00e9pezte. Ebben a rendben j\u00f6tt a nagy fordulat 2019-ben, amikor a minisztereln\u00f6ki irod\u00e1t a budai V\u00e1rba, az egykori Karmelita kolostor fel\u00faj\u00edtott \u00e9p\u00fclet\u00e9be helyezt\u00e9k \u00e1t.<\/h3>\n<p>Forr\u00e1s: MSN \/ FB<\/p>\n","protected":false},"excerpt":{"rendered":"<p>A k\u00f6z\/\u00e9di\/ban fen\/egette a k\u00f6\/m\u00e9d\/\u00e1t Magyar P\u00e9ter. A Tisza p\u00e1rt eln\u00f6ke megism\u00e9telte, hogy a korm\u00e1nyalak\u00edt\u00e1s ut\u00e1ni egyik els\u0151 l\u00e9p\u00e9s az lesz, hogy felf\/gges\/tik a k\u00f6zm\/dia h\/rszolg\u00e1l\/at\u00e1s\u00e1t. Magyar P\u00e9ter szerint nem szem\u00e9lyes s\u00e9rtetts\u00e9gb\u0151l&#8230;<\/p>\n","protected":false},"author":1,"featured_media":11260,"comment_status":"open","ping_status":"open","sticky":false,"template":"","format":"standard","meta":{"footnotes":""},"categories":[2],"tags":[],"class_list":["post-11259","post","type-post","status-publish","format-standard","has-post-thumbnail","hentry","category-altalanos"],"aioseo_notices":[],"_links":{"self":[{"href":"https:\/\/online-filmkatarzis.com\/kucko\/wp-json\/wp\/v2\/posts\/11259","targetHints":{"allow":["GET"]}}],"collection":[{"href":"https:\/\/online-filmkatarzis.com\/kucko\/wp-json\/wp\/v2\/posts"}],"about":[{"href":"https:\/\/online-filmkatarzis.com\/kucko\/wp-json\/wp\/v2\/types\/post"}],"author":[{"embeddable":true,"href":"https:\/\/online-filmkatarzis.com\/kucko\/wp-json\/wp\/v2\/users\/1"}],"replies":[{"embeddable":true,"href":"https:\/\/online-filmkatarzis.com\/kucko\/wp-json\/wp\/v2\/comments?post=11259"}],"version-history":[{"count":2,"href":"https:\/\/online-filmkatarzis.com\/kucko\/wp-json\/wp\/v2\/posts\/11259\/revisions"}],"predecessor-version":[{"id":11284,"href":"https:\/\/online-filmkatarzis.com\/kucko\/wp-json\/wp\/v2\/posts\/11259\/revisions\/11284"}],"wp:featuredmedia":[{"embeddable":true,"href":"https:\/\/online-filmkatarzis.com\/kucko\/wp-json\/wp\/v2\/media\/11260"}],"wp:attachment":[{"href":"https:\/\/online-filmkatarzis.com\/kucko\/wp-json\/wp\/v2\/media?parent=11259"}],"wp:term":[{"taxonomy":"category","embeddable":true,"href":"https:\/\/online-filmkatarzis.com\/kucko\/wp-json\/wp\/v2\/categories?post=11259"},{"taxonomy":"post_tag","embeddable":true,"href":"https:\/\/online-filmkatarzis.com\/kucko\/wp-json\/wp\/v2\/tags?post=11259"}],"curies":[{"name":"wp","href":"https:\/\/api.w.org\/{rel}","templated":true}]}}