{"id":11262,"date":"2026-04-16T22:00:23","date_gmt":"2026-04-16T20:00:23","guid":{"rendered":"https:\/\/online-filmkatarzis.com\/kucko\/?p=11262"},"modified":"2026-04-16T22:31:17","modified_gmt":"2026-04-16T20:31:17","slug":"orban-viktor-elarulta-hogy-ki-a-felelos-a-veresegeert","status":"publish","type":"post","link":"https:\/\/online-filmkatarzis.com\/kucko\/orban-viktor-elarulta-hogy-ki-a-felelos-a-veresegeert\/","title":{"rendered":"Orb\u00e1n Viktor el\u00e1rulta, hogy ki a felel\u0151s a veres\u00e9g\u00e9\u00e9rt"},"content":{"rendered":"<h3>Hossz\u00fa csend ut\u00e1n v\u00e9gre megsz\u00f3lalt Orb\u00e1n Viktor \u2013 \u00e9s amit mondott, az sokakat meglepett. A v\u00e1laszt\u00e1si kudarc \u00f3ta el\u0151sz\u00f6r adott interj\u00fat, \u00e9s m\u00e1r az els\u0151 mondataival vil\u00e1goss\u00e1 tette: ez nem egy h\u00e9tk\u00f6znapi veres\u00e9g.<br \/>\n\u201eA veres\u00e9g m\u00e9rt\u00e9ke nagy\u201d \u2013 hangzott el, majd j\u00f6tt a m\u00e9g s\u00falyosabb kijelent\u00e9s: egy eg\u00e9sz korszak z\u00e1rult le. A hangulat komor, az \u00fczenet egy\u00e9rtelm\u0171: itt nem kozmetik\u00e1z\u00e1s j\u00f6n, hanem teljes \u00e1talakul\u00e1s. A h\u00e1tt\u00e9rben m\u00e1r mozgol\u00f3d\u00e1s indult, \u00faj mozgalmakr\u00f3l, \u00faj emberekr\u0151l, s\u0151t, egy teljes politikai \u00fajratervez\u00e9sr\u0151l besz\u00e9lt.<br \/>\nDe a legnagyobb k\u00e9rd\u00e9s m\u00e9g csak ezut\u00e1n k\u00f6vetkezett: ki ez\u00e9rt a felel\u0151s? MUTATJUK!<\/h3>\n<h3><span style=\"color: #ff0000;\"><strong>A h\u00edr nem \u00e9rt v\u00e9get! Folytat\u00e1shoz haszn\u00e1ld a K\u00d6VETKEZ\u0150 OLDAL gombot!<\/strong><\/span><\/h3>\n<p><!--nextpage--><\/p>\n<h3>A sokkol\u00f3 vallom\u00e1s: \u201e\u00e9n vagyok a p\u00e1rt eln\u00f6ke\u201d A fesz\u00fclts\u00e9g az interj\u00fa k\u00f6zep\u00e9n h\u00e1gott a tet\u0151fok\u00e1ra. Orb\u00e1n Viktor nem kertelt, nem h\u00e1r\u00edtott \u2013 kimondta azt, amit kevesen v\u00e1rtak:<br \/>\n\u201e\u00c9n vagyok a p\u00e1rt eln\u00f6ke\u201d \u2013 vagyis a felel\u0151ss\u00e9g v\u00e9gs\u0151 soron n\u00e1la landol.<br \/>\nEz a mondat vill\u00e1mk\u00e9nt csapott le. B\u00e1r besz\u00e9lt arr\u00f3l is, hogy az ellenf\u00e9l \u00fczenete er\u0151sebb volt, \u00e9s hogy \u201evalamit nem j\u00f3l mondhattam\u201d, a l\u00e9nyeg egy\u00e9rtelm\u0171: bel\u00fcl kell keresni a hib\u00e1t.<br \/>\nDE NEM CSAK \u0150! MEGNEVEZETT M\u00c1SOKAT IS! MUTATJUK!<\/h3>\n<h3><span style=\"color: #ff0000;\"><strong>A h\u00edr nem \u00e9rt v\u00e9get! Folytat\u00e1shoz haszn\u00e1ld a K\u00d6VETKEZ\u0150 OLDAL gombot!<\/strong><\/span><\/h3>\n<p><!--nextpage--><\/p>\n<h3>A v\u00e1laszt\u00e1s \u00e9jszak\u00e1j\u00e1n m\u00e1r \u00e9rezte, hogy baj van. Az adatok nem azt mutatt\u00e1k, amit v\u00e1rtak. \u201eVas\u00e1rnap f\u00e1jdalom, h\u00e9tf\u0151n m\u00e1r \u00fcress\u00e9g\u201d \u2013 mondta, \u00e9s ezzel bepillant\u00e1st engedett a kulissz\u00e1k m\u00f6g\u00e9.<br \/>\nFelmer\u00fclt a korrupci\u00f3 \u00e9s a \u201eluxiz\u00e1s\u201d k\u00e9rd\u00e9se is \u2013 ut\u00f3bbit egyenesen vesz\u00e9lyesnek nevezte, amely szerinte szerepet j\u00e1tszhatott a buk\u00e1sban. \u00c9s itt m\u00e1r egyre t\u00f6bbekben kezdett \u00f6ssze\u00e1llni a k\u00e9p\u2026<br \/>\nA t\u00f6rt\u00e9net azonban itt nem \u00e9r v\u00e9get \u2013 s\u0151t, most kezd igaz\u00e1n felp\u00f6r\u00f6gni. Orb\u00e1n Viktor teljes meg\u00fajul\u00e1st s\u00fcrget, tiszt\u00faj\u00edt\u00e1st, \u00faj embereket, s\u0151t, azt is belengette, hogy a jelenlegi parlamenti csapat nem biztos, hogy a j\u00f6v\u0151 embere.<\/h3>\n<p>VIA YT<\/p>\n","protected":false},"excerpt":{"rendered":"<p>Hossz\u00fa csend ut\u00e1n v\u00e9gre megsz\u00f3lalt Orb\u00e1n Viktor \u2013 \u00e9s amit mondott, az sokakat meglepett. A v\u00e1laszt\u00e1si kudarc \u00f3ta el\u0151sz\u00f6r adott interj\u00fat, \u00e9s m\u00e1r az els\u0151 mondataival vil\u00e1goss\u00e1 tette: ez nem egy h\u00e9tk\u00f6znapi&#8230;<\/p>\n","protected":false},"author":1,"featured_media":11263,"comment_status":"open","ping_status":"open","sticky":false,"template":"","format":"standard","meta":{"footnotes":""},"categories":[2],"tags":[],"class_list":["post-11262","post","type-post","status-publish","format-standard","has-post-thumbnail","hentry","category-altalanos"],"aioseo_notices":[],"_links":{"self":[{"href":"https:\/\/online-filmkatarzis.com\/kucko\/wp-json\/wp\/v2\/posts\/11262","targetHints":{"allow":["GET"]}}],"collection":[{"href":"https:\/\/online-filmkatarzis.com\/kucko\/wp-json\/wp\/v2\/posts"}],"about":[{"href":"https:\/\/online-filmkatarzis.com\/kucko\/wp-json\/wp\/v2\/types\/post"}],"author":[{"embeddable":true,"href":"https:\/\/online-filmkatarzis.com\/kucko\/wp-json\/wp\/v2\/users\/1"}],"replies":[{"embeddable":true,"href":"https:\/\/online-filmkatarzis.com\/kucko\/wp-json\/wp\/v2\/comments?post=11262"}],"version-history":[{"count":2,"href":"https:\/\/online-filmkatarzis.com\/kucko\/wp-json\/wp\/v2\/posts\/11262\/revisions"}],"predecessor-version":[{"id":11265,"href":"https:\/\/online-filmkatarzis.com\/kucko\/wp-json\/wp\/v2\/posts\/11262\/revisions\/11265"}],"wp:featuredmedia":[{"embeddable":true,"href":"https:\/\/online-filmkatarzis.com\/kucko\/wp-json\/wp\/v2\/media\/11263"}],"wp:attachment":[{"href":"https:\/\/online-filmkatarzis.com\/kucko\/wp-json\/wp\/v2\/media?parent=11262"}],"wp:term":[{"taxonomy":"category","embeddable":true,"href":"https:\/\/online-filmkatarzis.com\/kucko\/wp-json\/wp\/v2\/categories?post=11262"},{"taxonomy":"post_tag","embeddable":true,"href":"https:\/\/online-filmkatarzis.com\/kucko\/wp-json\/wp\/v2\/tags?post=11262"}],"curies":[{"name":"wp","href":"https:\/\/api.w.org\/{rel}","templated":true}]}}