{"id":11275,"date":"2026-04-17T06:31:54","date_gmt":"2026-04-17T04:31:54","guid":{"rendered":"https:\/\/online-filmkatarzis.com\/kucko\/?p=11275"},"modified":"2026-04-17T06:31:54","modified_gmt":"2026-04-17T04:31:54","slug":"drama-az-egesz-studioban","status":"publish","type":"post","link":"https:\/\/online-filmkatarzis.com\/kucko\/drama-az-egesz-studioban\/","title":{"rendered":"Dr\u00e1ma az eg\u00e9sz st\u00fadi\u00f3ban!"},"content":{"rendered":"<h3>A TV2 p\u00e1r nappal a Fidesz v\u00e1laszt\u00e1si veres\u00e9ge ut\u00e1n bejelentette, hogy megsz\/nik Szalai Vivien pos\/tja, a csatorna h\u00edrigazgat\u00f3 n\u00e9lk\u00fcl folytatja a tov\u00e1bbiakban. A csatorna h\u00edrad\u00f3ja, a T\u00e9nyek akkor v\u00e1ltott er\u0151sebb kor\/\u00e1nypro\/agand\u00e1ra, amikor 2016-ban Szalait nevezt\u00e9k ki h\u00edrigazgat\u00f3nak. A TV2 el\u0151tt Szalai a Sz\u00ednes Bulv\u00e1r Lap \u00e9s a Bors \u00fajs\u00e1g\u00edr\u00f3ja volt, majd a Story magazin f\u0151szerkeszt\u0151jek\u00e9nt dolgozott. MUTATJUK A R\u00c9SZLETEKET!<\/h3>\n<h3><span style=\"color: #ff0000;\"><strong>A h\u00edr nem \u00e9rt v\u00e9get! Folytat\u00e1shoz haszn\u00e1ld a K\u00d6VETKEZ\u0150 OLDAL gombot!<\/strong><\/span><\/h3>\n<p><!--nextpage--><\/p>\n<h3>De Szalai volt a szerz\u0151je annak a Zu\/ch\/ag J\u00e1nosr\u00f3l sz\u00f3l\u00f3 k\u00f6nyvnek, amit a korm\u00e1ny agytr\/sztje, a Sz\u00e1zadv\u00e9g adott ki a 2014-es v\u00e1laszt\u00e1sok el\u0151tt. A Sz\u00e1zadv\u00e9gen kereszt\u00fcl Szalai is legink\u00e1bb Habony \u00c1rp\u00e1dhoz k\u00f6t\u0151d\u00f6tt. \u00c9rkez\u00e9se ut\u00e1n sorra mondtak fel a T\u00e9nyek riporterei. T\u00e9nyked\u00e9se alatt a h\u00edrad\u00f3t ellept\u00e9k a karaktergy\/lkos kamp\u00e1nyok, amelyek c\u00e9lpontjai a Fidesz \u00e9ppen aktu\u00e1lis el\/enfei voltak. MUTATJUK A R\u00c9SZLETEKET!<\/h3>\n<h3><span style=\"color: #ff0000;\"><strong>A h\u00edr nem \u00e9rt v\u00e9get! Folytat\u00e1shoz haszn\u00e1ld a K\u00d6VETKEZ\u0150 OLDAL gombot!<\/strong><\/span><\/h3>\n<p><!--nextpage--><\/p>\n<h3>Szalai rendszeresen jelent volt a korm\u00e1nyp\u00e1rt esem\u00e9nyein, vas\u00e1rnap is l\u00e1ttuk az eredm\u00e9nyv\u00e1r\u00f3n, a B\u00e1ln\u00e1ban, ahonnan siet\u0151sen t\u00e1vozott az eredm\u00e9nyek kiker\u00fcl\u00e9se ut\u00e1n. A Szalait felment\u0151 Vaszily Mikl\u00f3s vez\u00e9rigazgat\u00f3, aki a fideszes\u00edtett Index tulajdonosa is egyben, azzal indokolta a l\u00e9p\u00e9st, hogy a h\u00edrigazgat\u00f3i poz\u00edci\u00f3 a v\u00e1llalat szervezeti \u00e1talak\u00edt\u00e1s\u00e1nak r\u00e9szek\u00e9nt megsz\u0171nik. \u201eA m\/d\/av\u00e1llalat h\u00edrszolg\u00e1ltat\u00e1si tev\u00e9kenys\u00e9g\u00e9nek m\u0171k\u00f6d\u00e9si modellje \u00e1talakul: egyszer\u0171s\u00f6dik a vezet\u0151i strukt\u00fara, \u00e9s integr\u00e1l\u00e1sra ker\u00fclnek a h\u00edrszerkeszt\u0151s\u00e9gi feladatok. Ennek k\u00f6vetkezt\u00e9ben a h\u00edrigazgat\u00f3i feladatk\u00f6r a tov\u00e1bbiakban nem \u00f6n\u00e1ll\u00f3 vezet\u0151i poz\u00edci\u00f3k\u00e9nt m\u0171k\u00f6dik tov\u00e1bb\u201d &#8211; \u00edrta Vaszily. A d\u00f6nt\u00e9s \u00e9rtelm\u00e9ben a TV2 h\u00edrm\u0171sorainak (T\u00e9nyek, T\u00e9nyek Plusz, Napl\u00f3, Mokka, tenyek.hu) f\u0151szerkeszt\u0151i ezent\u00fal k\u00f6zvetlen\u00fcl Vaszily Mikl\u00f3s vez\u00e9rigazgat\u00f3nak riport\u00e1lnak.<\/h3>\n<p>Forr\u00e1s: MSN \/ FB<\/p>\n","protected":false},"excerpt":{"rendered":"<p>A TV2 p\u00e1r nappal a Fidesz v\u00e1laszt\u00e1si veres\u00e9ge ut\u00e1n bejelentette, hogy megsz\/nik Szalai Vivien pos\/tja, a csatorna h\u00edrigazgat\u00f3 n\u00e9lk\u00fcl folytatja a tov\u00e1bbiakban. A csatorna h\u00edrad\u00f3ja, a T\u00e9nyek akkor v\u00e1ltott er\u0151sebb kor\/\u00e1nypro\/agand\u00e1ra, amikor&#8230;<\/p>\n","protected":false},"author":1,"featured_media":11276,"comment_status":"open","ping_status":"open","sticky":false,"template":"","format":"standard","meta":{"footnotes":""},"categories":[2],"tags":[],"class_list":["post-11275","post","type-post","status-publish","format-standard","has-post-thumbnail","hentry","category-altalanos"],"aioseo_notices":[],"_links":{"self":[{"href":"https:\/\/online-filmkatarzis.com\/kucko\/wp-json\/wp\/v2\/posts\/11275","targetHints":{"allow":["GET"]}}],"collection":[{"href":"https:\/\/online-filmkatarzis.com\/kucko\/wp-json\/wp\/v2\/posts"}],"about":[{"href":"https:\/\/online-filmkatarzis.com\/kucko\/wp-json\/wp\/v2\/types\/post"}],"author":[{"embeddable":true,"href":"https:\/\/online-filmkatarzis.com\/kucko\/wp-json\/wp\/v2\/users\/1"}],"replies":[{"embeddable":true,"href":"https:\/\/online-filmkatarzis.com\/kucko\/wp-json\/wp\/v2\/comments?post=11275"}],"version-history":[{"count":1,"href":"https:\/\/online-filmkatarzis.com\/kucko\/wp-json\/wp\/v2\/posts\/11275\/revisions"}],"predecessor-version":[{"id":11277,"href":"https:\/\/online-filmkatarzis.com\/kucko\/wp-json\/wp\/v2\/posts\/11275\/revisions\/11277"}],"wp:featuredmedia":[{"embeddable":true,"href":"https:\/\/online-filmkatarzis.com\/kucko\/wp-json\/wp\/v2\/media\/11276"}],"wp:attachment":[{"href":"https:\/\/online-filmkatarzis.com\/kucko\/wp-json\/wp\/v2\/media?parent=11275"}],"wp:term":[{"taxonomy":"category","embeddable":true,"href":"https:\/\/online-filmkatarzis.com\/kucko\/wp-json\/wp\/v2\/categories?post=11275"},{"taxonomy":"post_tag","embeddable":true,"href":"https:\/\/online-filmkatarzis.com\/kucko\/wp-json\/wp\/v2\/tags?post=11275"}],"curies":[{"name":"wp","href":"https:\/\/api.w.org\/{rel}","templated":true}]}}