{"id":11314,"date":"2026-04-20T19:29:15","date_gmt":"2026-04-20T17:29:15","guid":{"rendered":"https:\/\/online-filmkatarzis.com\/kucko\/?p=11314"},"modified":"2026-04-20T19:29:15","modified_gmt":"2026-04-20T17:29:15","slug":"megvan-kover-laszlo-utodja","status":"publish","type":"post","link":"https:\/\/online-filmkatarzis.com\/kucko\/megvan-kover-laszlo-utodja\/","title":{"rendered":"Megvan K\u00f6v\u00e9r L\u00e1szl\u00f3 ut\u00f3dja!"},"content":{"rendered":"<h3>A Tisza P\u00e1rt frakci\u00f3\u00fcl\u00e9se ut\u00e1n h\u00e9t miniszterjel\u00f6lt nev\u00e9t hozt\u00e1k nyilv\u00e1noss\u00e1gra, a korm\u00e1ny fel\u00e9p\u00edt\u00e9se m\u00e1r k\u00f6rvonalaz\u00f3dik<br \/>\nMagyar P\u00e9ter a Tisza P\u00e1rt frakci\u00f3\u00fcl\u00e9s\u00e9t k\u00f6vet\u0151en sajt\u00f3t\u00e1j\u00e9koztat\u00f3n jelentette be leend\u0151 korm\u00e1ny\u00e1nak els\u0151 minisztereit. A p\u00e1rteln\u00f6k Forsthoffer \u00c1gnessel, az Orsz\u00e1ggy\u0171l\u00e9s leend\u0151 eln\u00f6k\u00e9vel, Bujdos\u00f3 Andre\u00e1val, a frakci\u00f3 v\u00e1rhat\u00f3 vezet\u0151j\u00e9vel, valamint T\u00f3th P\u00e9ter kamp\u00e1nyf\u0151n\u00f6kkel egy\u00fctt \u00e1llt a nyilv\u00e1noss\u00e1g el\u00e9.<\/h3>\n<h3><span style=\"color: #ff0000;\"><strong>A h\u00edr nem \u00e9rt v\u00e9get! Folytat\u00e1shoz haszn\u00e1ld a K\u00d6VETKEZ\u0150 OLDAL gombot!<\/strong><\/span><\/h3>\n<h3 style=\"text-align: right;\"><a href=\"https:\/\/online-filmkatarzis.com\/kucko\/hirek\/magyar-peter-megnevezte-kormanyanak-elso-minisztereit\/\" target=\"_blank\" rel=\"noopener\"><span style=\"color: #ff0000;\">&#8212;&gt;&gt; K\u00d6VETKEZ\u0150 OLDAL<\/span><\/a><\/h3>\n<p>&#8211;<\/p>\n","protected":false},"excerpt":{"rendered":"<p>A Tisza P\u00e1rt frakci\u00f3\u00fcl\u00e9se ut\u00e1n h\u00e9t miniszterjel\u00f6lt nev\u00e9t hozt\u00e1k nyilv\u00e1noss\u00e1gra, a korm\u00e1ny fel\u00e9p\u00edt\u00e9se m\u00e1r k\u00f6rvonalaz\u00f3dik Magyar P\u00e9ter a Tisza P\u00e1rt frakci\u00f3\u00fcl\u00e9s\u00e9t k\u00f6vet\u0151en sajt\u00f3t\u00e1j\u00e9koztat\u00f3n jelentette be leend\u0151 korm\u00e1ny\u00e1nak els\u0151 minisztereit. A p\u00e1rteln\u00f6k Forsthoffer&#8230;<\/p>\n","protected":false},"author":1,"featured_media":11315,"comment_status":"open","ping_status":"open","sticky":false,"template":"","format":"standard","meta":{"footnotes":""},"categories":[2],"tags":[],"class_list":["post-11314","post","type-post","status-publish","format-standard","has-post-thumbnail","hentry","category-altalanos"],"aioseo_notices":[],"_links":{"self":[{"href":"https:\/\/online-filmkatarzis.com\/kucko\/wp-json\/wp\/v2\/posts\/11314","targetHints":{"allow":["GET"]}}],"collection":[{"href":"https:\/\/online-filmkatarzis.com\/kucko\/wp-json\/wp\/v2\/posts"}],"about":[{"href":"https:\/\/online-filmkatarzis.com\/kucko\/wp-json\/wp\/v2\/types\/post"}],"author":[{"embeddable":true,"href":"https:\/\/online-filmkatarzis.com\/kucko\/wp-json\/wp\/v2\/users\/1"}],"replies":[{"embeddable":true,"href":"https:\/\/online-filmkatarzis.com\/kucko\/wp-json\/wp\/v2\/comments?post=11314"}],"version-history":[{"count":1,"href":"https:\/\/online-filmkatarzis.com\/kucko\/wp-json\/wp\/v2\/posts\/11314\/revisions"}],"predecessor-version":[{"id":11316,"href":"https:\/\/online-filmkatarzis.com\/kucko\/wp-json\/wp\/v2\/posts\/11314\/revisions\/11316"}],"wp:featuredmedia":[{"embeddable":true,"href":"https:\/\/online-filmkatarzis.com\/kucko\/wp-json\/wp\/v2\/media\/11315"}],"wp:attachment":[{"href":"https:\/\/online-filmkatarzis.com\/kucko\/wp-json\/wp\/v2\/media?parent=11314"}],"wp:term":[{"taxonomy":"category","embeddable":true,"href":"https:\/\/online-filmkatarzis.com\/kucko\/wp-json\/wp\/v2\/categories?post=11314"},{"taxonomy":"post_tag","embeddable":true,"href":"https:\/\/online-filmkatarzis.com\/kucko\/wp-json\/wp\/v2\/tags?post=11314"}],"curies":[{"name":"wp","href":"https:\/\/api.w.org\/{rel}","templated":true}]}}