{"id":11321,"date":"2026-04-20T20:31:46","date_gmt":"2026-04-20T18:31:46","guid":{"rendered":"https:\/\/online-filmkatarzis.com\/kucko\/?p=11321"},"modified":"2026-04-20T20:33:09","modified_gmt":"2026-04-20T18:33:09","slug":"kulcsar-edina-elveszitette-g-w-m-mel-kozos-gyermeket","status":"publish","type":"post","link":"https:\/\/online-filmkatarzis.com\/kucko\/kulcsar-edina-elveszitette-g-w-m-mel-kozos-gyermeket\/","title":{"rendered":"Kulcs\u00e1r Edin\u00e1 elvesz\u00edtette G.w.M-mel k\u00f6z\u00f6s gyermek\u00e9t"},"content":{"rendered":"<h3>Borzaszt\u00f3an megviselte Kulcs\u00e1r Edin\u00e1t, hogy elvesz\u00edtett\u00e9k k\u00f6z\u00f6s gyermek\u00fcket G.w.M-mel. Az \u00e9desanya megsz\u00f3lalt a f\u00e1jdalmas vesztes\u00e9gr\u0151l, \u00e9s \u0151szint\u00e9n besz\u00e9lt arr\u00f3l is, hogy a t\u00f6rt\u00e9ntek miatt saj\u00e1t mag\u00e1t hib\u00e1ztatja. Elmond\u00e1sa szerint rendk\u00edv\u00fcl neh\u00e9z id\u0151szakon magy kereszt\u00fcl, amely lelkileg m\u00e9lyen megviselte.<br \/>\nMUTATJUK MI T\u00d6RT\u00c9NT!<\/h3>\n<h3><span style=\"color: #ff0000;\"><strong>A h\u00edr nem \u00e9rt v\u00e9get! Folytat\u00e1shoz haszn\u00e1ld a K\u00d6VETKEZ\u0150 OLDAL gombot!<\/strong><\/span><\/h3>\n<p><!--nextpage--><\/p>\n<h3>Edina att\u00f3l is tart, hogy nem b\u00edrja ki a f\u00e1jdalmat, amit bab\u00e1juk elveszt\u00e9se okozott. B\u00e1r tudja, hogy f\u00e9rje, Varga M\u00e1rk, G.w.M m\u00e9g nagyon szeretne kisbab\u00e1t, Edin\u00e1t m\u00e1r az \u00f6nv\u00e1d mellett a f\u00e9lelem is k\u00ednozza egy lehets\u00e9ges \u00fajabb trag\u00e9dia miatt.<br \/>\n\u201eA vesztes\u00e9g ut\u00e1n azt mondtam, hogy nem szeretn\u00e9m m\u00e9g csak az es\u00e9ly\u00e9t sem megadni annak, hogy ezt m\u00e9g egyszer \u00e1t\u00e9ljem,\u201d<br \/>\nD\u00d6BBENET, AMIT MOST \u00c1RULTA EL EDINA:<\/h3>\n<h3><span style=\"color: #ff0000;\"><strong>A h\u00edr nem \u00e9rt v\u00e9get! Folytat\u00e1shoz haszn\u00e1ld a K\u00d6VETKEZ\u0150 OLDAL gombot!<\/strong><\/span><\/h3>\n<p><!--nextpage--><\/p>\n<h3>K\u00f6zel f\u00e9l \u00e9vre volt sz\u00fcks\u00e9ge Kulcs\u00e1r Edinanak ahhoz, hogy k\u00e9pes legyen megsz\u00f3lalni arr\u00f3l a f\u00e1jdalmas vesztes\u00e9gr\u0151l, amelyet G.w.M-mel k\u00f6z\u00f6s gyermek\u00fck elveszt\u00e9se jelentett sz\u00e1m\u00e1ra. Elmond\u00e1sa szerint hossz\u00fa ideig csak \u00fagy tudta lelkileg egyens\u00falyban tartani mag\u00e1t, hogy igyekezett ker\u00fclni a t\u00e9m\u00e1t, mert ha sz\u00f3ba ker\u00fclt volna, azonnal el\u00e9rz\u00e9keny\u00fclt \u00e9s k\u00f6nnyekben t\u00f6rt volna ki.<br \/>\nBevallotta azt is, hogy a t\u00f6rt\u00e9ntek miatt legink\u00e1bb \u00f6nmag\u00e1t okolta, \u00e9s a mai napig keresi a v\u00e1laszt arra, vajon hib\u00e1zott-e valamiben. Saj\u00e1t mag\u00e1nak \u00fajra \u00e9s \u00fajra feltette a k\u00e9rd\u00e9st, hogy rosszul tett-e valamit, a lelki\u00e1llapota k\u00f6zrej\u00e1tszhatott-e, esetleg t\u00falhajszolta-e mag\u00e1t, vagy m\u00e1s oka lehetett a trag\u00e9di\u00e1nak. Elmond\u00e1sa szerint sz\u00e1m\u00e1ra tov\u00e1bbra is rendk\u00edv\u00fcl neh\u00e9z elfogadni a t\u00f6rt\u00e9nteket, \u00e9s az, hogy tal\u00e1n sosem der\u00fcl ki pontosan, mi vezetett a vet\u00e9l\u00e9shez, mind a mai napig megnehez\u00edti a mindennapjait.<\/h3>\n<p>VIA Story<\/p>\n","protected":false},"excerpt":{"rendered":"<p>Borzaszt\u00f3an megviselte Kulcs\u00e1r Edin\u00e1t, hogy elvesz\u00edtett\u00e9k k\u00f6z\u00f6s gyermek\u00fcket G.w.M-mel. Az \u00e9desanya megsz\u00f3lalt a f\u00e1jdalmas vesztes\u00e9gr\u0151l, \u00e9s \u0151szint\u00e9n besz\u00e9lt arr\u00f3l is, hogy a t\u00f6rt\u00e9ntek miatt saj\u00e1t mag\u00e1t hib\u00e1ztatja. Elmond\u00e1sa szerint rendk\u00edv\u00fcl neh\u00e9z id\u0151szakon&#8230;<\/p>\n","protected":false},"author":1,"featured_media":11322,"comment_status":"open","ping_status":"open","sticky":false,"template":"","format":"standard","meta":{"footnotes":""},"categories":[2],"tags":[],"class_list":["post-11321","post","type-post","status-publish","format-standard","has-post-thumbnail","hentry","category-altalanos"],"aioseo_notices":[],"_links":{"self":[{"href":"https:\/\/online-filmkatarzis.com\/kucko\/wp-json\/wp\/v2\/posts\/11321","targetHints":{"allow":["GET"]}}],"collection":[{"href":"https:\/\/online-filmkatarzis.com\/kucko\/wp-json\/wp\/v2\/posts"}],"about":[{"href":"https:\/\/online-filmkatarzis.com\/kucko\/wp-json\/wp\/v2\/types\/post"}],"author":[{"embeddable":true,"href":"https:\/\/online-filmkatarzis.com\/kucko\/wp-json\/wp\/v2\/users\/1"}],"replies":[{"embeddable":true,"href":"https:\/\/online-filmkatarzis.com\/kucko\/wp-json\/wp\/v2\/comments?post=11321"}],"version-history":[{"count":2,"href":"https:\/\/online-filmkatarzis.com\/kucko\/wp-json\/wp\/v2\/posts\/11321\/revisions"}],"predecessor-version":[{"id":11324,"href":"https:\/\/online-filmkatarzis.com\/kucko\/wp-json\/wp\/v2\/posts\/11321\/revisions\/11324"}],"wp:featuredmedia":[{"embeddable":true,"href":"https:\/\/online-filmkatarzis.com\/kucko\/wp-json\/wp\/v2\/media\/11322"}],"wp:attachment":[{"href":"https:\/\/online-filmkatarzis.com\/kucko\/wp-json\/wp\/v2\/media?parent=11321"}],"wp:term":[{"taxonomy":"category","embeddable":true,"href":"https:\/\/online-filmkatarzis.com\/kucko\/wp-json\/wp\/v2\/categories?post=11321"},{"taxonomy":"post_tag","embeddable":true,"href":"https:\/\/online-filmkatarzis.com\/kucko\/wp-json\/wp\/v2\/tags?post=11321"}],"curies":[{"name":"wp","href":"https:\/\/api.w.org\/{rel}","templated":true}]}}