{"id":11348,"date":"2026-04-21T21:01:34","date_gmt":"2026-04-21T19:01:34","guid":{"rendered":"https:\/\/online-filmkatarzis.com\/kucko\/?p=11348"},"modified":"2026-04-21T21:01:34","modified_gmt":"2026-04-21T19:01:34","slug":"orban-szintet-lep-ezert-tortent-minden-ami","status":"publish","type":"post","link":"https:\/\/online-filmkatarzis.com\/kucko\/orban-szintet-lep-ezert-tortent-minden-ami\/","title":{"rendered":"Orb\u00e1n szintet l\u00e9p! Ez\u00e9rt t\u00f6rt\u00e9nt minden ami"},"content":{"rendered":"<h3>Az elm\u00falt napokban egyre t\u00f6bb helyen felbukkant a k\u00e9rd\u00e9s, hogy Orb\u00e1n Viktor vajon egyszer m\u00e9g Br\u00fcsszel egyik legfontosabb sz\u00e9k\u00e9re is p\u00e1ly\u00e1zhat-e, \u00e9s 2029-ben ak\u00e1r Ursula von der Leyen hely\u00e9re ker\u00fclhet-e. A felvet\u00e9s els\u0151re er\u0151s c\u00edmnek hangzik, de a val\u00f3s\u00e1g enn\u00e9l j\u00f3val bonyolultabb: Ursula von der Leyen jelenlegi, m\u00e1sodik ciklusa 2024 december\u00e9t\u0151l 2029 november\u00e9ig tart, vagyis a vita val\u00f3j\u00e1ban a 2029-es eur\u00f3pai parlamenti v\u00e1laszt\u00e1sok ut\u00e1ni \u00faj uni\u00f3s vezet\u00e9sr\u0151l sz\u00f3l. MUTATJUK A R\u00c9SZLETEKET!<\/h3>\n<h3><span style=\"color: #ff0000;\"><strong>A h\u00edr nem \u00e9rt v\u00e9get! Folytat\u00e1shoz haszn\u00e1ld a K\u00d6VETKEZ\u0150 OLDAL gombot!<\/strong><\/span><\/h3>\n<p><!--nextpage--><\/p>\n<h3>Nem n\u00e9pszavaz\u00e1s d\u00f6ntene r\u00f3la, hanem kem\u00e9ny br\u00fcsszeli alku Az Eur\u00f3pai Bizotts\u00e1g eln\u00f6k\u00e9t nem k\u00f6zvetlen\u00fcl v\u00e1lasztj\u00e1k meg az uni\u00f3s polg\u00e1rok. A folyamat \u00fagy m\u0171k\u00f6dik, hogy az Eur\u00f3pai Tan\u00e1cs \u2014 vagyis a tag\u00e1llami vezet\u0151k \u2014 jel\u00f6lnek egy szem\u00e9lyt, akit azt\u00e1n az Eur\u00f3pai Parlamentnek abszol\u00fat t\u00f6bbs\u00e9ggel j\u00f3v\u00e1 kell hagynia. Az uni\u00f3s szab\u00e1lyok szerint a jel\u00f6ltet a parlamenti er\u0151viszonyok figyelembev\u00e9tel\u00e9vel v\u00e1lasztj\u00e1k ki, \u00e9s jellemz\u0151en a leger\u0151sebb eur\u00f3pai politikai csal\u00e1db\u00f3l \u00e9rkezik. Magyar\u00e1n: ehhez nem el\u00e9g egy hangos kamp\u00e1ny vagy egy er\u0151s szem\u00e9lyes brand, nagyon sz\u00e9les \u00e1llamk\u00f6zi \u00e9s parlamenti t\u00e1mogat\u00e1s kell. MUTATJUK A R\u00c9SZLETEKET!<\/h3>\n<h3><span style=\"color: #ff0000;\"><strong>A h\u00edr nem \u00e9rt v\u00e9get! Folytat\u00e1shoz haszn\u00e1ld a K\u00d6VETKEZ\u0150 OLDAL gombot!<\/strong><\/span><\/h3>\n<p><!--nextpage--><\/p>\n<h3>Orb\u00e1n el\u0151tt most nem Br\u00fcsszel, hanem a saj\u00e1t t\u00e1bor\u00e1nak \u00fajj\u00e1szervez\u00e9se \u00e1ll<\/h3>\n<h3>A mostani politikai helyzet kifejezetten nem Orb\u00e1nnak kedvez egy ilyen j\u00f6v\u0151beli uni\u00f3s cs\u00facsposzt szempontj\u00e1b\u00f3l. A Reuters \u00e9s az AP besz\u00e1mol\u00f3i szerint Orb\u00e1n Viktor a 2026-os v\u00e1laszt\u00e1si veres\u00e9g ut\u00e1n elvesz\u00edtette a minisztereln\u00f6ki poz\u00edci\u00f3j\u00e1t, \u00e9s maga is arr\u00f3l besz\u00e9l, hogy a Fidesznek \u201eteljes meg\u00fajul\u00e1sra\u201d van sz\u00fcks\u00e9ge. Ez azt mutatja, hogy jelenleg nem egy br\u00fcsszeli el\u0151ret\u00f6r\u00e9s, hanem a hazai politikai t\u00fal\u00e9l\u00e9s \u00e9s \u00fajraszervez\u00e9s van napirenden.<\/h3>\n<p>Forr\u00e1s: MSN \/ FB \/ BPW<\/p>\n","protected":false},"excerpt":{"rendered":"<p>Az elm\u00falt napokban egyre t\u00f6bb helyen felbukkant a k\u00e9rd\u00e9s, hogy Orb\u00e1n Viktor vajon egyszer m\u00e9g Br\u00fcsszel egyik legfontosabb sz\u00e9k\u00e9re is p\u00e1ly\u00e1zhat-e, \u00e9s 2029-ben ak\u00e1r Ursula von der Leyen hely\u00e9re ker\u00fclhet-e. A felvet\u00e9s&#8230;<\/p>\n","protected":false},"author":1,"featured_media":11349,"comment_status":"open","ping_status":"open","sticky":false,"template":"","format":"standard","meta":{"footnotes":""},"categories":[2],"tags":[],"class_list":["post-11348","post","type-post","status-publish","format-standard","has-post-thumbnail","hentry","category-altalanos"],"aioseo_notices":[],"_links":{"self":[{"href":"https:\/\/online-filmkatarzis.com\/kucko\/wp-json\/wp\/v2\/posts\/11348","targetHints":{"allow":["GET"]}}],"collection":[{"href":"https:\/\/online-filmkatarzis.com\/kucko\/wp-json\/wp\/v2\/posts"}],"about":[{"href":"https:\/\/online-filmkatarzis.com\/kucko\/wp-json\/wp\/v2\/types\/post"}],"author":[{"embeddable":true,"href":"https:\/\/online-filmkatarzis.com\/kucko\/wp-json\/wp\/v2\/users\/1"}],"replies":[{"embeddable":true,"href":"https:\/\/online-filmkatarzis.com\/kucko\/wp-json\/wp\/v2\/comments?post=11348"}],"version-history":[{"count":1,"href":"https:\/\/online-filmkatarzis.com\/kucko\/wp-json\/wp\/v2\/posts\/11348\/revisions"}],"predecessor-version":[{"id":11350,"href":"https:\/\/online-filmkatarzis.com\/kucko\/wp-json\/wp\/v2\/posts\/11348\/revisions\/11350"}],"wp:featuredmedia":[{"embeddable":true,"href":"https:\/\/online-filmkatarzis.com\/kucko\/wp-json\/wp\/v2\/media\/11349"}],"wp:attachment":[{"href":"https:\/\/online-filmkatarzis.com\/kucko\/wp-json\/wp\/v2\/media?parent=11348"}],"wp:term":[{"taxonomy":"category","embeddable":true,"href":"https:\/\/online-filmkatarzis.com\/kucko\/wp-json\/wp\/v2\/categories?post=11348"},{"taxonomy":"post_tag","embeddable":true,"href":"https:\/\/online-filmkatarzis.com\/kucko\/wp-json\/wp\/v2\/tags?post=11348"}],"curies":[{"name":"wp","href":"https:\/\/api.w.org\/{rel}","templated":true}]}}