{"id":11428,"date":"2026-04-26T19:01:13","date_gmt":"2026-04-26T17:01:13","guid":{"rendered":"https:\/\/online-filmkatarzis.com\/kucko\/?p=11428"},"modified":"2026-04-27T12:47:22","modified_gmt":"2026-04-27T10:47:22","slug":"sulyos-dontest-hozott-orban-viktor","status":"publish","type":"post","link":"https:\/\/online-filmkatarzis.com\/kucko\/sulyos-dontest-hozott-orban-viktor\/","title":{"rendered":"S\u00falyos d\u00f6nt\u00e9st hozott Orb\u00e1n Viktor"},"content":{"rendered":"<h3>Teljesen \u00faj korszak kezd\u0151dhet a Fidesz \u00e9let\u00e9ben: Orb\u00e1n Viktor rendk\u00edv\u00fcli bejelent\u00e9st tett a p\u00e1rt eln\u00f6ks\u00e9gi \u00fcl\u00e9se ut\u00e1n, amely alapjaiban rendezheti \u00e1t az er\u0151viszonyokat. M\u00e1r napok \u00f3ta mentek a tal\u00e1lgat\u00e1sok arr\u00f3l, hogy a lek\u00f6sz\u00f6n\u0151 korm\u00e1nyf\u0151 komoly v\u00e1ltoz\u00e1sokra k\u00e9sz\u00fcl, most azonban minden k\u00e9rd\u00e9sre v\u00e1laszt adott. Sokan sejtett\u00e9k, hogy nagy horderej\u0171 d\u00f6nt\u00e9sek j\u00f6nnek \u2013 de arra kevesen sz\u00e1m\u00edtottak, ami v\u00e9g\u00fcl elhangzott.<br \/>\nMUTATJUK A R\u00c9SZLETEKET!<\/h3>\n<h3><span style=\"color: #ff0000;\"><strong>A h\u00edr nem \u00e9rt v\u00e9get! Folytat\u00e1shoz haszn\u00e1ld a K\u00d6VETKEZ\u0150 OLDAL gombot!<\/strong><\/span><\/h3>\n<p><!--nextpage--><\/p>\n<h3>\u201eMost \u00e9rt v\u00e9get a Fidesz eln\u00f6ks\u00e9gi \u00fcl\u00e9se. G\u0151zer\u0151vel zajlanak a megbesz\u00e9l\u00e9sek a nemzeti oldal meg\u00fajul\u00e1s\u00e1r\u00f3l, a frakci\u00f3nkr\u00f3l \u00e9s k\u00f6z\u00f6ss\u00e9geink megv\u00e9d\u00e9s\u00e9r\u0151l\u201d \u2013 kezdte fesz\u00fclt hangulat\u00fa bejelent\u00e9s\u00e9t Orb\u00e1n Viktor. Ezut\u00e1n el\u00e1rulta, hogy minden k\u00e9pvisel\u0151jel\u00f6ltet meghallgattak, \u00e9s t\u00f6bb fontos d\u00f6nt\u00e9st is meghoztak. A legnagyobb d\u00f6bbenetet azonban az okozta, amikor k\u00f6z\u00f6lte: a parlamenti frakci\u00f3t gy\u00f6keresen \u00e1talak\u00edtj\u00e1k, az \u00faj frakci\u00f3 pedig m\u00e1r h\u00e9tf\u0151n megalakul. Majd j\u00f6tt az este legv\u00e1ratlanabb fordulata: Orb\u00e1n Viktor bejelentette, hogy a frakci\u00f3 \u00e9l\u00e9re Guly\u00e1s Gergely ker\u00fcl.<br \/>\nS\u00daLYOS D\u00d6NT\u00c9ST HOZOTT, EZ LESZ ORB\u00c1N VIKTORRAL:<\/h3>\n<h3><span style=\"color: #ff0000;\"><strong>A h\u00edr nem \u00e9rt v\u00e9get! Folytat\u00e1shoz haszn\u00e1ld a K\u00d6VETKEZ\u0150 OLDAL gombot!<\/strong><\/span><\/h3>\n<p><!--nextpage--><\/p>\n<h3>A dr\u00e1mai pillanatok azonban itt m\u00e9g nem \u00e9rtek v\u00e9get. Orb\u00e1n Viktor k\u00f6z\u00f6lte: a listavezet\u0151k\u00e9nt megszerzett parlamenti mand\u00e1tum\u00e1t visszaadja, mert \u00fagy l\u00e1tja, most nem az Orsz\u00e1ggy\u0171l\u00e9sben van r\u00e1 sz\u00fcks\u00e9g. \u201eR\u00e1m most nem a parlamentben, hanem a nemzeti oldal \u00fajj\u00e1szervez\u00e9s\u00e9ben van sz\u00fcks\u00e9g\u201d \u2013 fogalmazott. Arr\u00f3l is besz\u00e9lt, hogy j\u00f6v\u0151 h\u00e9ten orsz\u00e1gos v\u00e1lasztm\u00e1nyt tartanak, az \u0151szi tiszt\u00faj\u00edt\u00f3 kongresszust pedig el\u0151rehozz\u00e1k j\u00faniusra. V\u00e9g\u00fcl hangs\u00falyozta: k\u00f6zel n\u00e9gy \u00e9vtizede vezeti k\u00f6z\u00f6ss\u00e9g\u00e9t, \u00e9s k\u00e9szen \u00e1ll arra, hogy a Fidesz eln\u00f6kek\u00e9nt folytassa a munk\u00e1t, ha \u00fajra bizalmat kap. A bejelent\u00e9s politikai f\u00f6ldreng\u00e9st ind\u00edthat el.<\/h3>\n<p>VIA FB<\/p>\n","protected":false},"excerpt":{"rendered":"<p>Teljesen \u00faj korszak kezd\u0151dhet a Fidesz \u00e9let\u00e9ben: Orb\u00e1n Viktor rendk\u00edv\u00fcli bejelent\u00e9st tett a p\u00e1rt eln\u00f6ks\u00e9gi \u00fcl\u00e9se ut\u00e1n, amely alapjaiban rendezheti \u00e1t az er\u0151viszonyokat. M\u00e1r napok \u00f3ta mentek a tal\u00e1lgat\u00e1sok arr\u00f3l, hogy a&#8230;<\/p>\n","protected":false},"author":1,"featured_media":11429,"comment_status":"open","ping_status":"open","sticky":false,"template":"","format":"standard","meta":{"footnotes":""},"categories":[2],"tags":[],"class_list":["post-11428","post","type-post","status-publish","format-standard","has-post-thumbnail","hentry","category-altalanos"],"aioseo_notices":[],"_links":{"self":[{"href":"https:\/\/online-filmkatarzis.com\/kucko\/wp-json\/wp\/v2\/posts\/11428","targetHints":{"allow":["GET"]}}],"collection":[{"href":"https:\/\/online-filmkatarzis.com\/kucko\/wp-json\/wp\/v2\/posts"}],"about":[{"href":"https:\/\/online-filmkatarzis.com\/kucko\/wp-json\/wp\/v2\/types\/post"}],"author":[{"embeddable":true,"href":"https:\/\/online-filmkatarzis.com\/kucko\/wp-json\/wp\/v2\/users\/1"}],"replies":[{"embeddable":true,"href":"https:\/\/online-filmkatarzis.com\/kucko\/wp-json\/wp\/v2\/comments?post=11428"}],"version-history":[{"count":4,"href":"https:\/\/online-filmkatarzis.com\/kucko\/wp-json\/wp\/v2\/posts\/11428\/revisions"}],"predecessor-version":[{"id":11446,"href":"https:\/\/online-filmkatarzis.com\/kucko\/wp-json\/wp\/v2\/posts\/11428\/revisions\/11446"}],"wp:featuredmedia":[{"embeddable":true,"href":"https:\/\/online-filmkatarzis.com\/kucko\/wp-json\/wp\/v2\/media\/11429"}],"wp:attachment":[{"href":"https:\/\/online-filmkatarzis.com\/kucko\/wp-json\/wp\/v2\/media?parent=11428"}],"wp:term":[{"taxonomy":"category","embeddable":true,"href":"https:\/\/online-filmkatarzis.com\/kucko\/wp-json\/wp\/v2\/categories?post=11428"},{"taxonomy":"post_tag","embeddable":true,"href":"https:\/\/online-filmkatarzis.com\/kucko\/wp-json\/wp\/v2\/tags?post=11428"}],"curies":[{"name":"wp","href":"https:\/\/api.w.org\/{rel}","templated":true}]}}