{"id":11437,"date":"2026-04-27T10:55:05","date_gmt":"2026-04-27T08:55:05","guid":{"rendered":"https:\/\/online-filmkatarzis.com\/kucko\/?p=11437"},"modified":"2026-04-27T21:19:08","modified_gmt":"2026-04-27T19:19:08","slug":"ennyin-mulik-hogy-vadat-emelnek-e","status":"publish","type":"post","link":"https:\/\/online-filmkatarzis.com\/kucko\/ennyin-mulik-hogy-vadat-emelnek-e\/","title":{"rendered":"ENNYIN m\u00falik, hogy v\u00e1dat emelnek-e"},"content":{"rendered":"<h3>Laura K\u00f6vesi szerint k\u00e9szen \u00e1llnak egy\u00fctt dolgozni a magyar hat\u00f3s\u00e1gokkal, ha Magyarorsz\u00e1g csatlakozik az Eur\u00f3pai \u00dcgy\u00e9szs\u00e9ghez. A szervezet vezet\u0151je \u00fcdv\u00f6z\u00f6lte Magyar P\u00e9ter erre vonatkoz\u00f3 felvet\u00e9s\u00e9t, \u00e9s kiemelte a magyar szakemberek felk\u00e9sz\u00fclts\u00e9g\u00e9t. A csatlakoz\u00e1s \u00fcteme a magyar jogalkot\u00e1son m\u00falik, az uni\u00f3s szab\u00e1lyokat be kell illeszteni a hazai rendszerbe. Azt is Magyarorsz\u00e1g d\u00f6ntheti el, hogy az \u00fcgy\u00e9szs\u00e9g hat\u00e1sk\u00f6re visszamen\u0151leges legyen-e, vagy csak a csatlakoz\u00e1s ut\u00e1ni \u00fcgyekre terjedjen ki. MUTATJUK A R\u00c9SZLETEKET!<\/h3>\n<h3><span style=\"color: #ff0000;\"><strong>A h\u00edr nem \u00e9rt v\u00e9get! Folytat\u00e1shoz haszn\u00e1ld a K\u00d6VETKEZ\u0150 OLDAL gombot!<\/strong><\/span><\/h3>\n<h3 style=\"text-align: right;\"><a href=\"https:\/\/online-filmkatarzis.com\/kucko\/hirek\/ennyin-mulik-hogy-vadat-emelnek-e\/\" target=\"_blank\" rel=\"noopener\"><span style=\"color: #ff0000;\">&#8212;&gt;&gt; K\u00d6VETKEZ\u0150 OLDAL<\/span><\/a><\/h3>\n<p>&#8211;<\/p>\n<p>A sz\u00e9n-dioxid-kibocs\u00e1t\u00e1s ak\u00e1r 197 g\/km is lehet, ami j\u00f3l mutatja, hogy mennyire elt\u00e9r ez a modell a hagyom\u00e1nyos, hibrid hajt\u00e1s\u00fa Toyota Yaris v\u00e1ltozatt\u00f3l, amely mind\u00f6ssze k\u00f6r\u00fclbel\u00fcl 109 g\/km-es \u00e9rt\u00e9ket produk\u00e1l. Ez a k\u00fcl\u00f6nbs\u00e9g nem csup\u00e1n sz\u00e1mokban m\u00e9rhet\u0151, hanem filoz\u00f3fi\u00e1ban is: m\u00edg a hagyom\u00e1nyos Yaris a v\u00e1rosi, gazdas\u00e1gos k\u00f6zleked\u00e9st helyezi el\u0151t\u00e9rbe, addig a GR Yaris egy\u00e9rtelm\u0171en a teljes\u00edtm\u00e9nyre \u00e9s a vezet\u00e9si \u00e9lm\u00e9nyre f\u00f3kusz\u00e1l.<\/p>\n<p>A modell k\u00fcl\u00f6nlegess\u00e9ge \u00e9s egyedi kialak\u00edt\u00e1sa, valamint az a rendk\u00edv\u00fcl pozit\u00edv fogadtat\u00e1s, amelyben p\u00e9ld\u00e1ul az Egyes\u00fclt Kir\u00e1lys\u00e1g piac\u00e1n r\u00e9szes\u00fclt, hozz\u00e1j\u00e1rult ahhoz, hogy a haszn\u00e1ltpiaci \u00e9rt\u00e9ke kifejezetten stabil maradjon. A piaci adatok azt mutatj\u00e1k, hogy egy \u00e1tlagos, h\u00e1rom\u00e9ves vagy k\u00f6r\u00fclbel\u00fcl 36 000 m\u00e9rf\u00f6ldes haszn\u00e1lat ut\u00e1n az aut\u00f3 m\u00e9g mindig meg\u0151rzi eredeti lista\u00e1r\u00e1nak mintegy 54\u201356 sz\u00e1zal\u00e9k\u00e1t. Ez az ar\u00e1ny kimondottan j\u00f3nak sz\u00e1m\u00edt a sportos kompakt kateg\u00f3ri\u00e1ban, \u00e9s r\u00e9szben annak is k\u00f6sz\u00f6nhet\u0151, hogy a GR Yaris nem t\u00f6megcikk: limit\u00e1ltabb darabsz\u00e1mban k\u00e9sz\u00fclt, \u00e9s technikai szempontb\u00f3l is sokkal k\u00f6zelebb \u00e1ll egy homologiz\u00e1ci\u00f3s k\u00fcl\u00f6nlegess\u00e9ghez, mint egy \u00e1tlagos sorozatgy\u00e1rt\u00e1s\u00fa modellhez.<\/p>\n<p>A GR Yaris tervez\u00e9se m\u00e1r a kezdetekt\u0151l fogva konkr\u00e9t c\u00e9lokat k\u00f6vetett a leszor\u00edt\u00f3er\u0151, az aerodinamikai hat\u00e9konys\u00e1g \u00e9s a stabilit\u00e1s ter\u00e9n. Ennek eredm\u00e9nyek\u00e9nt az aut\u00f3 karossz\u00e9riaelemei szinte teljesen egyediek: a hagyom\u00e1nyos Yarisb\u00f3l mind\u00f6ssze a f\u00e9nysz\u00f3r\u00f3k, a h\u00e1ts\u00f3 l\u00e1mp\u00e1k, a visszapillant\u00f3 t\u00fckr\u00f6k \u00e9s a tet\u0151n tal\u00e1lhat\u00f3 c\u00e1pauszony antenna ker\u00fcltek \u00e1tv\u00e9telre. Minden m\u00e1s elem \u2013 bele\u00e9rtve a karossz\u00e9ria form\u00e1j\u00e1t, az ar\u00e1nyokat \u00e9s az anyaghaszn\u00e1latot \u2013 kifejezetten ehhez a modellhez lett megtervezve.<\/p>\n","protected":false},"excerpt":{"rendered":"<p>Laura K\u00f6vesi szerint k\u00e9szen \u00e1llnak egy\u00fctt dolgozni a magyar hat\u00f3s\u00e1gokkal, ha Magyarorsz\u00e1g csatlakozik az Eur\u00f3pai \u00dcgy\u00e9szs\u00e9ghez. A szervezet vezet\u0151je \u00fcdv\u00f6z\u00f6lte Magyar P\u00e9ter erre vonatkoz\u00f3 felvet\u00e9s\u00e9t, \u00e9s kiemelte a magyar szakemberek felk\u00e9sz\u00fclts\u00e9g\u00e9t. A&#8230;<\/p>\n","protected":false},"author":1,"featured_media":11439,"comment_status":"open","ping_status":"open","sticky":false,"template":"","format":"standard","meta":{"footnotes":""},"categories":[2],"tags":[],"class_list":["post-11437","post","type-post","status-publish","format-standard","has-post-thumbnail","hentry","category-altalanos"],"aioseo_notices":[],"_links":{"self":[{"href":"https:\/\/online-filmkatarzis.com\/kucko\/wp-json\/wp\/v2\/posts\/11437","targetHints":{"allow":["GET"]}}],"collection":[{"href":"https:\/\/online-filmkatarzis.com\/kucko\/wp-json\/wp\/v2\/posts"}],"about":[{"href":"https:\/\/online-filmkatarzis.com\/kucko\/wp-json\/wp\/v2\/types\/post"}],"author":[{"embeddable":true,"href":"https:\/\/online-filmkatarzis.com\/kucko\/wp-json\/wp\/v2\/users\/1"}],"replies":[{"embeddable":true,"href":"https:\/\/online-filmkatarzis.com\/kucko\/wp-json\/wp\/v2\/comments?post=11437"}],"version-history":[{"count":3,"href":"https:\/\/online-filmkatarzis.com\/kucko\/wp-json\/wp\/v2\/posts\/11437\/revisions"}],"predecessor-version":[{"id":11463,"href":"https:\/\/online-filmkatarzis.com\/kucko\/wp-json\/wp\/v2\/posts\/11437\/revisions\/11463"}],"wp:featuredmedia":[{"embeddable":true,"href":"https:\/\/online-filmkatarzis.com\/kucko\/wp-json\/wp\/v2\/media\/11439"}],"wp:attachment":[{"href":"https:\/\/online-filmkatarzis.com\/kucko\/wp-json\/wp\/v2\/media?parent=11437"}],"wp:term":[{"taxonomy":"category","embeddable":true,"href":"https:\/\/online-filmkatarzis.com\/kucko\/wp-json\/wp\/v2\/categories?post=11437"},{"taxonomy":"post_tag","embeddable":true,"href":"https:\/\/online-filmkatarzis.com\/kucko\/wp-json\/wp\/v2\/tags?post=11437"}],"curies":[{"name":"wp","href":"https:\/\/api.w.org\/{rel}","templated":true}]}}