{"id":11452,"date":"2026-04-27T18:12:07","date_gmt":"2026-04-27T16:12:07","guid":{"rendered":"https:\/\/online-filmkatarzis.com\/kucko\/?p=11452"},"modified":"2026-04-27T18:14:56","modified_gmt":"2026-04-27T16:14:56","slug":"vadat-emeltek-curtis-ellen","status":"publish","type":"post","link":"https:\/\/online-filmkatarzis.com\/kucko\/vadat-emeltek-curtis-ellen\/","title":{"rendered":"V\u00e1dat emeltek Curtis ellen"},"content":{"rendered":"<h3>S\u00falyos fordulatot vett Curtis \u00fcgye: az Egri J\u00e1r\u00e1si \u00dcgy\u00e9szs\u00e9g v\u00e1dat emelt a n\u00e9pszer\u0171 rapper ellen egy balh\u00e9 miatt. Az eset egy j\u00f3t\u00e9konys\u00e1gi rendezv\u00e9nyen r0bbant ki, ahol a fesz\u00fclts\u00e9g percek alatt kezelhetetlenn\u00e9 v\u00e1lt. A t\u00e9t most m\u00e1r komoly. A hivatalos k\u00f6zlem\u00e9ny ugyan nem nevezte meg az \u00e9rintettet, de a sajt\u00f3inform\u00e1ci\u00f3k szerint egy\u00e9rtelm\u0171en Sz\u00e9ki Attil\u00e1r\u00f3l, vagyis Curtisr\u0151l van sz\u00f3, aki ellen meg is t\u00f6rt\u00e9nt a v\u00e1demel\u00e9s.<br \/>\nMUTATJUK A R\u00c9SZLETEKET!<\/h3>\n<h3><span style=\"color: #ff0000;\"><strong>A h\u00edr nem \u00e9rt v\u00e9get! Folytat\u00e1shoz haszn\u00e1ld a K\u00d6VETKEZ\u0150 OLDAL gombot!<\/strong><\/span><\/h3>\n<p><!--nextpage--><\/p>\n<h3>A v\u00e1dhat\u00f3s\u00e1g szerint a janu\u00e1ri egri teremtorn\u00e1n, k\u00f6zvetlen\u00fcl az eredm\u00e9nyhirdet\u00e9s alatt t\u00f6rt\u00e9nt az incidens. Egy n\u00e9z\u0151 \u00e1ll\u00edt\u00f3lag folyamatosan bekiab\u00e1lt, s\u00e9rtegette Curtis csapat\u00e1t, \u00e9s egyre jobban hergelte a hangulatot.<br \/>\nA rappern\u00e9l ekkor elszakadhatott a c\u00e9rna. A besz\u00e1mol\u00f3k szerint hirtelen a lel\u00e1t\u00f3hoz rohant, majd az els\u0151 sorban \u00fcl\u0151 f\u00e9rfit szidalmak k\u00f6zepette arc0n \u00fct\u00f6t\/te.<br \/>\nA helyzet azonban enn\u00e9l is s\u00falyosabbra fordult. MUTATJUK A R\u00c9SZLETEKET!<\/h3>\n<h3><span style=\"color: #ff0000;\"><strong>A h\u00edr nem \u00e9rt v\u00e9get! Folytat\u00e1shoz haszn\u00e1ld a K\u00d6VETKEZ\u0150 OLDAL gombot!<\/strong><\/span><\/h3>\n<p><!--nextpage--><\/p>\n<h3>A feld\u00fch\u00f6d\u00f6tt Curtist v\u00e9g\u00fcl egyik csapatt\u00e1rsa fogta vissza, \u00e9s h\u00fazta el a helysz\u00ednr\u0151l, miel\u0151tt m\u00e9g nagyobb botr\u00e1ny robban ki.<br \/>\nHi\u00e1ba a bocs\u00e1natk\u00e9r\u00e9s: most m\u00e1r b\u00edr\u00f3s\u00e1g d\u00f6nthet<br \/>\nCurtis kor\u00e1bban m\u00e1r megsz\u00f3lalt az \u00fcgyben, \u00e9s nyilv\u00e1nosan megb\u00e1n\u00e1s\u00e1t fejezte ki. Egy kor\u00e1bbi bejegyz\u00e9s\u00e9ben azt \u00edrta, hogy a bekiab\u00e1l\u00e1sok m\u00e9lyen \u00e9rintett\u00e9k, emiatt meggondolatlanul cselekedett, amit sajn\u00e1l. \u00dagy t\u0171nik azonban, hogy ez nem volt el\u00e9g az \u00fcgy lez\u00e1r\u00e1s\u00e1hoz. Az \u00fcgy\u00e9szs\u00e9g szerint a rapper viselked\u00e9se alkalmas volt arra, hogy megbotr\u00e1nkoz\u00e1st \u00e9s riadalmat keltsen a jelenl\u00e9v\u0151kben, ez\u00e9rt nyilv\u00e1nos rendezv\u00e9nyen elk\u00f6vetett gar\u00e1zdas\u00e1g miatt emeltek v\u00e1dat ellene.<br \/>\nA v\u00e1diratban p\u00e9nzb\u00fcntet\u00e9s kiszab\u00e1s\u00e1t ind\u00edtv\u00e1nyozt\u00e1k. Most minden szem Curtisre szegez\u0151dik: vajon hogyan hat ez a botr\u00e1ny a karrierj\u00e9re, \u00e9s siker\u00fclhet-e maga m\u00f6g\u00f6tt hagynia az \u00fcgyet?<\/h3>\n<p>VIA Story<\/p>\n","protected":false},"excerpt":{"rendered":"<p>S\u00falyos fordulatot vett Curtis \u00fcgye: az Egri J\u00e1r\u00e1si \u00dcgy\u00e9szs\u00e9g v\u00e1dat emelt a n\u00e9pszer\u0171 rapper ellen egy balh\u00e9 miatt. Az eset egy j\u00f3t\u00e9konys\u00e1gi rendezv\u00e9nyen r0bbant ki, ahol a fesz\u00fclts\u00e9g percek alatt kezelhetetlenn\u00e9 v\u00e1lt&#8230;.<\/p>\n","protected":false},"author":1,"featured_media":11453,"comment_status":"open","ping_status":"open","sticky":false,"template":"","format":"standard","meta":{"footnotes":""},"categories":[2],"tags":[],"class_list":["post-11452","post","type-post","status-publish","format-standard","has-post-thumbnail","hentry","category-altalanos"],"aioseo_notices":[],"_links":{"self":[{"href":"https:\/\/online-filmkatarzis.com\/kucko\/wp-json\/wp\/v2\/posts\/11452","targetHints":{"allow":["GET"]}}],"collection":[{"href":"https:\/\/online-filmkatarzis.com\/kucko\/wp-json\/wp\/v2\/posts"}],"about":[{"href":"https:\/\/online-filmkatarzis.com\/kucko\/wp-json\/wp\/v2\/types\/post"}],"author":[{"embeddable":true,"href":"https:\/\/online-filmkatarzis.com\/kucko\/wp-json\/wp\/v2\/users\/1"}],"replies":[{"embeddable":true,"href":"https:\/\/online-filmkatarzis.com\/kucko\/wp-json\/wp\/v2\/comments?post=11452"}],"version-history":[{"count":2,"href":"https:\/\/online-filmkatarzis.com\/kucko\/wp-json\/wp\/v2\/posts\/11452\/revisions"}],"predecessor-version":[{"id":11455,"href":"https:\/\/online-filmkatarzis.com\/kucko\/wp-json\/wp\/v2\/posts\/11452\/revisions\/11455"}],"wp:featuredmedia":[{"embeddable":true,"href":"https:\/\/online-filmkatarzis.com\/kucko\/wp-json\/wp\/v2\/media\/11453"}],"wp:attachment":[{"href":"https:\/\/online-filmkatarzis.com\/kucko\/wp-json\/wp\/v2\/media?parent=11452"}],"wp:term":[{"taxonomy":"category","embeddable":true,"href":"https:\/\/online-filmkatarzis.com\/kucko\/wp-json\/wp\/v2\/categories?post=11452"},{"taxonomy":"post_tag","embeddable":true,"href":"https:\/\/online-filmkatarzis.com\/kucko\/wp-json\/wp\/v2\/tags?post=11452"}],"curies":[{"name":"wp","href":"https:\/\/api.w.org\/{rel}","templated":true}]}}