{"id":11466,"date":"2026-04-28T07:10:09","date_gmt":"2026-04-28T05:10:09","guid":{"rendered":"https:\/\/online-filmkatarzis.com\/kucko\/?p=11466"},"modified":"2026-04-28T07:10:09","modified_gmt":"2026-04-28T05:10:09","slug":"varatlan-fordulat-marki-zay-peter-lesz-az-uj","status":"publish","type":"post","link":"https:\/\/online-filmkatarzis.com\/kucko\/varatlan-fordulat-marki-zay-peter-lesz-az-uj\/","title":{"rendered":"V\u00e1ratlan fordulat: M\u00e1rki-Zay P\u00e9ter lesz az \u00faj"},"content":{"rendered":"<h3>M\u00e1rki-Zay P\u00e9ter nem z\u00e1rn\u00e1 ki, hogy k\u00f6zt\u00e1rsas\u00e1gi eln\u00f6k legyen. M\u00e1rki-Zay P\u00e9ter egy szegedi egyetemist\u00e1kkal folytatott besz\u00e9lget\u00e9sen besz\u00e9lt arr\u00f3l, hogy sz\u00edvesen v\u00e1llalna szerepet egy esetleges k\u00f6zvetlen k\u00f6zt\u00e1rsas\u00e1gieln\u00f6k-v\u00e1laszt\u00e1son. H\u00f3dmez\u0151v\u00e1s\u00e1rhely polg\u00e1rmestere \u00fagy fogalmazott: \u201eHa lesz k\u00f6zvetlen k\u00f6zt\u00e1rsas\u00e1gieln\u00f6k-v\u00e1laszt\u00e1s, \u00e9s a n\u00e9p, aki lehet, hogy ti vagytok, lehet, hogy m\u00e1s, felk\u00e9r, akkor \u00e9n nagyon sz\u00edvesen foglak titeket k\u00e9pviselni.\u201d MUTATJUK A R\u00c9SZLETEKET!<\/h3>\n<h3><span style=\"color: #ff0000;\"><strong>A h\u00edr nem \u00e9rt v\u00e9get! Folytat\u00e1shoz haszn\u00e1ld a K\u00d6VETKEZ\u0150 OLDAL gombot!<\/strong><\/span><\/h3>\n<p><!--nextpage--><\/p>\n<h3>A felv\u00e9telt a 4\/4 vette \u00e9szre, majd a H\/G is besz\u00e1molt r\u00f3la. A politikus ezut\u00e1n arr\u00f3l is besz\u00e9lt, hogy a k\u00f6zvetlen \u00e1llamf\u0151v\u00e1laszt\u00e1s k\u00e9rd\u00e9s\u00e9ben szerinte Magyar P\u00e9ternek lehet majd meghat\u00e1roz\u00f3 szerepe. A felv\u00e9tel hangmin\u0151s\u00e9ge ugyanakkor nem volt t\u00f6k\u00e9letes, ez\u00e9rt nem minden r\u00e9szlet hallhat\u00f3 pontosan abb\u00f3l, hogyan vezette tov\u00e1bb a gondolatmenetet. A besz\u00e9lget\u00e9sen Sulyok Tam\u00e1s k\u00f6zt\u00e1rsas\u00e1gi eln\u00f6k neve is el\u0151ker\u00fclt. M\u00e1rki-Zay a hallgat\u00f3knak azt mondta, miel\u0151tt nagyon b\u00fcszk\u00e9k lenn\u00e9nek Sulyokra, aki Szegeden szerzett diplom\u00e1t, \u00e9rdemes hozz\u00e1tenni: \u201e\u0151 annyival jobb, mint Nov\u00e1k Katalin, hogy m\u00e9g nem \u00edrt al\u00e1 kegyelmi k\u00e9rv\u00e9nyeket\u201d. MUTATJUK A R\u00c9SZLETEKET!<\/h3>\n<h3><span style=\"color: #ff0000;\"><strong>A h\u00edr nem \u00e9rt v\u00e9get! Folytat\u00e1shoz haszn\u00e1ld a K\u00d6VETKEZ\u0150 OLDAL gombot!<\/strong><\/span><\/h3>\n<p><!--nextpage--><\/p>\n<h3>A kijelent\u00e9s az\u00e9rt is kapott figyelmet, mert Sulyok Tam\u00e1s j\u00f6v\u0151je az ut\u00f3bbi id\u0151ben politikai vit\u00e1k k\u00f6z\u00e9ppontj\u00e1ba ker\u00fclt. Magyar P\u00e9ter kor\u00e1bban t\u00f6bbsz\u00f6r is arr\u00f3l besz\u00e9lt, hogy Sulyok Tam\u00e1st alkalmatlannak tartja a k\u00f6zt\u00e1rsas\u00e1gi eln\u00f6ki tiszts\u00e9gre, \u00e9s szerinte az \u00faj korm\u00e1ny megalakul\u00e1sa ut\u00e1n t\u00e1voznia kellene hivatal\u00e1b\u00f3l. Ezzel p\u00e1rhuzamosan pet\u00edci\u00f3 is indult az\u00e9rt, hogy Sulyok kit\u00f6ltse mand\u00e1tum\u00e1t, a kezdem\u00e9nyez\u00e9st pedig a Fidesz-frakci\u00f3 \u00e9s Orb\u00e1n Viktor is megosztotta. M\u00e1rki-Zay k\u00e9s\u0151bb k\u00fcl\u00f6n is reag\u00e1lt a felvet\u00e9sre. Bejegyz\u00e9s\u00e9ben azt \u00edrta, hogy megtisztel\u0151nek tartja, ha sokan lehets\u00e9ges k\u00f6zt\u00e1rsas\u00e1gi eln\u00f6kk\u00e9nt gondolnak r\u00e1, majd hozz\u00e1tette: egy k\u00f6zvetlen\u00fcl v\u00e1lasztott \u00e1llamf\u0151nek nem puszt\u00e1n protokoll\u00e1ris szerepet kellene bet\u00f6ltenie, hanem f\u00e9kk\u00e9nt \u00e9s ellens\u00falyk\u00e9nt is m\u0171k\u00f6dnie kellene a mindenkori hatalommal szemben. V\u00e9g\u00fcl egy\u00e9rtelm\u0171en fogalmazott: \u201eHa lenne k\u00f6zvetlen eln\u00f6kv\u00e1laszt\u00e1s, minden bizonnyal induln\u00e9k\u201d.<\/h3>\n<p>Forr\u00e1s: MSN \/ FB<\/p>\n","protected":false},"excerpt":{"rendered":"<p>M\u00e1rki-Zay P\u00e9ter nem z\u00e1rn\u00e1 ki, hogy k\u00f6zt\u00e1rsas\u00e1gi eln\u00f6k legyen. M\u00e1rki-Zay P\u00e9ter egy szegedi egyetemist\u00e1kkal folytatott besz\u00e9lget\u00e9sen besz\u00e9lt arr\u00f3l, hogy sz\u00edvesen v\u00e1llalna szerepet egy esetleges k\u00f6zvetlen k\u00f6zt\u00e1rsas\u00e1gieln\u00f6k-v\u00e1laszt\u00e1son. H\u00f3dmez\u0151v\u00e1s\u00e1rhely polg\u00e1rmestere \u00fagy fogalmazott: \u201eHa lesz&#8230;<\/p>\n","protected":false},"author":1,"featured_media":11467,"comment_status":"open","ping_status":"open","sticky":false,"template":"","format":"standard","meta":{"footnotes":""},"categories":[2],"tags":[],"class_list":["post-11466","post","type-post","status-publish","format-standard","has-post-thumbnail","hentry","category-altalanos"],"aioseo_notices":[],"_links":{"self":[{"href":"https:\/\/online-filmkatarzis.com\/kucko\/wp-json\/wp\/v2\/posts\/11466","targetHints":{"allow":["GET"]}}],"collection":[{"href":"https:\/\/online-filmkatarzis.com\/kucko\/wp-json\/wp\/v2\/posts"}],"about":[{"href":"https:\/\/online-filmkatarzis.com\/kucko\/wp-json\/wp\/v2\/types\/post"}],"author":[{"embeddable":true,"href":"https:\/\/online-filmkatarzis.com\/kucko\/wp-json\/wp\/v2\/users\/1"}],"replies":[{"embeddable":true,"href":"https:\/\/online-filmkatarzis.com\/kucko\/wp-json\/wp\/v2\/comments?post=11466"}],"version-history":[{"count":1,"href":"https:\/\/online-filmkatarzis.com\/kucko\/wp-json\/wp\/v2\/posts\/11466\/revisions"}],"predecessor-version":[{"id":11468,"href":"https:\/\/online-filmkatarzis.com\/kucko\/wp-json\/wp\/v2\/posts\/11466\/revisions\/11468"}],"wp:featuredmedia":[{"embeddable":true,"href":"https:\/\/online-filmkatarzis.com\/kucko\/wp-json\/wp\/v2\/media\/11467"}],"wp:attachment":[{"href":"https:\/\/online-filmkatarzis.com\/kucko\/wp-json\/wp\/v2\/media?parent=11466"}],"wp:term":[{"taxonomy":"category","embeddable":true,"href":"https:\/\/online-filmkatarzis.com\/kucko\/wp-json\/wp\/v2\/categories?post=11466"},{"taxonomy":"post_tag","embeddable":true,"href":"https:\/\/online-filmkatarzis.com\/kucko\/wp-json\/wp\/v2\/tags?post=11466"}],"curies":[{"name":"wp","href":"https:\/\/api.w.org\/{rel}","templated":true}]}}