{"id":11480,"date":"2026-04-28T18:06:15","date_gmt":"2026-04-28T16:06:15","guid":{"rendered":"https:\/\/online-filmkatarzis.com\/kucko\/?p=11480"},"modified":"2026-04-28T18:09:17","modified_gmt":"2026-04-28T16:09:17","slug":"brutal-sotet-jovot-josol-nostredamus-orban-viktornak","status":"publish","type":"post","link":"https:\/\/online-filmkatarzis.com\/kucko\/brutal-sotet-jovot-josol-nostredamus-orban-viktornak\/","title":{"rendered":"Brut\u00e1l s\u00f6t\u00e9t j\u00f6v\u0151t j\u00f3sol Nostredamus Orb\u00e1n Viktornak!"},"content":{"rendered":"<h3>Sokan csak legyintettek a r\u00e9gi j\u00f3slatokra, most azonban \u00fajra el\u0151ker\u00fcltek Nostredamus \u00e1ll\u00edt\u00f3lagos sorai \u2013 m\u00e9ghozz\u00e1 pont akkor, amikor Orb\u00e1n Viktor t\u00f6rt\u00e9nelmi veres\u00e9get szenvedett a 2026-os v\u00e1laszt\u00e1son. A 16 \u00e9vig hatalmon l\u00e9v\u0151 minisztereln\u00f6k \u00e1prilis 12-\u00e9n elvesz\u00edtette a v\u00e1laszt\u00e1st, ezzel lez\u00e1rult egy korszak Magyarorsz\u00e1gon.<br \/>\nA rejt\u00e9lyes sz\u00f6veg egy olyan vezet\u0151r\u0151l besz\u00e9l, aki \u201ehossz\u00fa ideig \u00fcl a tr\u00f3non, majd egy \u00faj hull\u00e1m elsodorja\u201d. ELk\u00e9peszt\u0151 sorokat tal\u00e1ltak. T\u00f6bben azt \u00edrj\u00e1k: h\u00e1tborzongat\u00f3, mennyire egybev\u00e1g a j\u00f3slat a val\u00f3s\u00e1ggal.<br \/>\nMUTATJUK A R\u00c9SZLETEKET!<\/h3>\n<h3><span style=\"color: #ff0000;\"><strong>A h\u00edr nem \u00e9rt v\u00e9get! Folytat\u00e1shoz haszn\u00e1ld a K\u00d6VETKEZ\u0150 OLDAL gombot!<\/strong><\/span><\/h3>\n<p><!--nextpage--><\/p>\n<h3>A fesz\u00fclts\u00e9get tov\u00e1bb n\u00f6velte, hogy Orb\u00e1n Viktor a veres\u00e9g ut\u00e1n bejelentette: nem \u00fcl be az \u00faj parlamentbe, ink\u00e1bb a jobboldal \u00fajj\u00e1szervez\u00e9s\u00e9re koncentr\u00e1l. Ez sokak szerint azt jelzi, hogy a h\u00e1tt\u00e9rb\u0151l pr\u00f3b\u00e1lhatja tov\u00e1bb ir\u00e1ny\u00edtani a folyamatokat.<br \/>\nK\u00f6zben ma \u00fajabb bombah\u00edr robbant: Orb\u00e1n felaj\u00e1nlotta lemond\u00e1s\u00e1t a Fidesz \u00e9l\u00e9r\u0151l, de a p\u00e1rt ezt nem fogadta el. Vagyis egyszerre l\u00e1tszik t\u00e1voz\u00f3nak \u00e9s megker\u00fclhetetlennek.<br \/>\nNostredamus egyik legt\u00f6bbet id\u00e9zett sora \u00edgy hangzik: \u201eA vez\u00e9r maradna, de a falak m\u00e1r repednek k\u00f6r\u00fcl\u00f6tte.\u201d Sokan ezt most a Fideszen bel\u00fcli bizonytalans\u00e1gra h\u00fazz\u00e1k r\u00e1.<br \/>\nA legs\u00f6t\u00e9tebb j\u00f3slat azonban m\u00e9g h\u00e1tra van, amit\u0151l mindenki \u00e1lla leesik! MUTATJUK!<\/h3>\n<h3><span style=\"color: #ff0000;\"><strong>A h\u00edr nem \u00e9rt v\u00e9get! Folytat\u00e1shoz haszn\u00e1ld a K\u00d6VETKEZ\u0150 OLDAL gombot!<\/strong><\/span><\/h3>\n<p><!--nextpage--><\/p>\n<h3>A legijeszt\u0151bb r\u00e9sz csak ezut\u00e1n k\u00f6vetkezik. A vitatott pr\u00f3f\u00e9cia szerint a bukott vezet\u0151re \u201emag\u00e1ny v\u00e1r, mik\u00f6zben h\u00edvei \u00faj urat keresnek\u201d. Elemz\u0151k szerint Orb\u00e1n legnagyobb vesz\u00e9lye most m\u00e1r nem az ellenz\u00e9k, hanem a saj\u00e1t t\u00e1bora lehet.<br \/>\nA Fideszben egyre t\u00f6bben besz\u00e9lnek teljes meg\u00fajul\u00e1sr\u00f3l, mik\u00f6zben a p\u00e1rt 16 \u00e9v ut\u00e1n ellenz\u00e9kbe szorult. Ha a bels\u0151 er\u0151viszonyok megmozdulnak, k\u00f6nnyen lehet, hogy a k\u00f6vetkez\u0151 csata m\u00e1r nem Magyar P\u00e9terrel, hanem h\u00e1zon bel\u00fcl zajlik majd.<br \/>\nHogy Nostredamus t\u00e9nyleg Orb\u00e1n Viktorr\u00f3l \u00edrt-e? Ezt senki sem tudja. De ha a j\u00f3slat k\u00f6vetkez\u0151 r\u00e9sze is igaznak bizonyul, akkor a v\u00e1laszt\u00e1si veres\u00e9g csak az els\u0151 felvon\u00e1s volt\u2026 a val\u00f3di dr\u00e1ma m\u00e9g most kezd\u0151dik.<\/h3>\n<p>VIA MSN<\/p>\n","protected":false},"excerpt":{"rendered":"<p>Sokan csak legyintettek a r\u00e9gi j\u00f3slatokra, most azonban \u00fajra el\u0151ker\u00fcltek Nostredamus \u00e1ll\u00edt\u00f3lagos sorai \u2013 m\u00e9ghozz\u00e1 pont akkor, amikor Orb\u00e1n Viktor t\u00f6rt\u00e9nelmi veres\u00e9get szenvedett a 2026-os v\u00e1laszt\u00e1son. A 16 \u00e9vig hatalmon l\u00e9v\u0151 minisztereln\u00f6k&#8230;<\/p>\n","protected":false},"author":1,"featured_media":11481,"comment_status":"open","ping_status":"open","sticky":false,"template":"","format":"standard","meta":{"footnotes":""},"categories":[2],"tags":[],"class_list":["post-11480","post","type-post","status-publish","format-standard","has-post-thumbnail","hentry","category-altalanos"],"aioseo_notices":[],"_links":{"self":[{"href":"https:\/\/online-filmkatarzis.com\/kucko\/wp-json\/wp\/v2\/posts\/11480","targetHints":{"allow":["GET"]}}],"collection":[{"href":"https:\/\/online-filmkatarzis.com\/kucko\/wp-json\/wp\/v2\/posts"}],"about":[{"href":"https:\/\/online-filmkatarzis.com\/kucko\/wp-json\/wp\/v2\/types\/post"}],"author":[{"embeddable":true,"href":"https:\/\/online-filmkatarzis.com\/kucko\/wp-json\/wp\/v2\/users\/1"}],"replies":[{"embeddable":true,"href":"https:\/\/online-filmkatarzis.com\/kucko\/wp-json\/wp\/v2\/comments?post=11480"}],"version-history":[{"count":2,"href":"https:\/\/online-filmkatarzis.com\/kucko\/wp-json\/wp\/v2\/posts\/11480\/revisions"}],"predecessor-version":[{"id":11483,"href":"https:\/\/online-filmkatarzis.com\/kucko\/wp-json\/wp\/v2\/posts\/11480\/revisions\/11483"}],"wp:featuredmedia":[{"embeddable":true,"href":"https:\/\/online-filmkatarzis.com\/kucko\/wp-json\/wp\/v2\/media\/11481"}],"wp:attachment":[{"href":"https:\/\/online-filmkatarzis.com\/kucko\/wp-json\/wp\/v2\/media?parent=11480"}],"wp:term":[{"taxonomy":"category","embeddable":true,"href":"https:\/\/online-filmkatarzis.com\/kucko\/wp-json\/wp\/v2\/categories?post=11480"},{"taxonomy":"post_tag","embeddable":true,"href":"https:\/\/online-filmkatarzis.com\/kucko\/wp-json\/wp\/v2\/tags?post=11480"}],"curies":[{"name":"wp","href":"https:\/\/api.w.org\/{rel}","templated":true}]}}