{"id":11495,"date":"2026-04-29T07:56:25","date_gmt":"2026-04-29T05:56:25","guid":{"rendered":"https:\/\/online-filmkatarzis.com\/kucko\/?p=11495"},"modified":"2026-04-29T07:56:25","modified_gmt":"2026-04-29T05:56:25","slug":"most-erkezett-uj-munkaszuneti-nap-jon","status":"publish","type":"post","link":"https:\/\/online-filmkatarzis.com\/kucko\/most-erkezett-uj-munkaszuneti-nap-jon\/","title":{"rendered":"Most \u00e9rkezett: \u00faj munkasz\u00fcneti nap j\u00f6n"},"content":{"rendered":"<h3>Egy civil kezdem\u00e9nyez\u00e9s \u00faj ny\u00e1ri \u00fcnnepnap bevezet\u00e9s\u00e9t vetette fel Magyarorsz\u00e1gon. A javaslat szerint a munkasz\u00fcneti nap j\u00falius 8-\u00e1ra esne, \u00e9s a R\u00e1k\u00f3czi-szabads\u00e1gharc el\u0151tt tisztelegne. A kezdem\u00e9nyez\u00e9s t\u00e1mogat\u00f3i a II. R\u00e1k\u00f3czi Ferenc vezette 1703\u20131711-es szabads\u00e1gharc jelent\u0151s\u00e9g\u00e9re hivatkoznak. \u00c1ll\u00e1spontjuk szerint a korszak a magyar t\u00f6rt\u00e9nelem egyik meghat\u00e1roz\u00f3 id\u0151szaka, amely indokoltt\u00e1 teheti egy \u00faj, hivatalos nemzeti eml\u00e9knap kijel\u00f6l\u00e9s\u00e9t. A javaslat c\u00e9lja a t\u00f6rt\u00e9nelmi tudat er\u0151s\u00edt\u00e9se, valamint a szabads\u00e1gharc esem\u00e9nyeinek sz\u00e9lesebb t\u00e1rsadalmi ismerts\u00e9ge. MUTATJUK A R\u00c9SZLETEKET!<\/h3>\n<h3><span style=\"color: #ff0000;\"><strong>A h\u00edr nem \u00e9rt v\u00e9get! Folytat\u00e1shoz haszn\u00e1ld a K\u00d6VETKEZ\u0150 OLDAL gombot!<\/strong><\/span><\/h3>\n<p><!--nextpage--><\/p>\n<h3>A kezdem\u00e9nyez\u00e9s c\u00e9lja, hogy a jelenlegi eml\u00e9knapok mellett egy hivatalos munkasz\u00fcneti nap is seg\u00edtse a t\u00f6rt\u00e9nelmi esem\u00e9nyek sz\u00e9lesebb k\u00f6r\u0171 megismer\u00e9s\u00e9t. Egy ilyen nap lehet\u0151s\u00e9get adna arra, hogy az emberek akt\u00edvabban kapcsol\u00f3djanak a k\u00f6z\u00f6s m\u00falt fontos pillanataihoz. A pet\u00edci\u00f3 szerint j\u00falius 8. szimbolikus jelent\u0151s\u00e9ggel b\u00edr a R\u00e1k\u00f3czi-szabads\u00e1gharc t\u00f6rt\u00e9net\u00e9ben: 1704-ben ezen a napon v\u00e1lasztott\u00e1k meg II. R\u00e1k\u00f3czi Ferencet Erd\u00e9ly fejedelm\u00e9v\u00e9 a gyulafeh\u00e9rv\u00e1ri orsz\u00e1ggy\u0171l\u00e9sen, ez\u00e9rt esett erre a napra a v\u00e1laszt\u00e1s. A kezdem\u00e9nyez\u0151k szerint egy ilyen eml\u00e9knap nemcsak a megeml\u00e9kez\u00e9st szolg\u00e1ln\u00e1, hanem kultur\u00e1lis \u00e9s t\u00f6rt\u00e9nelmi programok alapj\u00e1t is k\u00e9pezhetn\u00e9.<\/h3>\n<h3><span style=\"color: #ff0000;\"><strong>A h\u00edr nem \u00e9rt v\u00e9get! Folytat\u00e1shoz haszn\u00e1ld a K\u00d6VETKEZ\u0150 OLDAL gombot!<\/strong><\/span><\/h3>\n<p><!--nextpage--><\/p>\n<h3>A kezdem\u00e9nyez\u0151k szerint j\u00falius 8. alkalmas lenne arra, hogy kiemelt figyelmet kapjon II. R\u00e1k\u00f3czi Ferenc \u00e9s a szabads\u00e1gharc \u00f6r\u00f6ks\u00e9ge. \u00dagy v\u00e9lik, a jelenlegi, m\u00e1rcius 27-i eml\u00e9knap ink\u00e1bb szimbolikus, \u00e9s nem t\u00fckr\u00f6zi kell\u0151en a korszak t\u00f6rt\u00e9nelmi s\u00faly\u00e1t &#8211; t\u00e1j\u00e9koztat a Blikk. A javaslat elfogad\u00e1sa eset\u00e9n t\u00f6bb szint\u0171 t\u00e1rsadalmi \u00e9s politikai egyeztet\u00e9sre lenne sz\u00fcks\u00e9g.<\/h3>\n<p>Forr\u00e1s: MSN \/ FB \/ BLIKK<\/p>\n","protected":false},"excerpt":{"rendered":"<p>Egy civil kezdem\u00e9nyez\u00e9s \u00faj ny\u00e1ri \u00fcnnepnap bevezet\u00e9s\u00e9t vetette fel Magyarorsz\u00e1gon. A javaslat szerint a munkasz\u00fcneti nap j\u00falius 8-\u00e1ra esne, \u00e9s a R\u00e1k\u00f3czi-szabads\u00e1gharc el\u0151tt tisztelegne. A kezdem\u00e9nyez\u00e9s t\u00e1mogat\u00f3i a II. R\u00e1k\u00f3czi Ferenc vezette&#8230;<\/p>\n","protected":false},"author":1,"featured_media":11496,"comment_status":"open","ping_status":"open","sticky":false,"template":"","format":"standard","meta":{"footnotes":""},"categories":[2],"tags":[],"class_list":["post-11495","post","type-post","status-publish","format-standard","has-post-thumbnail","hentry","category-altalanos"],"aioseo_notices":[],"_links":{"self":[{"href":"https:\/\/online-filmkatarzis.com\/kucko\/wp-json\/wp\/v2\/posts\/11495","targetHints":{"allow":["GET"]}}],"collection":[{"href":"https:\/\/online-filmkatarzis.com\/kucko\/wp-json\/wp\/v2\/posts"}],"about":[{"href":"https:\/\/online-filmkatarzis.com\/kucko\/wp-json\/wp\/v2\/types\/post"}],"author":[{"embeddable":true,"href":"https:\/\/online-filmkatarzis.com\/kucko\/wp-json\/wp\/v2\/users\/1"}],"replies":[{"embeddable":true,"href":"https:\/\/online-filmkatarzis.com\/kucko\/wp-json\/wp\/v2\/comments?post=11495"}],"version-history":[{"count":1,"href":"https:\/\/online-filmkatarzis.com\/kucko\/wp-json\/wp\/v2\/posts\/11495\/revisions"}],"predecessor-version":[{"id":11497,"href":"https:\/\/online-filmkatarzis.com\/kucko\/wp-json\/wp\/v2\/posts\/11495\/revisions\/11497"}],"wp:featuredmedia":[{"embeddable":true,"href":"https:\/\/online-filmkatarzis.com\/kucko\/wp-json\/wp\/v2\/media\/11496"}],"wp:attachment":[{"href":"https:\/\/online-filmkatarzis.com\/kucko\/wp-json\/wp\/v2\/media?parent=11495"}],"wp:term":[{"taxonomy":"category","embeddable":true,"href":"https:\/\/online-filmkatarzis.com\/kucko\/wp-json\/wp\/v2\/categories?post=11495"},{"taxonomy":"post_tag","embeddable":true,"href":"https:\/\/online-filmkatarzis.com\/kucko\/wp-json\/wp\/v2\/tags?post=11495"}],"curies":[{"name":"wp","href":"https:\/\/api.w.org\/{rel}","templated":true}]}}