{"id":4651,"date":"2025-05-13T17:25:26","date_gmt":"2025-05-13T15:25:26","guid":{"rendered":"https:\/\/online-filmkatarzis.com\/kucko\/?p=4651"},"modified":"2025-05-13T17:25:26","modified_gmt":"2025-05-13T15:25:26","slug":"varatlan-fordulat-jon-az-euro-bevezetese","status":"publish","type":"post","link":"https:\/\/online-filmkatarzis.com\/kucko\/varatlan-fordulat-jon-az-euro-bevezetese\/","title":{"rendered":"V\u00e1ratlan fordulat! J\u00f6n az eur\u00f3 bevezet\u00e9se"},"content":{"rendered":"<h3>A k\u00f6zelm\u00faltban v\u00e1ratlan fordulatot vett Magyarorsz\u00e1g eur\u00f3bevezet\u00e9s\u00e9nek k\u00e9rd\u00e9se! Ez jelent\u0151s v\u00e1ltoz\u00e1st jelenthet a hazai gazdas\u00e1g sz\u00e1m\u00e1ra. Magyarorsz\u00e1g \u00e9s az eur\u00f3: A m\u00falt \u00e9s a jelen. Magyarorsz\u00e1g 2004-es uni\u00f3s csatlakoz\u00e1sakor v\u00e1llalta, hogy el\u0151bb-ut\u00f3bb bevezeti az eur\u00f3t. MUTATJUK A R\u00c9SZLETEKET!<\/h3>\n<h3><span style=\"color: #ff0000;\"><strong>A h\u00edr nem \u00e9rt v\u00e9get! Folytat\u00e1shoz haszn\u00e1ld a K\u00d6VETKEZ\u0150 OLDAL gombot!<\/strong><\/span><\/h3>\n<h3 style=\"text-align: right;\"><a href=\"https:\/\/online-filmkatarzis.com\/kucko\/hirek\/varatlan-fordulat-jon-az-euro-bevezetese\/\" target=\"_blank\" rel=\"noopener\"><span style=\"color: #ff0000;\">&#8212;&gt;&gt; K\u00d6VETKEZ\u0150 OLDAL<\/span><\/a><\/h3>\n<p>&#8211;<\/p>\n<p>Ez m\u00e1r j\u00f3val azel\u0151tt nyilv\u00e1nval\u00f3v\u00e1 v\u00e1lt, hogy a Fiat Chrysler Automobiles \u00e9s a PSA \u00f6sszeolvadt volna, \u00e9s l\u00e9trej\u00f6tt volna a Stellantis 2021 janu\u00e1rj\u00e1ban. \u00cdgy nem meglep\u0151, hogy az \u00faj, pr\u00e9miumkateg\u00f3ri\u00e1s crossover \u2013 a m\u00falt h\u00e9ten bemutatott Alfa Romeo Tonale \u2013 fejleszt\u00e9s\u00e9nek alapj\u00e1ul a Jeep Compass szolg\u00e1lt. M\u00e9retre megfelel\u0151 volt, el\u00e9rhet\u0151 volt, \u00e9s ami kulcsfontoss\u00e1g\u00fa: m\u00e1r fejleszt\u00e9s alatt \u00e1llt hozz\u00e1 egy plug-in hibrid hajt\u00e1sl\u00e1nc.<\/p>\n<p>A t\u00f6rt\u00e9net szerint azonban, amikor az \u00faj Alfa Romeo vez\u00e9rigazgat\u00f3, Jean-Philippe Imparato el\u0151sz\u00f6r kipr\u00f3b\u00e1lta a Tonale protot\u00edpus\u00e1t, nem volt meggy\u0151zve \u2013 ez\u00e9rt elrendelte a bemutat\u00f3 elhalaszt\u00e1s\u00e1t, hogy a modell m\u00e9lt\u00f3v\u00e1 v\u00e1ljon az Alfa Romeo n\u00e9vhez. Amikor 2018-ban tesztelt\u00fck a Jeep Compass-t, mind\u00f6ssze h\u00e1rom csillagot adtunk r\u00e1 \u2013 \u00edgy hajlamosak vagyunk egyet\u00e9rteni vele.<\/p>\n<p>Id\u0151k\u00f6zben a plug-in hibrid Compass 4xe (ejtsd: \u201efour-by-ee\u201d) form\u00e1j\u00e1ban meg\u00e9rkezett az Egyes\u00fclt Kir\u00e1lys\u00e1gba is, egy enyhe k\u00fcls\u0151, de ann\u00e1l jelent\u0151sebb bels\u0151 friss\u00edt\u00e9ssel egy\u00fctt.<\/p>\n<p>A Compass \u00fajra\u00e9rt\u00e9kel\u00e9se ebben a 4xe v\u00e1ltozatban teh\u00e1t \u00edzel\u00edt\u0151t adhat abb\u00f3l, mire sz\u00e1m\u00edthatunk majd a Tonale eset\u00e9ben.<\/p>\n<p>A Compass jelenlegi motorv\u00e1laszt\u00e9ka egy 129 l\u00f3er\u0151s turb\u00f3s benzinessel kezd\u0151dik, \u00e9s a leger\u0151sebb v\u00e1ltozat egy 237 l\u00f3er\u0151s plug-in hibrid. K\u00e9s\u0151bb id\u00e9n ez ki fog b\u0151v\u00fclni egy enyhe hibrid (48 voltos) benzines v\u00e1ltozattal, illetve egy olcs\u00f3bb \u00e9s gyeng\u00e9bb plug-in hibriddel is.<\/p>\n<p>A felszerelts\u00e9gi szintek nevei kicsit zavarosak: a \u201eLimited\u201d a \u201eNight Eagle\u201d f\u00f6l\u00f6tt, de az \u201eS\u201d alatt van. A \u201eTrailhawk\u201d pedig egy k\u00fcl\u00f6nleges, terepre optimaliz\u00e1lt cs\u00facsmodell.<\/p>\n<p>B\u00e1r ikonikusan amerikai m\u00e1rkak\u00e9nt tekint\u00fcnk a Jeepre, a gy\u00e1rt\u00f3 szerint a Compass modellt kifejezetten az eur\u00f3pai piac ig\u00e9nyei szerint fejlesztett\u00e9k, \u00e9s a r\u00e1ncfelvarr\u00e1s el\u0151tti p\u00e9ld\u00e1nyokat val\u00f3j\u00e1ban Indi\u00e1ban gy\u00e1rtott\u00e1k. A friss\u00edtett v\u00e1ltozat gy\u00e1rt\u00e1sa viszont m\u00e1r D\u00e9l-Olaszorsz\u00e1gban, Melfi k\u00f6zel\u00e9ben zajlik, ugyanabban az \u00fczemben, ahol a kisebb Jeep Renegade \u00e9s a Fiat 500X is k\u00e9sz\u00fcl.<\/p>\n","protected":false},"excerpt":{"rendered":"<p>A k\u00f6zelm\u00faltban v\u00e1ratlan fordulatot vett Magyarorsz\u00e1g eur\u00f3bevezet\u00e9s\u00e9nek k\u00e9rd\u00e9se! Ez jelent\u0151s v\u00e1ltoz\u00e1st jelenthet a hazai gazdas\u00e1g sz\u00e1m\u00e1ra. Magyarorsz\u00e1g \u00e9s az eur\u00f3: A m\u00falt \u00e9s a jelen. Magyarorsz\u00e1g 2004-es uni\u00f3s csatlakoz\u00e1sakor v\u00e1llalta, hogy el\u0151bb-ut\u00f3bb&#8230;<\/p>\n","protected":false},"author":1,"featured_media":4653,"comment_status":"open","ping_status":"open","sticky":false,"template":"","format":"standard","meta":{"footnotes":""},"categories":[2],"tags":[],"class_list":["post-4651","post","type-post","status-publish","format-standard","has-post-thumbnail","hentry","category-altalanos"],"aioseo_notices":[],"_links":{"self":[{"href":"https:\/\/online-filmkatarzis.com\/kucko\/wp-json\/wp\/v2\/posts\/4651","targetHints":{"allow":["GET"]}}],"collection":[{"href":"https:\/\/online-filmkatarzis.com\/kucko\/wp-json\/wp\/v2\/posts"}],"about":[{"href":"https:\/\/online-filmkatarzis.com\/kucko\/wp-json\/wp\/v2\/types\/post"}],"author":[{"embeddable":true,"href":"https:\/\/online-filmkatarzis.com\/kucko\/wp-json\/wp\/v2\/users\/1"}],"replies":[{"embeddable":true,"href":"https:\/\/online-filmkatarzis.com\/kucko\/wp-json\/wp\/v2\/comments?post=4651"}],"version-history":[{"count":1,"href":"https:\/\/online-filmkatarzis.com\/kucko\/wp-json\/wp\/v2\/posts\/4651\/revisions"}],"predecessor-version":[{"id":4654,"href":"https:\/\/online-filmkatarzis.com\/kucko\/wp-json\/wp\/v2\/posts\/4651\/revisions\/4654"}],"wp:featuredmedia":[{"embeddable":true,"href":"https:\/\/online-filmkatarzis.com\/kucko\/wp-json\/wp\/v2\/media\/4653"}],"wp:attachment":[{"href":"https:\/\/online-filmkatarzis.com\/kucko\/wp-json\/wp\/v2\/media?parent=4651"}],"wp:term":[{"taxonomy":"category","embeddable":true,"href":"https:\/\/online-filmkatarzis.com\/kucko\/wp-json\/wp\/v2\/categories?post=4651"},{"taxonomy":"post_tag","embeddable":true,"href":"https:\/\/online-filmkatarzis.com\/kucko\/wp-json\/wp\/v2\/tags?post=4651"}],"curies":[{"name":"wp","href":"https:\/\/api.w.org\/{rel}","templated":true}]}}