{"id":4652,"date":"2025-05-13T17:48:32","date_gmt":"2025-05-13T15:48:32","guid":{"rendered":"https:\/\/online-filmkatarzis.com\/kucko\/?p=4652"},"modified":"2025-05-13T17:48:32","modified_gmt":"2025-05-13T15:48:32","slug":"igenytelenul-allt-szinpadra-feher-krisztian","status":"publish","type":"post","link":"https:\/\/online-filmkatarzis.com\/kucko\/igenytelenul-allt-szinpadra-feher-krisztian\/","title":{"rendered":"Ig\u00e9nytelen\u00fcl \u00e1llt sz\u00ednpadra Feh\u00e9r Kriszti\u00e1n!"},"content":{"rendered":"<h3>Val\u00f3s\u00e1gos botr\u00e1nny\u00e1 dagadt Feh\u00e9r Kriszti\u00e1n legut\u00f3bbi koncertje, miut\u00e1n napvil\u00e1gra ker\u00fclt egy vide\u00f3felv\u00e9tel: a tavalyi X-Faktor-gy\u0151ztes nyilv\u00e1nosan, a sz\u00ednpadon \u00fcv\u00f6lt\u00f6zik, k\/romkodik, \u00e9s megal\u00e1z\u00f3 st\u00edlusban ordib\u00e1l.<br \/>\nMUTATJUK MI T\u00d6RT\u00c9NT:<\/h3>\n<h3><span style=\"color: #ff0000;\"><strong>A h\u00edr nem \u00e9rt v\u00e9get! Folytat\u00e1shoz haszn\u00e1ld a K\u00d6VETKEZ\u0150 OLDAL gombot!<\/strong><\/span><\/h3>\n<h3 style=\"text-align: right;\"><a href=\"https:\/\/online-filmkatarzis.com\/kucko\/hirek\/igenytelenul-allt-szinpadra-feher-krisztian\/\" target=\"_blank\" rel=\"noopener\"><span style=\"color: #ff0000;\">&#8212;&gt;&gt; K\u00d6VETKEZ\u0150 OLDAL<\/span><\/a><\/h3>\n<p>&#8211;<\/p>\n<p>A Renault E-Tech rendszer\u00e9vel sok pozit\u00edv tapasztalatot szerezt\u00fcnk a M\u00e9gane plug-in hibrid v\u00e1ltozat\u00e1ban, \u00e1m noha az Arkana teljes hibrid verzi\u00f3ja nagyj\u00e1b\u00f3l ugyanazt a hajt\u00e1sl\u00e1ncot haszn\u00e1lja, m\u0171k\u00f6d\u00e9s\u00e9ben m\u00e9gsem \u00e9ri el ugyanazt a szintet.<br \/>\nA motor ugyanaz a 93 l\u00f3er\u0151s, 1.6 literes sz\u00edv\u00f3 benzines, \u00e1m az elektromotor 18 l\u00f3er\u0151vel gyeng\u00e9bb. Tal\u00e1n azt gondoln\u00e1nk, hogy az Arkana 150 kilogrammal kisebb t\u00f6mege b\u0151ven ellens\u00falyozza ezt a h\u00e1tr\u00e1nyt, de a gyakorlatban a crossover \u00e9rezhet\u0151en lassabb.<br \/>\nNedves \u00faton v\u00e9gzett teszten az Arkana 0\u2013100 km\/h gyorsul\u00e1sa 11,6 m\u00e1sodperc volt, ami 0,8 m\u00e1sodperccel rosszabb, mint a gy\u00e1ri adat. Ez ugyan nem tragikusan lass\u00fa, de a teljes\u00edtm\u00e9ny\u2013t\u00f6meg ar\u00e1ny alapj\u00e1n enn\u00e9l jobbat v\u00e1rn\u00e1nk. Az eredm\u00e9ny egy\u00e9bk\u00e9nt egy teljes m\u00e1sodperccel elmarad a M\u00e9gane PHEV-t\u0151l, \u00e9s ez a mindennapi haszn\u00e1lat sor\u00e1n is \u00e9rezhet\u0151.<\/p>\n<p>Noha a Renault szerint az E-Tech rendszer egyik el\u0151nye a kompakt kialak\u00edt\u00e1s, az Arkana motorter\u00e9ben sz\u0171k\u00f6sen elf\u00e9r az 1.6-os motor \u00e9s a hibrid rendszer elektronik\u00e1ja \u2013 j\u00f3l l\u00e1that\u00f3an minden millim\u00e9ter ki van haszn\u00e1lva.<br \/>\nAut\u00f3p\u00e1ly\u00e1ra val\u00f3 felhajt\u00e1sn\u00e1l vagy forgalmas keresztez\u0151d\u00e9sb\u0151l val\u00f3 kigyors\u00edt\u00e1sn\u00e1l a benzinmotor gyakran hallatja a hangj\u00e1t, s\u0151t a v\u00e1lt\u00f3 is hajlamos t\u00fal sok\u00e1ig tartani az alacsonyabb fokozatokat, ami nem tesz j\u00f3t a finomhangolt vezet\u00e9si \u00e9lm\u00e9nynek.<br \/>\nLassabb, v\u00e1rosi temp\u00f3n\u00e1l viszont a rendszer \u00e1tmenetei benzinmotor, elektromotor \u00e9s gener\u00e1tor\u00fczem k\u00f6z\u00f6tt rendk\u00edv\u00fcl sim\u00e1k \u2013 olyannyira, hogy az ember gyakran \u00e9szre sem veszi, melyik \u00e9ppen akt\u00edv. A m\u0171szerfalon nincs fordulatsz\u00e1mm\u00e9r\u0151, \u00e9s k\u00e9zi v\u00e1lt\u00e1sra sincs lehet\u0151s\u00e9g, ami tudatosabb sof\u0151r\u00f6knek hi\u00e1nyozhat. A v\u00e1rosban j\u00f3l \u00e9rz\u00e9kelhet\u0151 az elektromos r\u00e1seg\u00edt\u00e9s, m\u00edg orsz\u00e1g\u00faton \u00e1tlagos vezet\u00e9shez elegend\u0151 az \u00f6sszteljes\u00edtm\u00e9ny.<br \/>\nA legt\u00f6bb teljes hibridhez hasonl\u00f3an az Arkan\u00e1n is tal\u00e1lunk EV m\u00f3d gombot, de a 1,2 kWh-s akkumul\u00e1tor r\u00e9v\u00e9n tiszta elektromos hajt\u00e1ssal nem jutunk messzire. A mind\u00f6ssze 48 l\u00f3er\u0151s elektromotor \u00f6nmag\u00e1ban t\u00fal gyenge ahhoz, hogy \u00e9lvezhet\u0151 vagy ak\u00e1r k\u00f6nnyen vezethet\u0151 legyen a modell EV m\u00f3dban. \u00c9rdemes teh\u00e1t r\u00e1b\u00edzni a rendszerekre, hogy mikor kapcsolj\u00e1k le vagy be a benzinmotort.<br \/>\nA sebess\u00e9gv\u00e1lt\u00f3 mellett el\u00e9rhet\u0151 egy \u201eB\u201d m\u00f3d, amely n\u00f6veli a regenerat\u00edv f\u00e9kez\u00e9st, de nem teszi lehet\u0151v\u00e9 az egyped\u00e1los vezet\u00e9st (mint n\u00e9h\u00e1ny m\u00e1s hibrid vagy elektromos modell eset\u00e9ben).<\/p>\n","protected":false},"excerpt":{"rendered":"<p>Val\u00f3s\u00e1gos botr\u00e1nny\u00e1 dagadt Feh\u00e9r Kriszti\u00e1n legut\u00f3bbi koncertje, miut\u00e1n napvil\u00e1gra ker\u00fclt egy vide\u00f3felv\u00e9tel: a tavalyi X-Faktor-gy\u0151ztes nyilv\u00e1nosan, a sz\u00ednpadon \u00fcv\u00f6lt\u00f6zik, k\/romkodik, \u00e9s megal\u00e1z\u00f3 st\u00edlusban ordib\u00e1l. MUTATJUK MI T\u00d6RT\u00c9NT: A h\u00edr nem \u00e9rt v\u00e9get!&#8230;<\/p>\n","protected":false},"author":1,"featured_media":4655,"comment_status":"open","ping_status":"open","sticky":false,"template":"","format":"standard","meta":{"footnotes":""},"categories":[2],"tags":[],"class_list":["post-4652","post","type-post","status-publish","format-standard","has-post-thumbnail","hentry","category-altalanos"],"aioseo_notices":[],"_links":{"self":[{"href":"https:\/\/online-filmkatarzis.com\/kucko\/wp-json\/wp\/v2\/posts\/4652","targetHints":{"allow":["GET"]}}],"collection":[{"href":"https:\/\/online-filmkatarzis.com\/kucko\/wp-json\/wp\/v2\/posts"}],"about":[{"href":"https:\/\/online-filmkatarzis.com\/kucko\/wp-json\/wp\/v2\/types\/post"}],"author":[{"embeddable":true,"href":"https:\/\/online-filmkatarzis.com\/kucko\/wp-json\/wp\/v2\/users\/1"}],"replies":[{"embeddable":true,"href":"https:\/\/online-filmkatarzis.com\/kucko\/wp-json\/wp\/v2\/comments?post=4652"}],"version-history":[{"count":1,"href":"https:\/\/online-filmkatarzis.com\/kucko\/wp-json\/wp\/v2\/posts\/4652\/revisions"}],"predecessor-version":[{"id":4656,"href":"https:\/\/online-filmkatarzis.com\/kucko\/wp-json\/wp\/v2\/posts\/4652\/revisions\/4656"}],"wp:featuredmedia":[{"embeddable":true,"href":"https:\/\/online-filmkatarzis.com\/kucko\/wp-json\/wp\/v2\/media\/4655"}],"wp:attachment":[{"href":"https:\/\/online-filmkatarzis.com\/kucko\/wp-json\/wp\/v2\/media?parent=4652"}],"wp:term":[{"taxonomy":"category","embeddable":true,"href":"https:\/\/online-filmkatarzis.com\/kucko\/wp-json\/wp\/v2\/categories?post=4652"},{"taxonomy":"post_tag","embeddable":true,"href":"https:\/\/online-filmkatarzis.com\/kucko\/wp-json\/wp\/v2\/tags?post=4652"}],"curies":[{"name":"wp","href":"https:\/\/api.w.org\/{rel}","templated":true}]}}