{"id":4665,"date":"2025-05-13T20:19:45","date_gmt":"2025-05-13T18:19:45","guid":{"rendered":"https:\/\/online-filmkatarzis.com\/kucko\/?p=4665"},"modified":"2025-05-13T20:19:45","modified_gmt":"2025-05-13T18:19:45","slug":"mento-vitte-el-sulyos-baleset-erte-toth-gabi-ferjet","status":"publish","type":"post","link":"https:\/\/online-filmkatarzis.com\/kucko\/mento-vitte-el-sulyos-baleset-erte-toth-gabi-ferjet\/","title":{"rendered":"MENT\u0150 VITTE EL! S\u00falyos baleset \u00e9rte T\u00f3th Gabi F\u00c9RJ\u00c9T!"},"content":{"rendered":"<h3>Komoly baleseten van t\u00fal Papp M\u00e1t\u00e9 Bence, T\u00f3th Gabi t\u00e1rsa, aki a t\u00f6bb hetes kihagy\u00e1s ut\u00e1n a Nagy Duett sz\u00ednpad\u00e1n l\u00e9pett \u00fajra sz\u00ednpadra, amely az\u00e9rt is volt k\u00fcl\u00f6n\u00f6sen fontos a sz\u00e1m\u00e1ra, mert ez volt \u00faj form\u00e1ci\u00f3ja els\u0151 nyilv\u00e1nos fell\u00e9p\u00e9se. MUTATJUK A R\u00c9SZLETEKET!<\/h3>\n<h3><span style=\"color: #ff0000;\"><strong>A h\u00edr nem \u00e9rt v\u00e9get! Folytat\u00e1shoz haszn\u00e1ld a K\u00d6VETKEZ\u0150 OLDAL gombot!<\/strong><\/span><\/h3>\n<h3 style=\"text-align: right;\"><a href=\"https:\/\/online-filmkatarzis.com\/kucko\/hirek\/mento-vitte-el-sulyos-baleset-erte-toth-gabi-ferjet\/\" target=\"_blank\" rel=\"noopener\"><span style=\"color: #ff0000;\">&#8212;&gt;&gt; K\u00d6VETKEZ\u0150 OLDAL<\/span><\/a><\/h3>\n<p>&#8211;<\/p>\n<p>B\u00e1r a Polestar 2 el\u00e9gg\u00e9 hasonl\u00edt egy Volv\u00f3ra \u00e9s sok tekintetben annak is \u00e9rzi mag\u00e1t, a j\u00f6v\u0151beli Polestar modellek v\u00e1rhat\u00f3an sokkal mark\u00e1nsabb saj\u00e1t identit\u00e1st kapnak. Ek\u00f6zben maga a Volvo is elektromos\u00edt\u00e1sra k\u00e9sz\u00fcl. Eddig sz\u00e1mos mild- \u00e9s plug-in hibridet fejlesztettek, de m\u00e9g v\u00e1runk a nagy elektromos aut\u00f3 hull\u00e1mra.<\/p>\n<p>A sv\u00e9dek m\u00e1r belekezdtek az elektromos piacra a Volvo XC40 Recharge modellel, de most itt a Volvo C40, amely a &#8222;t\u00f6rt\u00e9nelem els\u0151 Volvo modellje, amelyet kiz\u00e1r\u00f3lag elektromos aut\u00f3k\u00e9nt terveztek.&#8221;<\/p>\n<p>Ez a kijelent\u00e9s igaz, hiszen a C40 kiz\u00e1r\u00f3lag EV-k\u00e9nt \u00e9rhet\u0151 el, de val\u00f3j\u00e1ban egy kicsit t\u00faloz is. A C40 l\u00e9nyeg\u00e9ben az XC40 kup\u00e9 v\u00e1ltozata, n\u00e9h\u00e1ny olyan facelift m\u00f3dos\u00edt\u00e1ssal, amelyek a szok\u00e1sos XC40-en is meg fognak jelenni.<\/p>\n<p>A j\u00f6v\u0151beni elektromos Volvo modellek val\u00f3sz\u00edn\u0171leg sokkal b\u00e1trabbak lesznek. A tiszt\u00e1n elektromos \u00e9s hibrid modellek diz\u00e1jnja el fog k\u00fcl\u00f6n\u00fclni, \u00e9s val\u00f3sz\u00edn\u0171leg elhagyj\u00e1k az alfanumerikus neveket, helyett\u00fck szem\u00e9lyesebb elnevez\u00e9sek j\u00f6nnek. \u00cdgy a C40 egy \u00e1tmeneti modell a Volvo sz\u00e1m\u00e1ra, de fontos m\u00e9rf\u00f6ldk\u0151.<\/p>\n<p>Hogy valaki val\u00f3ban tetsz\u00e9s\u00e9re tal\u00e1lja-e, az szem\u00e9lyes preferenci\u00e1k k\u00e9rd\u00e9se, de a legt\u00f6bb tesztel\u0151 \u00e9s fot\u00f3s egyet\u00e9rtett abban, hogy a C40 az egyik leg\u00f6sszeszedettebb kup\u00e9-SUV, nagy kerekeivel \u00e9s magas k\u00fcsz\u00f6bbel olyan er\u0151teljes sport SUV-ot sug\u00e1roz, ami a legt\u00f6bb m\u00e1s modellel szemben hi\u00e1nyzik. A h\u00e1ts\u00f3 spoiler \u00e9s a D-oszlopon v\u00e9gigh\u00faz\u00f3d\u00f3 szegment\u00e1lt h\u00e1ts\u00f3 l\u00e1mp\u00e1k is sz\u00e9pen kidolgozott r\u00e9szletek.<\/p>\n<p>Alulr\u00f3l n\u00e9zve, ugyanaz, mint az XC40, ami azt jelenti, hogy a C40 a Polestar 2 alatt is megtal\u00e1lhat\u00f3 CMA platformra \u00e9p\u00fcl. Ezt az architekt\u00far\u00e1t m\u00e1r az elej\u00e9t\u0151l fogva \u00fagy tervezt\u00e9k, hogy egy nagy akkumul\u00e1torcsomagot \u00e9s k\u00e9t elektromos motort is elb\u00edrjon, de m\u00e9g mindig k\u00e9pes helyet biztos\u00edtani az XC40 benzin- \u00e9s d\u00edzelmotorjainak is (b\u00e1r a d\u00edzel m\u00e1r nem szerepel az XC40 k\u00edn\u00e1lat\u00e1ban).<\/p>\n","protected":false},"excerpt":{"rendered":"<p>Komoly baleseten van t\u00fal Papp M\u00e1t\u00e9 Bence, T\u00f3th Gabi t\u00e1rsa, aki a t\u00f6bb hetes kihagy\u00e1s ut\u00e1n a Nagy Duett sz\u00ednpad\u00e1n l\u00e9pett \u00fajra sz\u00ednpadra, amely az\u00e9rt is volt k\u00fcl\u00f6n\u00f6sen fontos a sz\u00e1m\u00e1ra, mert&#8230;<\/p>\n","protected":false},"author":1,"featured_media":4666,"comment_status":"open","ping_status":"open","sticky":false,"template":"","format":"standard","meta":{"footnotes":""},"categories":[2],"tags":[],"class_list":["post-4665","post","type-post","status-publish","format-standard","has-post-thumbnail","hentry","category-altalanos"],"aioseo_notices":[],"_links":{"self":[{"href":"https:\/\/online-filmkatarzis.com\/kucko\/wp-json\/wp\/v2\/posts\/4665","targetHints":{"allow":["GET"]}}],"collection":[{"href":"https:\/\/online-filmkatarzis.com\/kucko\/wp-json\/wp\/v2\/posts"}],"about":[{"href":"https:\/\/online-filmkatarzis.com\/kucko\/wp-json\/wp\/v2\/types\/post"}],"author":[{"embeddable":true,"href":"https:\/\/online-filmkatarzis.com\/kucko\/wp-json\/wp\/v2\/users\/1"}],"replies":[{"embeddable":true,"href":"https:\/\/online-filmkatarzis.com\/kucko\/wp-json\/wp\/v2\/comments?post=4665"}],"version-history":[{"count":1,"href":"https:\/\/online-filmkatarzis.com\/kucko\/wp-json\/wp\/v2\/posts\/4665\/revisions"}],"predecessor-version":[{"id":4667,"href":"https:\/\/online-filmkatarzis.com\/kucko\/wp-json\/wp\/v2\/posts\/4665\/revisions\/4667"}],"wp:featuredmedia":[{"embeddable":true,"href":"https:\/\/online-filmkatarzis.com\/kucko\/wp-json\/wp\/v2\/media\/4666"}],"wp:attachment":[{"href":"https:\/\/online-filmkatarzis.com\/kucko\/wp-json\/wp\/v2\/media?parent=4665"}],"wp:term":[{"taxonomy":"category","embeddable":true,"href":"https:\/\/online-filmkatarzis.com\/kucko\/wp-json\/wp\/v2\/categories?post=4665"},{"taxonomy":"post_tag","embeddable":true,"href":"https:\/\/online-filmkatarzis.com\/kucko\/wp-json\/wp\/v2\/tags?post=4665"}],"curies":[{"name":"wp","href":"https:\/\/api.w.org\/{rel}","templated":true}]}}