{"id":4671,"date":"2025-05-14T12:38:47","date_gmt":"2025-05-14T10:38:47","guid":{"rendered":"https:\/\/online-filmkatarzis.com\/kucko\/?p=4671"},"modified":"2025-05-14T12:38:47","modified_gmt":"2025-05-14T10:38:47","slug":"jon-az-egyszeri-nyari-dupla-nyugdij","status":"publish","type":"post","link":"https:\/\/online-filmkatarzis.com\/kucko\/jon-az-egyszeri-nyari-dupla-nyugdij\/","title":{"rendered":"J\u00f6n az egyszeri ny\u00e1ri dupla nyugd\u00edj!"},"content":{"rendered":"<h3>Hatalmas \u00f6sszeget ford\u00edt a 2025-os k\u00f6lts\u00e9gvet\u00e9s tervezete a nyugell\u00e1t\u00e1sokra. A dupla ny\u00e1ri havi nyugd\u00edj Augusztusban \u00e9rkezik meg mintegy k\u00e9t \u00e9s f\u00e9l milli\u00f3 \u00e9rintetthez. MUTATJUK AZ IG\u00c9NYL\u00c9S MENET\u00c9T!<\/h3>\n<h3><span style=\"color: #ff0000;\"><strong>A h\u00edr nem \u00e9rt v\u00e9get! Folytat\u00e1shoz haszn\u00e1ld a K\u00d6VETKEZ\u0150 OLDAL gombot!<\/strong><\/span><\/h3>\n<h3 style=\"text-align: right;\"><a href=\"https:\/\/online-filmkatarzis.com\/kucko\/hirek\/jon-az-egyszeri-nyari-dupla-nyugdij\/\" target=\"_blank\" rel=\"noopener\"><span style=\"color: #ff0000;\">&#8212;&gt;&gt; K\u00d6VETKEZ\u0150 OLDAL<\/span><\/a><\/h3>\n<p>&#8211;<\/p>\n<p>A M\u00e9gane puha felf\u00fcggeszt\u00e9se \u00e9s magas oldalfal\u00fa abroncsai nagyon k\u00e9nyelmes utaz\u00e1st biztos\u00edtanak an\u00e9lk\u00fcl, hogy az aut\u00f3 t\u00fals\u00e1gosan imbolyg\u00f3v\u00e1 v\u00e1lna. A k\u00e1ty\u00fak hangos d\u00f6ccen\u00e9ssel tudatj\u00e1k magukat, de a menetkomfortot sokkal kev\u00e9sb\u00e9 zavarj\u00e1k, mint m\u00e1s modellek eset\u00e9ben. Emellett a zajszigetel\u00e9s is kiemelked\u0151: a M\u00e9gane minden sebess\u00e9gtartom\u00e1nyban n\u00e9h\u00e1ny decibellel halkabb k\u00f6zvetlen versenyt\u00e1rsain\u00e1l, m\u00e9g akkor is, ha a t\u00fckr\u00f6k k\u00f6r\u00fcl n\u00e9mi sz\u00e9lzaj hallhat\u00f3.<\/p>\n<p>Mindez m\u00e9g jobb is lehetne, ha a vezet\u00e9si poz\u00edci\u00f3 megfelel\u0151bb lenne. Az \u00fcl\u00e9sv\u00e1laszt\u00e1s k\u00fcl\u00f6n\u00f6s: az RS Line kivitelben a Renault ugyanazokat a kagyl\u00f3\u00fcl\u00e9seket szereli be, mint a sportos M\u00e9gane RS-be. Ezek kiv\u00e1l\u00f3 oldaltart\u00e1st ny\u00fajtanak \u2013 ami az E-Tech eset\u00e9ben nem igaz\u00e1n kihaszn\u00e1lhat\u00f3 \u2013, viszont a t\u00falm\u00e9retezett oldalt\u00e1maszok miatt a ki- \u00e9s besz\u00e1ll\u00e1s feleslegesen k\u00f6r\u00fclm\u00e9nyes.<\/p>\n<p>Az \u00e1ll\u00edthat\u00f3 der\u00e9kt\u00e1masz hi\u00e1nya nem jelent nagy gondot, mivel alapb\u00f3l is megfelel\u0151 a t\u00e1maszt\u00e1s, viszont a p\u00e1rna d\u00f6nthet\u0151s\u00e9g\u00e9nek hi\u00e1nya kellemetlen, k\u00fcl\u00f6n\u00f6sen mivel a ped\u00e1lok szokatlanul k\u00f6zel helyezkednek el. Ennek k\u00f6vetkezt\u00e9ben az oldalt\u00e1masz v\u00e9g\u00fcl m\u00e9gis j\u00f3l j\u00f6n, mivel aff\u00e9le r\u00f6gt\u00f6nz\u00f6tt combt\u00e1maszk\u00e9nt funkcion\u00e1l.<\/p>\n<p>A hagyom\u00e1nyos megold\u00e1sokat kedvel\u0151k szeretni fogj\u00e1k a M\u00e9gane-t, de egy mai csal\u00e1di kompakt aut\u00f3nak enn\u00e9l az\u00e9rt t\u00f6bbet kellene ny\u00fajtania.<\/p>\n<p>B\u00e1rmelyik, az \u00faj gener\u00e1ci\u00f3s M\u00e9gane v\u00e1s\u00e1rl\u00e1sa mindig n\u00e9h\u00e1ny kompromisszum elfogad\u00e1s\u00e1t jelentette, \u00e9s ez 2016-os bevezet\u00e9se \u00f3ta sem v\u00e1ltozott \u2013 s\u0151t, ma m\u00e1r tal\u00e1n m\u00e9g ink\u00e1bb igaz. \u00c1ltal\u00e1noss\u00e1gban elmondhat\u00f3, hogy az alap\u00e1r is t\u00fckr\u00f6zi ezt, f\u0151k\u00e9nt ha m\u00e1s plug-in hibrid modellekkel hasonl\u00edtjuk \u00f6ssze. A Renault nemr\u00e9giben levette a hagyom\u00e1nyos benzin- \u00e9s d\u00edzelmotoros M\u00e9gane modelleket a k\u00edn\u00e1latb\u00f3l, \u00edgy most m\u00e1r csak ez a PHEV maradt. Az akkumul\u00e1torok \u00e9s elektromos motorok nem olcs\u00f3k, \u00edgy ha csak egy csal\u00e1di ferdeh\u00e1t\u00fara van sz\u00fcks\u00e9ged, \u00e9s nem illik a terveidbe a plug-in hibrid, akkor a M\u00e9gane dr\u00e1g\u00e1bb v\u00e1laszt\u00e1snak t\u0171nhet, m\u00e9g egy hagyom\u00e1nyos hibridhez, p\u00e9ld\u00e1ul a Toyota Coroll\u00e1hoz k\u00e9pest is.<\/p>\n","protected":false},"excerpt":{"rendered":"<p>Hatalmas \u00f6sszeget ford\u00edt a 2025-os k\u00f6lts\u00e9gvet\u00e9s tervezete a nyugell\u00e1t\u00e1sokra. A dupla ny\u00e1ri havi nyugd\u00edj Augusztusban \u00e9rkezik meg mintegy k\u00e9t \u00e9s f\u00e9l milli\u00f3 \u00e9rintetthez. MUTATJUK AZ IG\u00c9NYL\u00c9S MENET\u00c9T! A h\u00edr nem \u00e9rt v\u00e9get!&#8230;<\/p>\n","protected":false},"author":1,"featured_media":4672,"comment_status":"open","ping_status":"open","sticky":false,"template":"","format":"standard","meta":{"footnotes":""},"categories":[2],"tags":[],"class_list":["post-4671","post","type-post","status-publish","format-standard","has-post-thumbnail","hentry","category-altalanos"],"aioseo_notices":[],"_links":{"self":[{"href":"https:\/\/online-filmkatarzis.com\/kucko\/wp-json\/wp\/v2\/posts\/4671","targetHints":{"allow":["GET"]}}],"collection":[{"href":"https:\/\/online-filmkatarzis.com\/kucko\/wp-json\/wp\/v2\/posts"}],"about":[{"href":"https:\/\/online-filmkatarzis.com\/kucko\/wp-json\/wp\/v2\/types\/post"}],"author":[{"embeddable":true,"href":"https:\/\/online-filmkatarzis.com\/kucko\/wp-json\/wp\/v2\/users\/1"}],"replies":[{"embeddable":true,"href":"https:\/\/online-filmkatarzis.com\/kucko\/wp-json\/wp\/v2\/comments?post=4671"}],"version-history":[{"count":1,"href":"https:\/\/online-filmkatarzis.com\/kucko\/wp-json\/wp\/v2\/posts\/4671\/revisions"}],"predecessor-version":[{"id":4673,"href":"https:\/\/online-filmkatarzis.com\/kucko\/wp-json\/wp\/v2\/posts\/4671\/revisions\/4673"}],"wp:featuredmedia":[{"embeddable":true,"href":"https:\/\/online-filmkatarzis.com\/kucko\/wp-json\/wp\/v2\/media\/4672"}],"wp:attachment":[{"href":"https:\/\/online-filmkatarzis.com\/kucko\/wp-json\/wp\/v2\/media?parent=4671"}],"wp:term":[{"taxonomy":"category","embeddable":true,"href":"https:\/\/online-filmkatarzis.com\/kucko\/wp-json\/wp\/v2\/categories?post=4671"},{"taxonomy":"post_tag","embeddable":true,"href":"https:\/\/online-filmkatarzis.com\/kucko\/wp-json\/wp\/v2\/tags?post=4671"}],"curies":[{"name":"wp","href":"https:\/\/api.w.org\/{rel}","templated":true}]}}