{"id":4717,"date":"2025-05-16T20:49:08","date_gmt":"2025-05-16T18:49:08","guid":{"rendered":"https:\/\/online-filmkatarzis.com\/kucko\/?p=4717"},"modified":"2025-05-16T20:49:08","modified_gmt":"2025-05-16T18:49:08","slug":"megszolalt-a-valasrol-bodi-margo-hat-ezert","status":"publish","type":"post","link":"https:\/\/online-filmkatarzis.com\/kucko\/megszolalt-a-valasrol-bodi-margo-hat-ezert\/","title":{"rendered":"Megsz\u00f3lalt a v\u00e1l\u00e1sr\u00f3l B\u00f3di Marg\u00f3 &#8211; H\u00e1t ez\u00e9rt!?"},"content":{"rendered":"<h3>\u00c9vtizedek \u00f3ta hallgatott, de most minden megv\u00e1ltozott. B\u00f3di Marg\u00f3 v\u00e9gre kimondta, amit eddig csak sejtettek a rajong\u00f3k. A l\u00e1tsz\u00f3lag idilli h\u00e1zass\u00e1g m\u00f6g\u00f6tt f\u00e1jdalmas titkok, t\u00f6r\u00e9spontok \u00e9s elhallgatott \u00e9vek h\u00faz\u00f3dtak meg. &#8222;Nem b\u00edrom tov\u00e1bb magamban tartani&#8221; \u2013 ezzel a mondattal kezdte vallom\u00e1s\u00e1t az orsz\u00e1g egyik legismertebb \u00e9nekesn\u0151je. A kamer\u00e1k el\u0151tt ny\u00edltan besz\u00e9lt arr\u00f3l, milyen \u00e9rz\u00e9s, amikor a szerelem nem el\u00e9g, \u00e9s a napok m\u00e1r nem a boldogs\u00e1gr\u00f3l, hanem a t\u00fal\u00e9l\u00e9sr\u0151l sz\u00f3lnak.<br \/>\nMUTATJUK A R\u00c9SZLETEKET!<\/h3>\n<h3><span style=\"color: #ff0000;\"><strong>A h\u00edr nem \u00e9rt v\u00e9get! Folytat\u00e1shoz haszn\u00e1ld a K\u00d6VETKEZ\u0150 OLDAL gombot!<\/strong><\/span><\/h3>\n<h3 style=\"text-align: right;\"><a href=\"https:\/\/online-filmkatarzis.com\/kucko\/hirek\/megszolalt-a-valasrol-bodi-margo-hat-ezert\/\" target=\"_blank\" rel=\"noopener\"><span style=\"color: #ff0000;\">&#8212;&gt;&gt; K\u00d6VETKEZ\u0150 OLDAL<\/span><\/a><\/h3>\n<p>&#8211;<\/p>\n<p>Miut\u00e1n megnyomtuk a Speciale j\u00f3l l\u00e1that\u00f3an elhelyezett ind\u00edt\u00f3 gombj\u00e1t, h\u00e1rom vezet\u00e9si m\u00f3d k\u00f6z\u00fcl v\u00e1laszthatunk: Eco, Natural \u00e9s Dynamic. Az Eco be\u00e1ll\u00edt\u00e1s, amely az \u00fczemanyag-hat\u00e9konys\u00e1got n\u00f6veli, mind\u00f6ssze 79 l\u00f3er\u0151t biztos\u00edt, ami miatt a 1545 kg-os Junior meglehet\u0151sen lass\u00fanak t\u0171nik, ez\u00e9rt \u00e9rdemes elker\u00fclni, hacsak nem pr\u00f3b\u00e1ljuk kihaszn\u00e1lni az \u00f6sszes el\u00e9rhet\u0151 elektronot a 250 m\u00e9rf\u00f6ldes (400 km-es) hivatalos hat\u00f3t\u00e1vols\u00e1g el\u00e9r\u00e9s\u00e9hez.<br \/>\nA Natural m\u00f3d 109 l\u00f3er\u0151re n\u00f6veli a teljes\u00edtm\u00e9nyt, m\u00edg a Dynamic fokozza a g\u00e1zreakci\u00f3t \u00e9s megadja a teljes 154 olasz l\u00f3 erej\u00e9t. M\u00e9g ebben az esetben is ink\u00e1bb dinamikus, mint gyors, \u00e9s biztosan nem okoz gondot m\u00e9g a legszel\u00eddebb Volvo EX30-nak sem egy egyenes vonal\u00fa versenyben. Azonban a g\u00e1zreakci\u00f3 j\u00f3l van hangolva, \u00e9s az gyorsul\u00e1s csak 70 mph (112 km\/h) f\u00f6l\u00f6tt kezd el igaz\u00e1n gyeng\u00fclni. V\u00e9gs\u0151 soron mi ink\u00e1bb a sportosabb be\u00e1ll\u00edt\u00e1st v\u00e1lasztan\u00e1nk, m\u00e9g a napi haszn\u00e1lat sor\u00e1n is.<\/p>\n<p>A Veloce r\u00f6vid tesztje alapj\u00e1n \u00fagy t\u0171nik, hogy itt tal\u00e1lhatjuk meg Alfa hagyom\u00e1nyos latin lend\u00fclet\u00e9t. A m\u00e1rka saj\u00e1t m\u00e9rn\u00f6kei \u00e1ltal v\u00e9gzett speci\u00e1lis hangol\u00e1s \u00e9s fejleszt\u00e9s r\u00e9v\u00e9n a 278 l\u00f3er\u0151s motor megfelel\u0151 teljes\u00edtm\u00e9nyt ny\u00fajt az \u00e1r\u00e9rt. Teljes dinamikus m\u00f3dban a motor b\u0151s\u00e9ges tartal\u00e9kait figyelmesen \u00e9s kisz\u00e1m\u00edthat\u00f3an osztja el, ritk\u00e1n t\u00falterhelve, de mindig elegend\u0151 a gyors kanyarod\u00e1s ut\u00e1ni gyors\u00edt\u00e1sra. A s\u00fcrget\u00e9s a 124 mph (200 km\/h) v\u00e9gsebess\u00e9g el\u00e9r\u00e9se el\u0151tt elmarad, de mindig van elegend\u0151 er\u0151 az el\u0151z\u00e9sekhez.<br \/>\nA Junior platform-testv\u00e9reinek tapasztalatai alapj\u00e1n azt v\u00e1rn\u00e1nk, hogy m\u00e9g az alap 154 l\u00f3er\u0151s EV is el\u00e9g gyors lesz ahhoz, hogy k\u00f6nnyed\u00e9n elboldoguljon a v\u00e1rosban, \u00e9s gond n\u00e9lk\u00fcl el\u00e9rje a motor\u00fata temp\u00f3t, de nem fogja ugyanazt a mosolyt csalni az arcunkra.<br \/>\nB\u00e1r a benzin-hibrid Ibrida motorja csak 134 l\u00f3er\u0151s, jelent\u0151sen k\u00f6nnyebb, \u00e9s van el\u00e9g ereje ahhoz, hogy kell\u0151en gyorsan mozgassa a 1305 kg-os aut\u00f3t. Ahogyan m\u00e1s hibrid rendszerek eset\u00e9ben, itt is ott van a teljes\u00edtm\u00e9ny, de valamilyen m\u00e9rt\u00e9kben ki kell csalogatni. Az automatikus m\u00f3dban a hatfokozat\u00fa dupla kuplungos v\u00e1lt\u00f3 meglehet\u0151sen lass\u00fa lehet, \u00e9s hajlamos arra, hogy alacsonyan tartja a fordulatsz\u00e1mot, ami lomh\u00e1v\u00e1 teszi a motort, \u00e9s hangs\u00falyosabb\u00e1 v\u00e1lik a recseg\u0151 hangja. Ha manu\u00e1lis m\u00f3dba kapcsolunk, akkor a motor boldogan p\u00f6r\u00f6g, \u00e9s k\u00f6zepesen sportos hangot ad. De k\u00edv\u00e1ncsiak vagyunk, h\u00e1nyan fognak t\u00e9nyleg manu\u00e1lisan v\u00e1ltani.<\/p>\n","protected":false},"excerpt":{"rendered":"<p>\u00c9vtizedek \u00f3ta hallgatott, de most minden megv\u00e1ltozott. B\u00f3di Marg\u00f3 v\u00e9gre kimondta, amit eddig csak sejtettek a rajong\u00f3k. A l\u00e1tsz\u00f3lag idilli h\u00e1zass\u00e1g m\u00f6g\u00f6tt f\u00e1jdalmas titkok, t\u00f6r\u00e9spontok \u00e9s elhallgatott \u00e9vek h\u00faz\u00f3dtak meg. &#8222;Nem b\u00edrom&#8230;<\/p>\n","protected":false},"author":1,"featured_media":4718,"comment_status":"open","ping_status":"open","sticky":false,"template":"","format":"standard","meta":{"footnotes":""},"categories":[2],"tags":[],"class_list":["post-4717","post","type-post","status-publish","format-standard","has-post-thumbnail","hentry","category-altalanos"],"aioseo_notices":[],"_links":{"self":[{"href":"https:\/\/online-filmkatarzis.com\/kucko\/wp-json\/wp\/v2\/posts\/4717","targetHints":{"allow":["GET"]}}],"collection":[{"href":"https:\/\/online-filmkatarzis.com\/kucko\/wp-json\/wp\/v2\/posts"}],"about":[{"href":"https:\/\/online-filmkatarzis.com\/kucko\/wp-json\/wp\/v2\/types\/post"}],"author":[{"embeddable":true,"href":"https:\/\/online-filmkatarzis.com\/kucko\/wp-json\/wp\/v2\/users\/1"}],"replies":[{"embeddable":true,"href":"https:\/\/online-filmkatarzis.com\/kucko\/wp-json\/wp\/v2\/comments?post=4717"}],"version-history":[{"count":1,"href":"https:\/\/online-filmkatarzis.com\/kucko\/wp-json\/wp\/v2\/posts\/4717\/revisions"}],"predecessor-version":[{"id":4719,"href":"https:\/\/online-filmkatarzis.com\/kucko\/wp-json\/wp\/v2\/posts\/4717\/revisions\/4719"}],"wp:featuredmedia":[{"embeddable":true,"href":"https:\/\/online-filmkatarzis.com\/kucko\/wp-json\/wp\/v2\/media\/4718"}],"wp:attachment":[{"href":"https:\/\/online-filmkatarzis.com\/kucko\/wp-json\/wp\/v2\/media?parent=4717"}],"wp:term":[{"taxonomy":"category","embeddable":true,"href":"https:\/\/online-filmkatarzis.com\/kucko\/wp-json\/wp\/v2\/categories?post=4717"},{"taxonomy":"post_tag","embeddable":true,"href":"https:\/\/online-filmkatarzis.com\/kucko\/wp-json\/wp\/v2\/tags?post=4717"}],"curies":[{"name":"wp","href":"https:\/\/api.w.org\/{rel}","templated":true}]}}