{"id":4739,"date":"2025-05-18T12:14:25","date_gmt":"2025-05-18T10:14:25","guid":{"rendered":"https:\/\/online-filmkatarzis.com\/kucko\/?p=4739"},"modified":"2025-05-18T12:14:25","modified_gmt":"2025-05-18T10:14:25","slug":"megrazo-uj-felvetelek-babicsek-bernat-utolso-perceirol","status":"publish","type":"post","link":"https:\/\/online-filmkatarzis.com\/kucko\/megrazo-uj-felvetelek-babicsek-bernat-utolso-perceirol\/","title":{"rendered":"Megr\u00e1z\u00f3, \u00daJ felv\u00e9telek Babicsek Bern\u00e1t utols\u00f3 perceir\u0151l!"},"content":{"rendered":"<h3>M\u00e1jus 13-\u00e1n folytat\u00f3dott a Budak\u00f6rny\u00e9ki J\u00e1r\u00e1sb\u00edr\u00f3s\u00e1gon Babicsek Bern\u00e1t tragikus h\/l\u00e1l\u00e1nak \u00fcgy\u00e9ben ind\u00edtott t\u00e1rgyal\u00e1s, \u00e9s ism\u00e9t olyan pillanatoknak lehett\u00fcnk tan\u00fai, amelyek m\u00e9lyen meg\u00e9rintett\u00e9k az \u00e9rintetteket. Az elhunyt zen\u00e9sz sz\u00fclei tov\u00e1bbra is mindent megtesznek az\u00e9rt, hogy megtudj\u00e1k, mi t\u00f6rt\u00e9nt azon az \u00e9jszak\u00e1n, ami \u00f6r\u00f6kre megv\u00e1ltoztatta \u00e9let\u00fcket. A t\u00e1rgyal\u00e1son bemutatott felv\u00e9telek \u00fajabb inform\u00e1ci\u00f3kkal szolg\u00e1ltak a borzalmas esem\u00e9nyekr\u0151l.<br \/>\nA felv\u00e9telek, amik mindent elmondanak:<\/h3>\n<h3><span style=\"color: #ff0000;\"><strong>A h\u00edr nem \u00e9rt v\u00e9get! Folytat\u00e1shoz haszn\u00e1ld a K\u00d6VETKEZ\u0150 OLDAL gombot!<\/strong><\/span><\/h3>\n<h3 style=\"text-align: right;\"><a href=\"LINKKKKKKKKKKK\" target=\"_blank\" rel=\"noopener\"><span style=\"color: #ff0000;\">&#8212;&gt;&gt; K\u00d6VETKEZ\u0150 OLDAL<\/span><\/a><\/h3>\n<p>&#8211;<\/p>\n<p>Ha a Kia Xceed k\u00fcls\u0151 formavil\u00e1ga \u00fajszer\u0171nek \u00e9s \u00e9rdekesnek hatott is \u2013 b\u00e1r kifejezetten nem tolakod\u00f3 m\u00f3don \u2013 a megjelen\u00e9sekor, a bels\u0151 tere, amely er\u0151sen t\u00e1maszkodik a harmadik gener\u00e1ci\u00f3s Ceed kialak\u00edt\u00e1s\u00e1ra, m\u00e1r akkor is meglehet\u0151sen h\u00e9tk\u00f6znapinak \u00e9rz\u0151d\u00f6tt. Mostanra pedig elavultnak t\u0171nik m\u00e1s Kia modellekhez k\u00e9pest is, nemhogy a konkurens aut\u00f3k bels\u0151 tereivel \u00f6sszevetve.<br \/>\nM\u00e9g a cs\u00facsfelszerelts\u00e9g\u0171 modellek \u00e9l\u00e9nk sz\u00edn\u0171 bet\u00e9tjeivel egy\u00fctt is ez egy olyan utast\u00e9r, amely ink\u00e1bb a tart\u00f3ss\u00e1got \u00e9s az \u00e1tgondolt ergon\u00f3mi\u00e1t helyezi el\u0151t\u00e9rbe, nem pedig a h\u00edvogat\u00f3 vagy luxus \u00e9rzetet.<br \/>\nA h\u00e1ts\u00f3 helyk\u00edn\u00e1lat k\u00f6zepes: magasabb feln\u0151ttek feje k\u00f6zel ker\u00fclhet a tet\u0151k\u00e1rpithoz, de az\u00e9rt elviselhet\u0151 m\u00e9rt\u00e9k\u0171 a k\u00e9nyelem. Az els\u0151 utasnak b\u0151s\u00e9ges a hely, \u00e9s a csal\u00e1di aut\u00f3s jelleghez h\u00edven a k\u00fcl\u00f6nf\u00e9le t\u00e1rol\u00f3helyek is praktikus elrendez\u00e9s\u0171ek, a bels\u0151 burkolatok pedig k\u00fcl\u00f6nf\u00e9le m\u0171anyagokb\u00f3l k\u00e9sz\u00fcltek \u2013 n\u00e9melyik kellemesen puha tapint\u00e1s\u00fa, de sok kem\u00e9nyebb anyag\u00fa.<br \/>\nA 12,3 colos digit\u00e1lis m\u0171szeregys\u00e9g az Xceedben deb\u00fct\u00e1lt, m\u00edg a magasabb felszerelts\u00e9gi szinteken el\u00e9rhet\u0151 volt a 10,25 colos \u00e9rint\u0151k\u00e9perny\u0151s infotainment rendszer is, m\u00e9g miel\u0151tt az beker\u00fclt volna a Ceed ferdeh\u00e1t\u00fa v\u00e1ltozataiba. A bel\u00e9p\u0151 szint\u0171 modellek eleinte m\u00e9g 8,0 colos kijelz\u0151t kaptak, de m\u00e1ra mindegyikben a nagyobb rendszer tal\u00e1lhat\u00f3.<\/p>\n<p>Az Xceed bels\u0151 tere \u00f6sszess\u00e9g\u00e9ben ismer\u0151s hat\u00e1st kelt \u2013 ez megk\u00f6nny\u00edti a beszok\u00e1st, de nem igaz\u00e1n olyan hely, ahol sz\u00edvesen elt\u00f6ltene az ember egy hosszabb utat. Az infotainment rendszer \u00e1ltal\u00e1ban g\u00f6rd\u00fcl\u00e9kenyen m\u0171k\u00f6dik \u00e9s logikus a kezel\u00e9se, t\u00e1mogatja az Apple CarPlay-t \u00e9s az Android Aut\u00f3t is, de \u00f6sszess\u00e9g\u00e9ben m\u00e9gis kiss\u00e9 \u00e1tlagosnak \u00e9rz\u0151dik.<br \/>\nHely szempontj\u00e1b\u00f3l gyakorlatilag megegyezik a Ceed\u00e9vel, ami a ferdeh\u00e1t\u00fa modellek k\u00f6z\u00f6tt \u00e1tlag feletti, de a hasonl\u00f3 m\u00e9ret\u0171 SUV-khez k\u00e9pest sz\u0171kebb. A csomagtart\u00f3 426 literes, ami 31 literrel t\u00f6bb, mint a Ceed ferdeh\u00e1t\u00fa v\u00e1ltozat\u00e1\u00e9, \u00e9s megmaradtak olyan praktikus megold\u00e1sok is, mint az \u00e1ll\u00edthat\u00f3 padl\u00f3 \u00e9s a sz\u00e9les csomagt\u00e9rajt\u00f3. \u00c9rdemes azonban megjegyezni, hogy a Sportage legnagyobb v\u00e1ltozata ak\u00e1r 587 litert is elnyel.<br \/>\nV\u00e9g\u00fcl, b\u00e1r a vezet\u00e9si \u00e9lm\u00e9ny miatt nem val\u00f3sz\u00edn\u0171, hogy sorban \u00e1lln\u00e1nak \u00e9rte a sportos sof\u0151r\u00f6k, az Xceed j\u00f3l \u00e1ll\u00edthat\u00f3 vezet\u00e9si poz\u00edci\u00f3t k\u00edn\u00e1l, amely alapvet\u0151en hib\u00e1tlan, \u00e9s az \u00fcl\u00e9sek is kellemesen oldaltart\u00f3k.<\/p>\n","protected":false},"excerpt":{"rendered":"<p>M\u00e1jus 13-\u00e1n folytat\u00f3dott a Budak\u00f6rny\u00e9ki J\u00e1r\u00e1sb\u00edr\u00f3s\u00e1gon Babicsek Bern\u00e1t tragikus h\/l\u00e1l\u00e1nak \u00fcgy\u00e9ben ind\u00edtott t\u00e1rgyal\u00e1s, \u00e9s ism\u00e9t olyan pillanatoknak lehett\u00fcnk tan\u00fai, amelyek m\u00e9lyen meg\u00e9rintett\u00e9k az \u00e9rintetteket. Az elhunyt zen\u00e9sz sz\u00fclei tov\u00e1bbra is mindent megtesznek&#8230;<\/p>\n","protected":false},"author":1,"featured_media":4740,"comment_status":"open","ping_status":"open","sticky":false,"template":"","format":"standard","meta":{"footnotes":""},"categories":[2],"tags":[],"class_list":["post-4739","post","type-post","status-publish","format-standard","has-post-thumbnail","hentry","category-altalanos"],"aioseo_notices":[],"_links":{"self":[{"href":"https:\/\/online-filmkatarzis.com\/kucko\/wp-json\/wp\/v2\/posts\/4739","targetHints":{"allow":["GET"]}}],"collection":[{"href":"https:\/\/online-filmkatarzis.com\/kucko\/wp-json\/wp\/v2\/posts"}],"about":[{"href":"https:\/\/online-filmkatarzis.com\/kucko\/wp-json\/wp\/v2\/types\/post"}],"author":[{"embeddable":true,"href":"https:\/\/online-filmkatarzis.com\/kucko\/wp-json\/wp\/v2\/users\/1"}],"replies":[{"embeddable":true,"href":"https:\/\/online-filmkatarzis.com\/kucko\/wp-json\/wp\/v2\/comments?post=4739"}],"version-history":[{"count":1,"href":"https:\/\/online-filmkatarzis.com\/kucko\/wp-json\/wp\/v2\/posts\/4739\/revisions"}],"predecessor-version":[{"id":4741,"href":"https:\/\/online-filmkatarzis.com\/kucko\/wp-json\/wp\/v2\/posts\/4739\/revisions\/4741"}],"wp:featuredmedia":[{"embeddable":true,"href":"https:\/\/online-filmkatarzis.com\/kucko\/wp-json\/wp\/v2\/media\/4740"}],"wp:attachment":[{"href":"https:\/\/online-filmkatarzis.com\/kucko\/wp-json\/wp\/v2\/media?parent=4739"}],"wp:term":[{"taxonomy":"category","embeddable":true,"href":"https:\/\/online-filmkatarzis.com\/kucko\/wp-json\/wp\/v2\/categories?post=4739"},{"taxonomy":"post_tag","embeddable":true,"href":"https:\/\/online-filmkatarzis.com\/kucko\/wp-json\/wp\/v2\/tags?post=4739"}],"curies":[{"name":"wp","href":"https:\/\/api.w.org\/{rel}","templated":true}]}}