{"id":4748,"date":"2025-05-18T18:49:24","date_gmt":"2025-05-18T16:49:24","guid":{"rendered":"https:\/\/online-filmkatarzis.com\/kucko\/?p=4748"},"modified":"2025-05-18T18:49:24","modified_gmt":"2025-05-18T16:49:24","slug":"jon-az-uj-papa","status":"publish","type":"post","link":"https:\/\/online-filmkatarzis.com\/kucko\/jon-az-uj-papa\/","title":{"rendered":"J\u00f6n az \u00faj P\u00e1pa!"},"content":{"rendered":"<h3>Vas\u00e1rnap beiktatt\u00e1k XIV. Le\u00f3 p\u00e1p\u00e1t, aki imm\u00e1r a r\u00f3mai katolikus egyh\u00e1z 267. vezet\u0151je. A beiktat\u00e1si szentmis\u00e9re \u00f3ri\u00e1si t\u00f6meg gy\u0171lt \u00f6ssze, \u00f6sszesen k\u00f6r\u00fclbel\u00fcl 250 ezer h\u00edv\u0151, valamint 200 deleg\u00e1ci\u00f3 vett r\u00e9szt az esem\u00e9nyen! MUTATJUK A R\u00c9SZLETEKET!<\/h3>\n<h3><span style=\"color: #ff0000;\"><strong>A h\u00edr nem \u00e9rt v\u00e9get! Folytat\u00e1shoz haszn\u00e1ld a K\u00d6VETKEZ\u0150 OLDAL gombot!<\/strong><\/span><\/h3>\n<h3 style=\"text-align: right;\"><a href=\"https:\/\/online-filmkatarzis.com\/kucko\/hirek\/jon-az-uj-papa\/\" target=\"_blank\" rel=\"noopener\"><span style=\"color: #ff0000;\">&#8212;&gt;&gt; K\u00d6VETKEZ\u0150 OLDAL<\/span><\/a><\/h3>\n<p>&#8211;<\/p>\n<p>A m\u00e1sik jelent\u0151s v\u00e1ltoz\u00e1s, hogy a platformot k\u00fcl\u00f6nb\u00f6z\u0151 fok\u00fa elektromos hajt\u00e1sra tervezt\u00e9k \u00e1t. A Grecale n\u00e9gyhengeres v\u00e1ltozatai hibrid modellek, \u00e9s b\u00e1r ezek viszonylag enyhe hibrid rendszert haszn\u00e1lnak, az akkumul\u00e1tort a csomagt\u00e9r padl\u00f3ja al\u00e1 kellett elhelyezni.<\/p>\n<p>A k\u00f6vetkez\u0151 h\u00f3napokban a palett\u00e1t a Folgore is b\u0151v\u00edteni fogja. Ez az olasz sz\u00f3 vill\u00e1mot jelent, ami t\u00f6k\u00e9letes n\u00e9v az elektromos v\u00e1ltozat sz\u00e1m\u00e1ra. Ahelyett, hogy a 150 kWh-s akkumul\u00e1tor egy lapos csomagban lenne elhelyezve az utasf\u00fclke alatt, a cell\u00e1k T alakban ker\u00fclnek elrendez\u00e9sre, \u00edgy az \u00fcl\u00e9smagass\u00e1g viszonylag alacsonyan maradhat.<\/p>\n<p>A Trofeo modellben tal\u00e1lhat\u00f3, k\u00e9t turb\u00f3s V6-os motor szint\u00e9n jelent\u0151s v\u00e1ltoz\u00e1s a Stelviohoz k\u00e9pest. M\u00edg az Alfa 2,9 literes motorj\u00e1t haszn\u00e1lt\u00e1k kor\u00e1bban, a Maserati most a saj\u00e1t 3,0 literes \u201eNettuno\u201d motorj\u00e1t szerelte be, amelyet el\u0151sz\u00f6r az MC20-ban l\u00e1thattunk.<\/p>\n<p>A Grecale-ben a motor hengereinek deaktiv\u00e1l\u00e1sa, a sz\u00e1raz olajszivatty\u00fa helyett a nedves olajszivatty\u00fa haszn\u00e1lata, valamint a szuperaut\u00f3 621 l\u00f3erej\u00e9r\u0151l 523 l\u00f3er\u0151re t\u00f6rt\u00e9n\u0151 cs\u00f6kkent\u00e9se is megt\u00f6rt\u00e9nt. A maxim\u00e1lis teljes\u00edtm\u00e9ny egy kicsit kor\u00e1bban \u00e9rkezik, 6500 rpm-n\u00e9l, nem pedig 7500 rpm-n\u00e9l.<\/p>\n<p>Minden benzines Grecale a j\u00f3l ismert ZF nyolcfokozat\u00fa automata v\u00e1lt\u00f3val \u00e9s h\u00e1ts\u00f3ker\u00e9kre hajtott \u00f6sszker\u00e9khajt\u00e1ssal rendelkezik. Csak a Trofeo modellben tal\u00e1lhat\u00f3 elektronikus vez\u00e9rl\u00e9s\u0171, h\u00e1ts\u00f3 hidas, \u00f6nz\u00e1r\u00f3 differenci\u00e1lm\u0171, m\u00edg a n\u00e9gyhengeres v\u00e1ltozatok mechanikai \u00f6nz\u00e1r\u00f3 differenci\u00e1lm\u0171vet vagy hagyom\u00e1nyos, nyitott differenci\u00e1lm\u0171vet haszn\u00e1lnak.<\/p>\n<p>A Grecale bels\u0151 tere egy fontos k\u00e9rd\u00e9st vet fel: mennyire fogj\u00e1k \u00e9rdekelni a luxus SUV tulajdonosait, hogy t\u00f6bb olyan, gyakran haszn\u00e1lt alkatr\u00e9sz is szerepel benne, amelyek olcs\u00f3bb aut\u00f3kb\u00f3l, p\u00e9ld\u00e1ul a Fiat 500-b\u00f3l sz\u00e1rmaznak?<\/p>\n<p>Ez m\u00e1r az ajt\u00f3 kinyit\u00e1sakor kezd\u0151dik. Az elektromos ajt\u00f3kilincs \u2013 Fiat 500. Az elektronikus gomb a kil\u00e9p\u00e9shez \u2013 ugyanaz. A ped\u00e1lok \u00e9s a korm\u00e1nyoszlop kapcsol\u00f3i \u2013 Alfa Romeo. A multim\u00e9di\u00e1s k\u00e9perny\u0151 \u2013 \u00fajra Fiat 500. \u00c9s b\u00e1r a PRND gombok nem pontosan ugyanazok, mint a Fiat-ban, k\u00e9ts\u00e9gtelen\u00fcl van csal\u00e1di hasonl\u00f3s\u00e1guk, \u00e9s tal\u00e1n valamivel kev\u00e9sb\u00e9 kiel\u00e9g\u00edt\u0151ek.<\/p>\n","protected":false},"excerpt":{"rendered":"<p>Vas\u00e1rnap beiktatt\u00e1k XIV. Le\u00f3 p\u00e1p\u00e1t, aki imm\u00e1r a r\u00f3mai katolikus egyh\u00e1z 267. vezet\u0151je. A beiktat\u00e1si szentmis\u00e9re \u00f3ri\u00e1si t\u00f6meg gy\u0171lt \u00f6ssze, \u00f6sszesen k\u00f6r\u00fclbel\u00fcl 250 ezer h\u00edv\u0151, valamint 200 deleg\u00e1ci\u00f3 vett r\u00e9szt az esem\u00e9nyen!&#8230;<\/p>\n","protected":false},"author":1,"featured_media":4749,"comment_status":"open","ping_status":"open","sticky":false,"template":"","format":"standard","meta":{"footnotes":""},"categories":[2],"tags":[],"class_list":["post-4748","post","type-post","status-publish","format-standard","has-post-thumbnail","hentry","category-altalanos"],"aioseo_notices":[],"_links":{"self":[{"href":"https:\/\/online-filmkatarzis.com\/kucko\/wp-json\/wp\/v2\/posts\/4748","targetHints":{"allow":["GET"]}}],"collection":[{"href":"https:\/\/online-filmkatarzis.com\/kucko\/wp-json\/wp\/v2\/posts"}],"about":[{"href":"https:\/\/online-filmkatarzis.com\/kucko\/wp-json\/wp\/v2\/types\/post"}],"author":[{"embeddable":true,"href":"https:\/\/online-filmkatarzis.com\/kucko\/wp-json\/wp\/v2\/users\/1"}],"replies":[{"embeddable":true,"href":"https:\/\/online-filmkatarzis.com\/kucko\/wp-json\/wp\/v2\/comments?post=4748"}],"version-history":[{"count":1,"href":"https:\/\/online-filmkatarzis.com\/kucko\/wp-json\/wp\/v2\/posts\/4748\/revisions"}],"predecessor-version":[{"id":4750,"href":"https:\/\/online-filmkatarzis.com\/kucko\/wp-json\/wp\/v2\/posts\/4748\/revisions\/4750"}],"wp:featuredmedia":[{"embeddable":true,"href":"https:\/\/online-filmkatarzis.com\/kucko\/wp-json\/wp\/v2\/media\/4749"}],"wp:attachment":[{"href":"https:\/\/online-filmkatarzis.com\/kucko\/wp-json\/wp\/v2\/media?parent=4748"}],"wp:term":[{"taxonomy":"category","embeddable":true,"href":"https:\/\/online-filmkatarzis.com\/kucko\/wp-json\/wp\/v2\/categories?post=4748"},{"taxonomy":"post_tag","embeddable":true,"href":"https:\/\/online-filmkatarzis.com\/kucko\/wp-json\/wp\/v2\/tags?post=4748"}],"curies":[{"name":"wp","href":"https:\/\/api.w.org\/{rel}","templated":true}]}}