{"id":4754,"date":"2025-05-19T17:03:11","date_gmt":"2025-05-19T15:03:11","guid":{"rendered":"https:\/\/online-filmkatarzis.com\/kucko\/?p=4754"},"modified":"2025-05-19T17:03:11","modified_gmt":"2025-05-19T15:03:11","slug":"junius-1-tol-kotelezo-a-bicikliseknek","status":"publish","type":"post","link":"https:\/\/online-filmkatarzis.com\/kucko\/junius-1-tol-kotelezo-a-bicikliseknek\/","title":{"rendered":"J\u00fanius 1.-t\u0151l K\u00d6TELEZ\u0150 a bicikliseknek!"},"content":{"rendered":"<h3>A ker\u00e9kp\u00e1roz\u00e1s t\u00f6bb\u00e9 nem csup\u00e1n eg\u00e9szs\u00e9ges \u00e9s z\u00f6ld d\u00f6nt\u00e9s \u2013 hanem szigor\u00faan szab\u00e1lyozott k\u00f6zleked\u00e9si forma is. J\u00fanius 1-t\u0151l a KRESZ el\u0151\u00edr\u00e1sai m\u00e1r nem lehet\u0151s\u00e9gek, hanem k\u00f6telezetts\u00e9gek minden bring\u00e1s sz\u00e1m\u00e1ra. A rend\u0151rs\u00e9g ellen\u0151rizni fogja, fokozott figyelemmel az id\u0151seket:<\/h3>\n<h3><span style=\"color: #ff0000;\"><strong>A h\u00edr nem \u00e9rt v\u00e9get! Folytat\u00e1shoz haszn\u00e1ld a K\u00d6VETKEZ\u0150 OLDAL gombot!<\/strong><\/span><\/h3>\n<h3 style=\"text-align: right;\"><a href=\"https:\/\/online-filmkatarzis.com\/kucko\/hirek\/junius-1-tol-kotelezo-a-bicikliseknek\/\" target=\"_blank\" rel=\"noopener\"><span style=\"color: #ff0000;\">&#8212;&gt;&gt; K\u00d6VETKEZ\u0150 OLDAL<\/span><\/a><\/h3>\n<p>&#8211;<\/p>\n<p>Most m\u00e1r minden kor\u00e1bbin\u00e1l egy\u00e9rtelm\u0171bb, hogy a Kia EV6 r\u00e9v\u00e9n b\u00e1tran elb\u00facs\u00fazhatunk a benzines vagy d\u00edzelmotoros aut\u00f3kt\u00f3l \u2013 ez az elektromos modell meggy\u0151z\u0151 alternat\u00edv\u00e1t k\u00edn\u00e1l. A megn\u00f6velt akkumul\u00e1tornak k\u00f6sz\u00f6nhet\u0151en a legfrissebb EV6 t\u00f6bb mint 300 m\u00e9rf\u00f6ldes (k\u00f6zel 500 km-es) hat\u00f3t\u00e1vols\u00e1got k\u00edn\u00e1l, az ultragyors t\u00f6lt\u00e9si k\u00e9pess\u00e9gek pedig egyszer\u0171v\u00e9 \u00e9s gyorss\u00e1 teszik a hosszabb utak alatti meg\u00e1ll\u00f3kat. A felszerelts\u00e9g szint\u00e9n b\u0151s\u00e9ges, \u00e9s b\u00e1r az EV6 m\u00e1r n\u00e9h\u00e1ny \u00e9ve a piacon van, a friss\u00edtett formaterve m\u00e9g mindig el\u00e9g mer\u00e9sz ahhoz, hogy felt\u0171n\u00e9st keltsen.<br \/>\nUgyanakkor, b\u00e1r a t\u00f6lt\u00e9si sebess\u00e9ge meghaladja a legt\u00f6bb versenyt\u00e1rs\u00e9t, vannak n\u00e1la hat\u00e9konyabb modellek is, p\u00e9ld\u00e1ul a Polestar 2, amely egy t\u00f6lt\u00e9ssel messzebbre k\u00e9pes eljutni. Emellett akadnak k\u00e9nyelmesebb \u00e9s praktikusabb alternat\u00edv\u00e1k is \u2013 ilyen p\u00e9ld\u00e1ul a Skoda Enyaq, amely alacsony sebess\u00e9gn\u00e9l kellemesebb rug\u00f3z\u00e1st \u00e9s sokkal nagyobb csomagteret k\u00edn\u00e1l. Az elektromos hajt\u00e1sl\u00e1ncokra val\u00f3 \u00e1t\u00e1ll\u00e1s sok gy\u00e1rt\u00f3 sz\u00e1m\u00e1ra r\u00f6g\u00f6s \u00fat volt, de a Kia EV6 j\u00f3l mutatja, hogy a koreai m\u00e1rka ezt a v\u00e1lt\u00e1st sokkal k\u00f6nnyedebben vette, mint legt\u00f6bb versenyt\u00e1rsa. A Kia nemcsak elk\u00e9peszt\u0151 temp\u00f3ban dob piacra \u00faj elektromos modelleket \u2013 c\u00e9ljuk, hogy 2027-re vil\u00e1gszerte 15 teljesen elektromos t\u00edpust k\u00edn\u00e1ljanak \u2013, hanem tov\u00e1bbra is kiszolg\u00e1lja azokat is, akik m\u00e9g nem k\u00e9szek a v\u00e1lt\u00e1sra. A k\u00edn\u00e1latban megtal\u00e1lhat\u00f3 p\u00e9ld\u00e1ul a megfizethet\u0151, benzines Kia Picanto vagy a nagy, d\u00edzelmotoros h\u00e9t\u00fcl\u00e9ses Kia Sorento is \u2013 a paletta teh\u00e1t val\u00f3ban minden ig\u00e9nyt lefed.<\/p>\n<p>Az elektromos modellek sor\u00e1ban az EV6 jelentette az igazi ugr\u00e1st el\u0151re. A kor\u00e1bbi Soul EV \u00e9s Niro EV seg\u00edtettek a m\u00e1rk\u00e1nak megvetni a l\u00e1b\u00e1t az elektromos technol\u00f3gia ter\u00e9n, \u00e9s a maguk idej\u00e9ben meggy\u0151z\u0151 aut\u00f3k voltak. Azonban az EV6 m\u00e1r a Hyundai-csoport E-GMP platformj\u00e1ra \u00e9p\u00fclt, amely fejlett, 800 voltos elektromos architekt\u00far\u00e1val rendelkezik. A piaci bevezet\u00e9sekor ilyen fejlett rendszert csak pr\u00e9mium modellek \u2013 p\u00e9ld\u00e1ul a Porsche Taycan \u2013 k\u00edn\u00e1ltak, a Kia pedig ezzel a technol\u00f3gi\u00e1val olyan t\u00f6lt\u00e9si sebess\u00e9get tett lehet\u0151v\u00e9, amelyet az \u00e1rkateg\u00f3ri\u00e1j\u00e1ban senki m\u00e1s nem tudott megk\u00f6zel\u00edteni.<br \/>\nA gyorsan v\u00e1ltoz\u00f3 elektromos aut\u00f3s korszakban a Kia sem pihent: az EV6 r\u00e1ncfelvarrott v\u00e1ltozata nemcsak k\u00fcls\u0151leg, hanem m\u0171szakilag is meg\u00fajult. Az \u00faj, 84 kWh-s akkumul\u00e1tor a kor\u00e1bbi 77,4 kWh hely\u00e9re l\u00e9pett, emellett m\u00f3dosult a fut\u00f3m\u0171, a bels\u0151 t\u00e9r kialak\u00edt\u00e1sa \u00e9s a sz\u00e9riafelszerelts\u00e9g is.<\/p>\n","protected":false},"excerpt":{"rendered":"<p>A ker\u00e9kp\u00e1roz\u00e1s t\u00f6bb\u00e9 nem csup\u00e1n eg\u00e9szs\u00e9ges \u00e9s z\u00f6ld d\u00f6nt\u00e9s \u2013 hanem szigor\u00faan szab\u00e1lyozott k\u00f6zleked\u00e9si forma is. J\u00fanius 1-t\u0151l a KRESZ el\u0151\u00edr\u00e1sai m\u00e1r nem lehet\u0151s\u00e9gek, hanem k\u00f6telezetts\u00e9gek minden bring\u00e1s sz\u00e1m\u00e1ra. A rend\u0151rs\u00e9g ellen\u0151rizni&#8230;<\/p>\n","protected":false},"author":1,"featured_media":4755,"comment_status":"open","ping_status":"open","sticky":false,"template":"","format":"standard","meta":{"footnotes":""},"categories":[2],"tags":[],"class_list":["post-4754","post","type-post","status-publish","format-standard","has-post-thumbnail","hentry","category-altalanos"],"aioseo_notices":[],"_links":{"self":[{"href":"https:\/\/online-filmkatarzis.com\/kucko\/wp-json\/wp\/v2\/posts\/4754","targetHints":{"allow":["GET"]}}],"collection":[{"href":"https:\/\/online-filmkatarzis.com\/kucko\/wp-json\/wp\/v2\/posts"}],"about":[{"href":"https:\/\/online-filmkatarzis.com\/kucko\/wp-json\/wp\/v2\/types\/post"}],"author":[{"embeddable":true,"href":"https:\/\/online-filmkatarzis.com\/kucko\/wp-json\/wp\/v2\/users\/1"}],"replies":[{"embeddable":true,"href":"https:\/\/online-filmkatarzis.com\/kucko\/wp-json\/wp\/v2\/comments?post=4754"}],"version-history":[{"count":1,"href":"https:\/\/online-filmkatarzis.com\/kucko\/wp-json\/wp\/v2\/posts\/4754\/revisions"}],"predecessor-version":[{"id":4756,"href":"https:\/\/online-filmkatarzis.com\/kucko\/wp-json\/wp\/v2\/posts\/4754\/revisions\/4756"}],"wp:featuredmedia":[{"embeddable":true,"href":"https:\/\/online-filmkatarzis.com\/kucko\/wp-json\/wp\/v2\/media\/4755"}],"wp:attachment":[{"href":"https:\/\/online-filmkatarzis.com\/kucko\/wp-json\/wp\/v2\/media?parent=4754"}],"wp:term":[{"taxonomy":"category","embeddable":true,"href":"https:\/\/online-filmkatarzis.com\/kucko\/wp-json\/wp\/v2\/categories?post=4754"},{"taxonomy":"post_tag","embeddable":true,"href":"https:\/\/online-filmkatarzis.com\/kucko\/wp-json\/wp\/v2\/tags?post=4754"}],"curies":[{"name":"wp","href":"https:\/\/api.w.org\/{rel}","templated":true}]}}