{"id":4759,"date":"2025-05-19T18:02:14","date_gmt":"2025-05-19T16:02:14","guid":{"rendered":"https:\/\/online-filmkatarzis.com\/kucko\/?p=4759"},"modified":"2025-05-19T18:02:58","modified_gmt":"2025-05-19T16:02:58","slug":"dobrev-klara-kitalalt-dobbenetes-ezert-valnak","status":"publish","type":"post","link":"https:\/\/online-filmkatarzis.com\/kucko\/dobrev-klara-kitalalt-dobbenetes-ezert-valnak\/","title":{"rendered":"Dobrev Kl\u00e1ra Kit\u00e1lalt! D\u00f6bbenetes, ez\u00e9rt v\u00e1lnak!"},"content":{"rendered":"<h3>Dobrev Kl\u00e1ra v\u00e9gre felt\u00e1rta a Gyurcs\u00e1ny Ferenccel val\u00f3 h\u00e1zass\u00e1ga v\u00e9g\u00e9re vonatkoz\u00f3 igazs\u00e1got. Egy hossz\u00fa interj\u00faban a politikusn\u0151 els\u0151 \u00edzben mes\u00e9lt arr\u00f3l, mi\u00e9rt d\u00f6nt\u00f6ttek \u00fagy, hogy k\u00fcl\u00f6n utakon folytatj\u00e1k. De nemcsak a mag\u00e1n\u00e9let\u00fckr\u0151l besz\u00e9lt, hanem arr\u00f3l is, hogy a volt minisztereln\u00f6k mi\u00e9rt d\u00f6nt\u00f6tt \u00fagy, hogy elhagyja a k\u00f6z\u00e9letet.<br \/>\nITT VANNAK A NEM V\u00c1RT R\u00c9SZLETEK:<\/h3>\n<h3><span style=\"color: #ff0000;\"><strong>A h\u00edr nem \u00e9rt v\u00e9get! Folytat\u00e1shoz haszn\u00e1ld a K\u00d6VETKEZ\u0150 OLDAL gombot!<\/strong><\/span><\/h3>\n<h3 style=\"text-align: right;\"><a href=\"https:\/\/online-filmkatarzis.com\/kucko\/hirek\/dobrev-klara-kitalalt-dobbenetes-ezert-valnak\/\" target=\"_blank\" rel=\"noopener\"><span style=\"color: #ff0000;\">&#8212;&gt;&gt; K\u00d6VETKEZ\u0150 OLDAL<\/span><\/a><\/h3>\n<p>&#8211;<\/p>\n<p>Az Alfa Romeo Junior messze a kedvenc\u00fcnk a Stellantis csoport kis SUV-jai k\u00f6z\u00fcl, amelyek a CMP platformra \u00e9p\u00fclnek. Az aut\u00f3 meg\u0151rizte azt a jellegzetes olasz st\u00edlust \u00e9s karaktert, amit az Alfa n\u00e9v f\u00e9mjelez, sportos megjelen\u00e9s\u0171 utastere pedig korrekt technol\u00f3gi\u00e1val \u00e9s n\u00e9h\u00e1ny izgalmas diz\u00e1jnelemmel van felszerelve. A praktikum ink\u00e1bb a csomagt\u00e9r kapacit\u00e1s\u00e1ban mutatkozik meg, de ezen a t\u00e9ren j\u00f3l teljes\u00edt.<br \/>\nA tiszt\u00e1n elektromos v\u00e1ltozatok meglep\u0151en \u00e9lvezetes vezet\u00e9si \u00e9lm\u00e9nyt ny\u00fajtanak: a korm\u00e1nyz\u00e1s, az \u00fattart\u00e1s \u00e9s a j\u00e1t\u00e9kos karakter mind-mind azokat az tulajdons\u00e1gokat hozz\u00e1k, amelyeket az Alfa-rajong\u00f3k elv\u00e1rnak \u2013 m\u00e9g ha az elektromos hajt\u00e1sl\u00e1nc nem is teljesen illeszkedik a m\u00e1rka hagyom\u00e1nyos karakter\u00e9hez. Ezzel szemben a hibrid Junior Ibrida v\u00e1ltozat ugyan versenyk\u00e9pes \u00e1ron \u00e9rhet\u0151 el, vezet\u00e9si \u00e9lm\u00e9ny szempontj\u00e1b\u00f3l viszont csal\u00f3d\u00e1st kelt\u0151. Ez tal\u00e1n m\u00e1s m\u00e1rk\u00e1kn\u00e1l nem lenne probl\u00e9ma, de egy Alfa Romeo embl\u00e9m\u00e1t visel\u0151 modell eset\u00e9ben t\u00f6bbet v\u00e1runk.<\/p>\n<p>\u00c9s hogy mit jelent a n\u00e9v? A Junior eset\u00e9ben j\u00f3val t\u00f6bbet, mint egy \u00e1tlagos \u00faj aut\u00f3 elnevez\u00e9s\u00e9n\u00e9l. A st\u00edlusos \u00e9s l\u00e1tv\u00e1nyosan dr\u00e1mai megjelen\u00e9s\u0171 kis SUV-ot eredetileg Milano n\u00e9ven mutatt\u00e1k be 2024 \u00e1prilis\u00e1ban, azonban az olasz korm\u00e1ny \u201eMade in Italy\u201d szab\u00e1lyoz\u00e1sai miatt gyorsan \u2013 \u00e9s kiss\u00e9 k\u00ednosan \u2013 nevet kellett v\u00e1ltoztatni. Az ok: az aut\u00f3 nem Olaszorsz\u00e1gban k\u00e9sz\u00fcl, hanem ugyanabban a lengyelorsz\u00e1gi \u00fczemben, ahol a Fiat 600 \u00e9s a Jeep Avenger is gy\u00e1rt\u00e1sra ker\u00fcl.<br \/>\n\u00cdgy esett a v\u00e1laszt\u00e1s a Junior n\u00e9vre, amely az 1960-as \u00e9s \u201970-es \u00e9vek ikonikus Alfa GT Junior kup\u00e9j\u00e1nak neve volt \u2013 ezzel visszany\u00falva a m\u00e1rka t\u00f6rt\u00e9nelm\u00e9hez, mik\u00f6zben alkalmazkodtak a jelenlegi gy\u00e1rt\u00e1si k\u00f6r\u00fclm\u00e9nyekhez. Jobb a helyzet a Junior Elettrica \u00e9s Speciale modellekben, amelyekben el\u00f6l elhelyezett elektromotor tal\u00e1lhat\u00f3, 154 l\u00f3er\u0151vel \u00e9s 265 Nm nyomat\u00e9kkal. B\u00e1r a 0\u2013100 km\/h-s gyorsul\u00e1suk (9 m\u00e1sodperc) nem t\u0171nik ki a mez\u0151nyb\u0151l, a val\u00f3s\u00e1gban ez b\u0151ven elegend\u0151 egy kompakt SUV v\u00e1s\u00e1rl\u00f3inak ig\u00e9nyeihez. Egyes modern villanyaut\u00f3k miatt sokan m\u00e1r visszafogt\u00e1k az elv\u00e1r\u00e1saikat e t\u00e9ren, de a Junior EV-modellek teljes\u00edtm\u00e9nye abszol\u00fat kiel\u00e9g\u00edt\u0151.<\/p>\n","protected":false},"excerpt":{"rendered":"<p>Dobrev Kl\u00e1ra v\u00e9gre felt\u00e1rta a Gyurcs\u00e1ny Ferenccel val\u00f3 h\u00e1zass\u00e1ga v\u00e9g\u00e9re vonatkoz\u00f3 igazs\u00e1got. Egy hossz\u00fa interj\u00faban a politikusn\u0151 els\u0151 \u00edzben mes\u00e9lt arr\u00f3l, mi\u00e9rt d\u00f6nt\u00f6ttek \u00fagy, hogy k\u00fcl\u00f6n utakon folytatj\u00e1k. De nemcsak a mag\u00e1n\u00e9let\u00fckr\u0151l&#8230;<\/p>\n","protected":false},"author":1,"featured_media":4761,"comment_status":"open","ping_status":"open","sticky":false,"template":"","format":"standard","meta":{"footnotes":""},"categories":[2],"tags":[],"class_list":["post-4759","post","type-post","status-publish","format-standard","has-post-thumbnail","hentry","category-altalanos"],"aioseo_notices":[],"_links":{"self":[{"href":"https:\/\/online-filmkatarzis.com\/kucko\/wp-json\/wp\/v2\/posts\/4759","targetHints":{"allow":["GET"]}}],"collection":[{"href":"https:\/\/online-filmkatarzis.com\/kucko\/wp-json\/wp\/v2\/posts"}],"about":[{"href":"https:\/\/online-filmkatarzis.com\/kucko\/wp-json\/wp\/v2\/types\/post"}],"author":[{"embeddable":true,"href":"https:\/\/online-filmkatarzis.com\/kucko\/wp-json\/wp\/v2\/users\/1"}],"replies":[{"embeddable":true,"href":"https:\/\/online-filmkatarzis.com\/kucko\/wp-json\/wp\/v2\/comments?post=4759"}],"version-history":[{"count":1,"href":"https:\/\/online-filmkatarzis.com\/kucko\/wp-json\/wp\/v2\/posts\/4759\/revisions"}],"predecessor-version":[{"id":4762,"href":"https:\/\/online-filmkatarzis.com\/kucko\/wp-json\/wp\/v2\/posts\/4759\/revisions\/4762"}],"wp:featuredmedia":[{"embeddable":true,"href":"https:\/\/online-filmkatarzis.com\/kucko\/wp-json\/wp\/v2\/media\/4761"}],"wp:attachment":[{"href":"https:\/\/online-filmkatarzis.com\/kucko\/wp-json\/wp\/v2\/media?parent=4759"}],"wp:term":[{"taxonomy":"category","embeddable":true,"href":"https:\/\/online-filmkatarzis.com\/kucko\/wp-json\/wp\/v2\/categories?post=4759"},{"taxonomy":"post_tag","embeddable":true,"href":"https:\/\/online-filmkatarzis.com\/kucko\/wp-json\/wp\/v2\/tags?post=4759"}],"curies":[{"name":"wp","href":"https:\/\/api.w.org\/{rel}","templated":true}]}}