{"id":4764,"date":"2025-05-19T19:02:15","date_gmt":"2025-05-19T17:02:15","guid":{"rendered":"https:\/\/online-filmkatarzis.com\/kucko\/?p=4764"},"modified":"2025-05-19T19:02:15","modified_gmt":"2025-05-19T17:02:15","slug":"hatalmas-drama-a-fustoles-korul","status":"publish","type":"post","link":"https:\/\/online-filmkatarzis.com\/kucko\/hatalmas-drama-a-fustoles-korul\/","title":{"rendered":"Hatalmas dr\u00e1ma a f\u00fcst\u00f6l\u00e9s k\u00f6r\u00fcl!"},"content":{"rendered":"<h3>Egyre t\u00f6bb orsz\u00e1g l\u00e9p fel a do\/\u00e1ny\/\u00e1s ellen, \u00e9s Magyarorsz\u00e1gon is szigorodnak a szab\u00e1lyok! Magyarorsz\u00e1gon a lakoss\u00e1g 27,3%-a napi rendszeress\u00e9ggel, 2,3%-a pedig alkalmank\u00e9nt doh\/nyz\/k. MUTATJUK A R\u00c9SZLETEKET!<\/h3>\n<h3><span style=\"color: #ff0000;\"><strong>A h\u00edr nem \u00e9rt v\u00e9get! Folytat\u00e1shoz haszn\u00e1ld a K\u00d6VETKEZ\u0150 OLDAL gombot!<\/strong><\/span><\/h3>\n<h3 style=\"text-align: right;\"><a href=\"https:\/\/online-filmkatarzis.com\/kucko\/hirek\/hatalmas-drama-a-fustoles-korul\/\" target=\"_blank\" rel=\"noopener\"><span style=\"color: #ff0000;\">&#8212;&gt;&gt; K\u00d6VETKEZ\u0150 OLDAL<\/span><\/a><\/h3>\n<p>&#8211;<\/p>\n<p>M\u00edg a legt\u00f6bb elektromos aut\u00f3 hatalmas s\u00falyt nyom a m\u00e9retes akkumul\u00e1torcsomagok miatt, a Spring 26,8 kWh-nyi haszn\u00e1lhat\u00f3 akkukapacit\u00e1sa alig t\u00f6bb, mint amit n\u00e9h\u00e1ny plug-in hibrid k\u00edn\u00e1l. Ugyanakkor egy ilyen viszonylag kompakt akkumul\u00e1tor egy olyan kis m\u00e9ret\u0171 aut\u00f3ban, mint a Dacia, a s\u00falyt olyan alacsonyan tartja, hogy az \u00f6sszevethet\u0151 a legt\u00f6bb benzines v\u00e1rosi aut\u00f3\u00e9val \u2013 hivatalosan mind\u00f6ssze 984 kg-ot nyom. Ahogy minden k\u00f6nny\u0171 aut\u00f3 eset\u00e9ben, ez jelent\u0151s el\u0151nyt jelent a hat\u00e9konys\u00e1g ter\u00e9n.<\/p>\n<p>A teszth\u00e9ten a 64 l\u00f3er\u0151s Spring v\u00e1ltozatot vezett\u00fck k\u00fcl\u00f6nf\u00e9le \u00fatt\u00edpusokon \u2013 bele\u00e9rtve az aut\u00f3p\u00e1ly\u00e1t is, ami gyorsabban mer\u00edtette az akkumul\u00e1tort, mint b\u00e1rmely m\u00e1s \u00fat \u2013 \u00e9s k\u00f6nnyed\u00e9n el\u00e9rt\u00fcnk 5,0 m\u00e9rf\u00f6ld\/kWh hat\u00e9konys\u00e1got. Tekintve, hogy a h\u0151m\u00e9rs\u00e9klet ez id\u0151 alatt k\u00f6r\u00fclbel\u00fcl 12 \u00b0C volt, ez az \u00e9rt\u00e9k ny\u00e1ron m\u00e9g javulhat is.<\/p>\n<p>Ezzel szemben t\u00e9len visszaes\u00e9sre lehet sz\u00e1m\u00edtani. A m\u00e9rt hat\u00e9konys\u00e1g alapj\u00e1n a Spring val\u00f3di hat\u00f3t\u00e1vols\u00e1ga 134 m\u00e9rf\u00f6ld (kb. 216 km). A Dacia hivatalosan 140 m\u00e9rf\u00f6ldes (225 km) hat\u00f3t\u00e1vot ad meg a WLTP kombin\u00e1lt ciklus szerint, ami v\u00e1rosi haszn\u00e1lat eset\u00e9n 190 m\u00e9rf\u00f6ldre (306 km) n\u0151.<\/p>\n<p>M\u00e9ret\u00e9t, rendeltet\u00e9s\u00e9t \u00e9s hat\u00f3t\u00e1vols\u00e1g\u00e1t figyelembe v\u00e9ve a Spring legink\u00e1bb olyan v\u00e1s\u00e1rl\u00f3knak val\u00f3, akik otthon tudj\u00e1k t\u00f6lteni az aut\u00f3t, \u00edgy az, hogy a gyorst\u00f6lt\u00e9si sebess\u00e9ge mind\u00f6ssze 30 kW, nem jelent komoly probl\u00e9m\u00e1t. Amikor haszn\u00e1ltunk gyorst\u00f6lt\u0151t, az aut\u00f3 el\u00e9rte a gy\u00e1rilag megadott t\u00f6lt\u00e9si sebess\u00e9get, \u00e9s hivatalosan a 20\u201380%-os t\u00f6lt\u00f6tts\u00e9gi szint el\u00e9r\u00e9s\u00e9hez 45 perc sz\u00fcks\u00e9ges.<\/p>\n<p>Ha hideg van, \u00e9s energi\u00e1t szeretn\u00e9l sp\u00f3rolni, el\u0151 lehet f\u0171teni a Springet, am\u00edg csatlakoztatva van a t\u00f6lt\u0151re. Ahogy az ebben az \u00e1rkateg\u00f3ri\u00e1ban elv\u00e1rhat\u00f3, energiahat\u00e9kony h\u0151szivatty\u00fa nem \u00e1ll rendelkez\u00e9sre, \u00edgy hideg napokon a meghajt\u00f3 akkumul\u00e1tort jobban megterheli a f\u0171t\u00e9s haszn\u00e1lata.<\/p>\n","protected":false},"excerpt":{"rendered":"<p>Egyre t\u00f6bb orsz\u00e1g l\u00e9p fel a do\/\u00e1ny\/\u00e1s ellen, \u00e9s Magyarorsz\u00e1gon is szigorodnak a szab\u00e1lyok! Magyarorsz\u00e1gon a lakoss\u00e1g 27,3%-a napi rendszeress\u00e9ggel, 2,3%-a pedig alkalmank\u00e9nt doh\/nyz\/k. MUTATJUK A R\u00c9SZLETEKET! A h\u00edr nem \u00e9rt v\u00e9get!&#8230;<\/p>\n","protected":false},"author":1,"featured_media":4765,"comment_status":"open","ping_status":"open","sticky":false,"template":"","format":"standard","meta":{"footnotes":""},"categories":[2],"tags":[],"class_list":["post-4764","post","type-post","status-publish","format-standard","has-post-thumbnail","hentry","category-altalanos"],"aioseo_notices":[],"_links":{"self":[{"href":"https:\/\/online-filmkatarzis.com\/kucko\/wp-json\/wp\/v2\/posts\/4764","targetHints":{"allow":["GET"]}}],"collection":[{"href":"https:\/\/online-filmkatarzis.com\/kucko\/wp-json\/wp\/v2\/posts"}],"about":[{"href":"https:\/\/online-filmkatarzis.com\/kucko\/wp-json\/wp\/v2\/types\/post"}],"author":[{"embeddable":true,"href":"https:\/\/online-filmkatarzis.com\/kucko\/wp-json\/wp\/v2\/users\/1"}],"replies":[{"embeddable":true,"href":"https:\/\/online-filmkatarzis.com\/kucko\/wp-json\/wp\/v2\/comments?post=4764"}],"version-history":[{"count":1,"href":"https:\/\/online-filmkatarzis.com\/kucko\/wp-json\/wp\/v2\/posts\/4764\/revisions"}],"predecessor-version":[{"id":4766,"href":"https:\/\/online-filmkatarzis.com\/kucko\/wp-json\/wp\/v2\/posts\/4764\/revisions\/4766"}],"wp:featuredmedia":[{"embeddable":true,"href":"https:\/\/online-filmkatarzis.com\/kucko\/wp-json\/wp\/v2\/media\/4765"}],"wp:attachment":[{"href":"https:\/\/online-filmkatarzis.com\/kucko\/wp-json\/wp\/v2\/media?parent=4764"}],"wp:term":[{"taxonomy":"category","embeddable":true,"href":"https:\/\/online-filmkatarzis.com\/kucko\/wp-json\/wp\/v2\/categories?post=4764"},{"taxonomy":"post_tag","embeddable":true,"href":"https:\/\/online-filmkatarzis.com\/kucko\/wp-json\/wp\/v2\/tags?post=4764"}],"curies":[{"name":"wp","href":"https:\/\/api.w.org\/{rel}","templated":true}]}}