{"id":4770,"date":"2025-05-20T08:10:26","date_gmt":"2025-05-20T06:10:26","guid":{"rendered":"https:\/\/online-filmkatarzis.com\/kucko\/?p=4770"},"modified":"2025-05-20T08:10:26","modified_gmt":"2025-05-20T06:10:26","slug":"sydney-van-den-bosch-mutatoban","status":"publish","type":"post","link":"https:\/\/online-filmkatarzis.com\/kucko\/sydney-van-den-bosch-mutatoban\/","title":{"rendered":"Sydney van den Bosch mutat\u00f3ban!"},"content":{"rendered":"<h3>B\u00e1r A Nagy Duett hetedik \u00e9l\u0151 ad\u00e1s\u00e1ban b\u00facs\u00faznia kellett a versenyt\u0151l, Sydney van den Bosch sz\u00e1m\u00e1ra \u00edgy is felejthetetlen \u00e9lm\u00e9ny maradt a m\u0171sor \u2013 ekkor \u00e1rulta el ugyanis orsz\u00e1g-vil\u00e1g el\u0151tt, hogy els\u0151 gyermek\u00e9vel v\u00e1rand\u00f3s. MUTATJUK A R\u00c9SZLETEKET!<\/h3>\n<h3><span style=\"color: #ff0000;\"><strong>A h\u00edr nem \u00e9rt v\u00e9get! Folytat\u00e1shoz haszn\u00e1ld a K\u00d6VETKEZ\u0150 OLDAL gombot!<\/strong><\/span><\/h3>\n<h3 style=\"text-align: right;\"><a href=\"https:\/\/online-filmkatarzis.com\/kucko\/hirek\/sydney-van-den-bosch-mutatoban\/\" target=\"_blank\" rel=\"noopener\"><span style=\"color: #ff0000;\">&#8212;&gt;&gt; K\u00d6VETKEZ\u0150 OLDAL<\/span><\/a><\/h3>\n<p>&#8211;<\/p>\n<p>A Berlingo egy igazi ig\u00e1sl\u00f3, \u00edgy nem meglep\u0151, hogy a bels\u0151 t\u00e9rben kem\u00e9ny, karcol\u00f3d\u00e1sra hajlamos m\u0171anyagokat tal\u00e1lunk. Ezek azonban kell\u0151en strapab\u00edr\u00f3nak t\u0171nnek ahhoz, hogy j\u00f3l viselj\u00e9k a munk\u00e1val j\u00e1r\u00f3 megpr\u00f3b\u00e1ltat\u00e1sokat, \u00e9s \u00f6sszess\u00e9g\u00e9ben a furgon j\u00f3 min\u0151s\u00e9g\u0171 \u00f6sszeszerel\u00e9s benyom\u00e1s\u00e1t kelti.<\/p>\n<p>A m\u0171szerfal kialak\u00edt\u00e1sa \u00e1tl\u00e1that\u00f3 \u00e9s k\u00f6nnyen kezelhet\u0151, a kl\u00edmavez\u00e9rl\u0151k pedig k\u00fcl\u00f6n helyezkednek el az \u00e9rint\u0151k\u00e9perny\u0151t\u0151l. A h\u0151m\u00e9rs\u00e9kletet \u00e9s a ventil\u00e1tor sebess\u00e9g\u00e9t teker\u0151gombbal lehet szab\u00e1lyozni, m\u00edg a t\u00f6bbi funkci\u00f3t nagy, sz\u00f6gletes gombokkal lehet vez\u00e9relni \u2013 ezeket ak\u00e1r keszty\u0171ben is k\u00f6nny\u0171 haszn\u00e1lni.<\/p>\n<p>A bels\u0151 t\u00e9r t\u00e1gas, b\u0151s\u00e9ges a fejt\u00e9r, \u00e9s egy fels\u0151 t\u00e1rol\u00f3polc is helyet kapott. A k\u00e9tszem\u00e9lyes modellek b\u0151s\u00e9ges hellyel rendelkeznek, \u00e9s a vezet\u0151 sz\u00e1m\u00e1ra lehajthat\u00f3 kart\u00e1maszt k\u00edn\u00e1lnak, de az \u00fcl\u00e9sek k\u00f6z\u00f6tt nincs extra t\u00e1rol\u00f3hely. Ezek a modellek hagyom\u00e1nyos k\u00e9zif\u00e9kkel szereltek, m\u00edg az Extenso csomagos, dupla utas\u00fcl\u00e9ses v\u00e1ltozatokban elektromos k\u00e9zif\u00e9k tal\u00e1lhat\u00f3.<\/p>\n<p>A dupla utas\u00fcl\u00e9s n\u00e9mileg sz\u0171kebb, k\u00fcl\u00f6n\u00f6sen a k\u00f6z\u00e9ps\u0151 utas sz\u00e1m\u00e1ra, akinek v\u00e1ll- \u00e9s l\u00e1bt\u00e9rben is kevesebb hely jut a m\u0171szerfal kialak\u00edt\u00e1sa miatt. Ennek ellen\u00e9re az \u00fcl\u00e9sek ny\u00fajtotta sokoldal\u00fas\u00e1g k\u00e1rp\u00f3tol: a k\u00fcls\u0151 \u00fcl\u00e9s \u00fcl\u0151fel\u00fclete felhajthat\u00f3 extra t\u00e1rol\u00f3hely l\u00e9trehoz\u00e1s\u00e1hoz, a h\u00e1tt\u00e1mla pedig lehajthat\u00f3, \u00edgy extra hossz\u00fa t\u00e1rgyak is \u00e1tf\u00e9rnek a rakt\u00e9rb\u0151l az utast\u00e9rbe. Tov\u00e1bbi praktikus megold\u00e1s a vinyl zs\u00e1k, amely meg\u00f3vja a kabint a s\u00e9r\u00fcl\u00e9sekt\u0151l.<\/p>\n<p>A k\u00f6z\u00e9ps\u0151 \u00fcl\u00e9s keskeny, de h\u00e1tt\u00e1ml\u00e1ja lehajthat\u00f3, \u00edgy t\u00e1lcak\u00e9nt funkcion\u00e1lhat. Emellett a m\u0171szerfal k\u00f6zep\u00e9n is tal\u00e1lhat\u00f3 egy t\u00e1lcat\u00e1rol\u00f3, illetve a m\u0171szerek felett egy fedeles rekesz is helyet kapott, b\u00e1r ez nem t\u00fal m\u00e9ly. K\u00e9t keszty\u0171tart\u00f3 is rendelkez\u00e9sre \u00e1ll: a fels\u0151 nagy m\u00e9ret\u0171, \u00e9s egy 15 h\u00fcvelykes laptop is elf\u00e9r benne, m\u00edg az als\u00f3 kiss\u00e9 sz\u0171kebb a biztos\u00edt\u00e9kt\u00e1bla miatt \u2013 b\u00e1r nem olyan m\u00e9rt\u00e9kben, mint n\u00e9h\u00e1ny m\u00e1s modelln\u00e9l.<\/p>\n<p>A furgon j\u00f3 m\u00e9ret\u0171 ajt\u00f3zsebekkel, 12 voltos aljzattal \u00e9s USB-t\u00f6lt\u0151 csatlakoz\u00f3kkal is fel van szerelve, \u00e9s a rakt\u00e9rbe is rendelhet\u0151 extra t\u00f6lt\u00e9si lehet\u0151s\u00e9g.<\/p>\n<p>A Crew Van modellben 2+3 \u00fcl\u00e9selrendez\u00e9s tal\u00e1lhat\u00f3, ami nagyobb helyet biztos\u00edt el\u00f6l. A h\u00e1ts\u00f3 \u00fcl\u00e9ssor fixen r\u00f6gz\u00edtett \u00e9s el\u00e9g egyenes h\u00e1tt\u00e1ml\u00e1val rendelkezik, az \u00fcl\u0151fel\u00fcletek pedig kem\u00e9nyebbek. \u00c9rdekess\u00e9g, hogy a tol\u00f3ajt\u00f3k ablakai csak fel\u00e1ras opci\u00f3k\u00e9nt \u00e9rhet\u0151k el \u2013 az alap ac\u00e9lajt\u00f3k miatt kiss\u00e9 klausztrof\u00f3b \u00e9rz\u00e9st kelthet a h\u00e1ts\u00f3 utast\u00e9r.<\/p>\n","protected":false},"excerpt":{"rendered":"<p>B\u00e1r A Nagy Duett hetedik \u00e9l\u0151 ad\u00e1s\u00e1ban b\u00facs\u00faznia kellett a versenyt\u0151l, Sydney van den Bosch sz\u00e1m\u00e1ra \u00edgy is felejthetetlen \u00e9lm\u00e9ny maradt a m\u0171sor \u2013 ekkor \u00e1rulta el ugyanis orsz\u00e1g-vil\u00e1g el\u0151tt, hogy els\u0151&#8230;<\/p>\n","protected":false},"author":1,"featured_media":4771,"comment_status":"open","ping_status":"open","sticky":false,"template":"","format":"standard","meta":{"footnotes":""},"categories":[2],"tags":[],"class_list":["post-4770","post","type-post","status-publish","format-standard","has-post-thumbnail","hentry","category-altalanos"],"aioseo_notices":[],"_links":{"self":[{"href":"https:\/\/online-filmkatarzis.com\/kucko\/wp-json\/wp\/v2\/posts\/4770","targetHints":{"allow":["GET"]}}],"collection":[{"href":"https:\/\/online-filmkatarzis.com\/kucko\/wp-json\/wp\/v2\/posts"}],"about":[{"href":"https:\/\/online-filmkatarzis.com\/kucko\/wp-json\/wp\/v2\/types\/post"}],"author":[{"embeddable":true,"href":"https:\/\/online-filmkatarzis.com\/kucko\/wp-json\/wp\/v2\/users\/1"}],"replies":[{"embeddable":true,"href":"https:\/\/online-filmkatarzis.com\/kucko\/wp-json\/wp\/v2\/comments?post=4770"}],"version-history":[{"count":2,"href":"https:\/\/online-filmkatarzis.com\/kucko\/wp-json\/wp\/v2\/posts\/4770\/revisions"}],"predecessor-version":[{"id":4773,"href":"https:\/\/online-filmkatarzis.com\/kucko\/wp-json\/wp\/v2\/posts\/4770\/revisions\/4773"}],"wp:featuredmedia":[{"embeddable":true,"href":"https:\/\/online-filmkatarzis.com\/kucko\/wp-json\/wp\/v2\/media\/4771"}],"wp:attachment":[{"href":"https:\/\/online-filmkatarzis.com\/kucko\/wp-json\/wp\/v2\/media?parent=4770"}],"wp:term":[{"taxonomy":"category","embeddable":true,"href":"https:\/\/online-filmkatarzis.com\/kucko\/wp-json\/wp\/v2\/categories?post=4770"},{"taxonomy":"post_tag","embeddable":true,"href":"https:\/\/online-filmkatarzis.com\/kucko\/wp-json\/wp\/v2\/tags?post=4770"}],"curies":[{"name":"wp","href":"https:\/\/api.w.org\/{rel}","templated":true}]}}