{"id":4786,"date":"2025-05-20T19:21:37","date_gmt":"2025-05-20T17:21:37","guid":{"rendered":"https:\/\/online-filmkatarzis.com\/kucko\/?p=4786"},"modified":"2025-05-20T19:21:37","modified_gmt":"2025-05-20T17:21:37","slug":"lattad-az-idojaras-elorejelzest-foghatjuk-a-fejunket-ez-var-rank","status":"publish","type":"post","link":"https:\/\/online-filmkatarzis.com\/kucko\/lattad-az-idojaras-elorejelzest-foghatjuk-a-fejunket-ez-var-rank\/","title":{"rendered":"L\u00e1ttad az id\u0151j\u00e1r\u00e1s el\u0151rejelz\u00e9st? Foghatjuk a fej\u00fcnket! Ez v\u00e1r r\u00e1nk!"},"content":{"rendered":"<h3>VESZ\u00c9LYBEN A T\u00c9RS\u00c9G \u2013 CITROMS\u00c1RGA RIAD\u00d3 A L\u00c9GK\u00d6RI K\u00c1OSZ MIATT<br \/>\nA HungaroMet riaszt\u00e1st adott ki: els\u0151fok\u00fa figyelmeztet\u00e9s van \u00e9rv\u00e9nyben felh\u0151szakad\u00e1s vesz\u00e9lye miatt! Egyes ter\u00fcleteken n\u00e9h\u00e1ny perc alatt ak\u00e1r 30 mm-t is meghalad\u00f3, \u00f6z\u00f6nv\u00edzszer\u0171 es\u0151z\u00e9s zuhanhat al\u00e1. Ez az el\u0151zetes figyelmeztet\u00e9s \u2013 amely v\u00e1ltozhat, ak\u00e1r s\u00falyosbodhat is \u2013 azt jelzi, hogy a helyzet b\u00e1rmikor romolhat.<br \/>\nN\u00c9ZZ\u00dcK MI V\u00c1R R\u00c1NK PONTOSAN:<\/h3>\n<h3><span style=\"color: #ff0000;\"><strong>A h\u00edr nem \u00e9rt v\u00e9get! Folytat\u00e1shoz haszn\u00e1ld a K\u00d6VETKEZ\u0150 OLDAL gombot!<\/strong><\/span><\/h3>\n<h3 style=\"text-align: right;\"><a href=\"https:\/\/online-filmkatarzis.com\/kucko\/hirek\/lattad-az-idojaras-elorejelzest-foghatjuk-a-fejunket-ez-var-rank\/\" target=\"_blank\" rel=\"noopener\"><span style=\"color: #ff0000;\">&#8212;&gt;&gt; K\u00d6VETKEZ\u0150 OLDAL<\/span><\/a><\/h3>\n<p>&#8211;<\/p>\n<p>A Toyota C-HR els\u0151 gener\u00e1ci\u00f3ja els\u0151sorban a mer\u00e9sz, egyedi formaterv\u00e9re \u00e9p\u00edt, ami kulcsfontoss\u00e1g\u00fa ebben a l\u00e1tv\u00e1nyra \u00e9rz\u00e9keny crossover szegmensben. Az utast\u00e9rben min\u0151s\u00e9gi anyaghaszn\u00e1lat fogadja az utasokat, a felszerelts\u00e9g pedig b\u0151s\u00e9ges, a belt\u00e9r kialak\u00edt\u00e1sa j\u00f3l \u00e1tgondolt, b\u00e1r a kis h\u00e1ts\u00f3 ablakok miatt a h\u00e1ts\u00f3 \u00fcl\u00e9ssor kiss\u00e9 klausztrof\u00f3bnak hathat. A C-HR a Toyota New Global Architecture platformra \u00e9p\u00fcl, amely kifinomult fut\u00f3m\u0171vet \u00e9s k\u00e9nyelmes rug\u00f3z\u00e1st biztos\u00edt, \u00e9s kev\u00e9s aut\u00f3 vetekszik a Toyota hibrid hajt\u00e1sl\u00e1ncainak fejletts\u00e9g\u00e9vel \u00e9s val\u00f3s k\u00f6r\u00fclm\u00e9nyek k\u00f6z\u00f6tti hat\u00e9konys\u00e1g\u00e1val.<\/p>\n<p>Okosan form\u00e1zott, kellemes vezetni, praktikus, \u00e9s eleg\u00e1ns bels\u0151 ter\u00e9vel a C-HR vonz\u00f3 alternat\u00edv\u00e1t k\u00edn\u00e1l a hagyom\u00e1nyosabb crossover modellek mellett. A kor\u00e1bbi C-HR modell a jap\u00e1n gy\u00e1rt\u00f3 k\u00edn\u00e1lat\u00e1ban m\u00e1r akkor is k\u00fcl\u00f6n\u00f6sen st\u00edlusos darabnak sz\u00e1m\u00edtott, amikor 2016-ban bemutatkozott, \u00e9s hozz\u00e1j\u00e1rult ahhoz, hogy a Toyota diz\u00e1jnja frissebb\u00e9 \u00e9s k\u00edv\u00e1natosabb\u00e1 v\u00e1ljon. A C-HR n\u00e9v a \u201eCoupe-High Rider\u201d r\u00f6vid\u00edt\u00e9se, mivel a formaterv egy kup\u00e9szer\u0171en lejt\u0151 tet\u0151vonalat \u00f6tv\u00f6z a crossoverek massz\u00edv megjelen\u00e9s\u00e9vel. A m\u00e1sodik gener\u00e1ci\u00f3 2023-ban \u00e9rkezett meg, \u00e9s meg\u0151rizte az eredeti modell felt\u0171n\u0151 st\u00edlusjegyeit.<\/p>\n<p>B\u00e1r a k\u00fclseje sportos, a C-HR val\u00f3j\u00e1ban meglep\u0151en sokoldal\u00fa, \u00e9s olyan elismert crossoverekkel versenyez, mint a SEAT Ateca, a Skoda Karoq, a Peugeot 3008, a Honda HR-V vagy a Nissan Qashqai. A bels\u0151 t\u00e9r t\u00e1gasnak mondhat\u00f3, ugyanakkor az aut\u00f3 karakteres megjelen\u00e9se biztos\u00edtja, hogy kit\u0171nj\u00f6n a mez\u0151nyb\u0151l.<\/p>\n","protected":false},"excerpt":{"rendered":"<p>VESZ\u00c9LYBEN A T\u00c9RS\u00c9G \u2013 CITROMS\u00c1RGA RIAD\u00d3 A L\u00c9GK\u00d6RI K\u00c1OSZ MIATT A HungaroMet riaszt\u00e1st adott ki: els\u0151fok\u00fa figyelmeztet\u00e9s van \u00e9rv\u00e9nyben felh\u0151szakad\u00e1s vesz\u00e9lye miatt! Egyes ter\u00fcleteken n\u00e9h\u00e1ny perc alatt ak\u00e1r 30 mm-t is meghalad\u00f3,&#8230;<\/p>\n","protected":false},"author":1,"featured_media":4787,"comment_status":"open","ping_status":"open","sticky":false,"template":"","format":"standard","meta":{"footnotes":""},"categories":[2],"tags":[],"class_list":["post-4786","post","type-post","status-publish","format-standard","has-post-thumbnail","hentry","category-altalanos"],"aioseo_notices":[],"_links":{"self":[{"href":"https:\/\/online-filmkatarzis.com\/kucko\/wp-json\/wp\/v2\/posts\/4786","targetHints":{"allow":["GET"]}}],"collection":[{"href":"https:\/\/online-filmkatarzis.com\/kucko\/wp-json\/wp\/v2\/posts"}],"about":[{"href":"https:\/\/online-filmkatarzis.com\/kucko\/wp-json\/wp\/v2\/types\/post"}],"author":[{"embeddable":true,"href":"https:\/\/online-filmkatarzis.com\/kucko\/wp-json\/wp\/v2\/users\/1"}],"replies":[{"embeddable":true,"href":"https:\/\/online-filmkatarzis.com\/kucko\/wp-json\/wp\/v2\/comments?post=4786"}],"version-history":[{"count":1,"href":"https:\/\/online-filmkatarzis.com\/kucko\/wp-json\/wp\/v2\/posts\/4786\/revisions"}],"predecessor-version":[{"id":4788,"href":"https:\/\/online-filmkatarzis.com\/kucko\/wp-json\/wp\/v2\/posts\/4786\/revisions\/4788"}],"wp:featuredmedia":[{"embeddable":true,"href":"https:\/\/online-filmkatarzis.com\/kucko\/wp-json\/wp\/v2\/media\/4787"}],"wp:attachment":[{"href":"https:\/\/online-filmkatarzis.com\/kucko\/wp-json\/wp\/v2\/media?parent=4786"}],"wp:term":[{"taxonomy":"category","embeddable":true,"href":"https:\/\/online-filmkatarzis.com\/kucko\/wp-json\/wp\/v2\/categories?post=4786"},{"taxonomy":"post_tag","embeddable":true,"href":"https:\/\/online-filmkatarzis.com\/kucko\/wp-json\/wp\/v2\/tags?post=4786"}],"curies":[{"name":"wp","href":"https:\/\/api.w.org\/{rel}","templated":true}]}}