{"id":4807,"date":"2025-05-21T19:24:18","date_gmt":"2025-05-21T17:24:18","guid":{"rendered":"https:\/\/online-filmkatarzis.com\/kucko\/?p=4807"},"modified":"2025-05-21T19:24:18","modified_gmt":"2025-05-21T17:24:18","slug":"megvan-ki-lesz-2025-ben-a-nagy-o","status":"publish","type":"post","link":"https:\/\/online-filmkatarzis.com\/kucko\/megvan-ki-lesz-2025-ben-a-nagy-o\/","title":{"rendered":"Megvan ki lesz 2025-ben a Nagy \u0150!"},"content":{"rendered":"<h3>A Nagy \u0150t k\u00f6zel 20 \u00e9v ut\u00e1n sikerrel hozta vissza a TV2 a k\u00e9perny\u0151re: 2022-ben T\u00f3th D\u00e1vid kegyei\u00e9rt, 2023-ban \u00c1rpa Attil\u00e1\u00e9rt, m\u00edg tavaly, 2024-ben m\u00e1r J\u00e1kob Zolt\u00e1n\u00e9rt k\u00fczd\u00f6ttek a m\u0171sor\u00e1ban. MUTATJUK A R\u00c9SZLETEKET!<\/h3>\n<h3><span style=\"color: #ff0000;\"><strong>A h\u00edr nem \u00e9rt v\u00e9get! Folytat\u00e1shoz haszn\u00e1ld a K\u00d6VETKEZ\u0150 OLDAL gombot!<\/strong><\/span><\/h3>\n<h3 style=\"text-align: right;\"><a href=\"https:\/\/online-filmkatarzis.com\/kucko\/hirek\/megvan-ki-lesz-2025-ben-a-nagy-o\/\" target=\"_blank\" rel=\"noopener\"><span style=\"color: #ff0000;\">&#8212;&gt;&gt; K\u00d6VETKEZ\u0150 OLDAL<\/span><\/a><\/h3>\n<p>&#8211;<\/p>\n<p>A P460e \u00e9s P550e modellek ugyanazt a 38,2 kWh-s akkumul\u00e1tort \u00e9s a 141 l\u00f3er\u0151s villanymotort haszn\u00e1lj\u00e1k, \u00e9s t\u00f6bb mint 70 m\u00e9rf\u00f6ld (kb. 113 km) tiszt\u00e1n elektromos hat\u00f3t\u00e1vot k\u00edn\u00e1lnak \u2013 ami b\u0151ven elegend\u0151 a legt\u00f6bb napi ing\u00e1z\u00e1shoz vagy v\u00e1rosi, r\u00f6videbb utakhoz. Van k\u00fcl\u00f6n EV vezet\u00e9si m\u00f3d, de alap\u00e9rtelmezetten a Hybrid m\u00f3d akt\u00edv.<\/p>\n<p>A plug-in hibrid Range Rover emellett geofencing technol\u00f3gi\u00e1t alkalmaz, amely seg\u00edt takar\u00e9koskodni az akkumul\u00e1torral \u00e9s biztos\u00edtja, hogy alacsony kibocs\u00e1t\u00e1s\u00fa z\u00f3n\u00e1kban elektromos \u00fczemm\u00f3dban k\u00f6zlekedhessen az aut\u00f3. Ez manu\u00e1lisan is be\u00e1ll\u00edthat\u00f3 a \u201eSave\u201d funkci\u00f3val, amely lehet\u0151v\u00e9 teszi, hogy az energi\u00e1t k\u00e9s\u0151bbre tartogassuk, p\u00e9ld\u00e1ul egy v\u00e1rosi szakaszra az \u00fat v\u00e9g\u00e9n.<\/p>\n<p>A P460e vagy P550e akkumul\u00e1tor\u00e1nak teljes felt\u00f6lt\u00e9se egy szok\u00e1sos 7,4 kW-os otthoni fali t\u00f6lt\u0151r\u0151l vagy nyilv\u00e1nos AC t\u00f6lt\u0151pontr\u00f3l k\u00f6r\u00fclbel\u00fcl \u00f6t \u00f3r\u00e1t vesz ig\u00e9nybe. Ami azonban k\u00fcl\u00f6n\u00f6sen figyelemre m\u00e9lt\u00f3 ezekn\u00e9l a plug-in hibridekn\u00e9l, hogy CCS gyorst\u00f6lt\u00e9st is t\u00e1mogatnak, ami ritkas\u00e1g ebben a kateg\u00f3ri\u00e1ban. \u00cdgy ak\u00e1r 50 kW-os t\u00f6lt\u00e9si sebess\u00e9get is el\u00e9rhetnek, amivel 0-r\u00f3l 80%-os t\u00f6lt\u00f6tts\u00e9gre kevesebb mint egy \u00f3ra alatt felt\u00f6lthet\u0151k egy megfelel\u0151 teljes\u00edtm\u00e9ny\u0171 t\u00f6lt\u0151n.<\/p>\n<p>Ha valaki Range Rover v\u00e1s\u00e1rl\u00e1s\u00e1n gondolkodik, joggal felt\u00e9telezhet\u0151, hogy a magasabb \u00fczemanyagk\u00f6lts\u00e9gek nem riasztj\u00e1k el a d\u00f6nt\u00e9st\u0151l.<\/p>\n<p>A k\u00edn\u00e1latban szerepelnek mild-hibrid technol\u00f3gi\u00e1val szerelt benzines \u00e9s d\u00edzelmodellek, m\u00edg az \u00fczleti felhaszn\u00e1l\u00f3k sz\u00e1m\u00e1ra k\u00fcl\u00f6n\u00f6sen vonz\u00f3 lehet a plug-in hibrid alacsony c\u00e9ges aut\u00f3ad\u00f3 (Benefit-in-Kind) besorol\u00e1sa. M\u00e1r egy ideje k\u00e9sz\u00fcl\u0151ben van a teljesen elektromos Range Rover, \u00e9s ha valaki v\u00e1rosi sof\u0151rk\u00e9nt (pl. sof\u0151rszolg\u00e1lat) dolgozik, \u00e9rdemes lehet kiv\u00e1rni: az elektromos verzi\u00f3 olcs\u00f3bb fenntart\u00e1ssal \u00e9s \u00fczemeltet\u00e9ssel kecsegtet a hagyom\u00e1nyos benzin- vagy d\u00edzelv\u00e1ltozatokhoz k\u00e9pest. Mag\u00e1nv\u00e1s\u00e1rl\u00f3k sz\u00e1m\u00e1ra, akik rendelkeznek otthoni t\u00f6lt\u00e9si lehet\u0151s\u00e9ggel, az \u00e9jszakai, olcs\u00f3bb tarif\u00e1kkal t\u00f6rt\u00e9n\u0151 t\u00f6lt\u00e9s miatt ez lehet az egyik legk\u00f6lts\u00e9ghat\u00e9konyabb Range Rover.<\/p>\n<p>Annak ellen\u00e9re, hogy az aut\u00f3ipar gyorsan halad a teljes elektromos\u00edt\u00e1s fel\u00e9, a d\u00edzelmotorok tov\u00e1bbra is indokoltak a luxus SUV szegmensben. Aki gyakran tesz meg hossz\u00fa t\u00e1vokat, annak p\u00e9nz\u00fcgyileg is \u00e9szszer\u0171 d\u00f6nt\u00e9s a d\u00edzel: az alapnak sz\u00e1m\u00edt\u00f3 D300 modell a legolcs\u00f3bb bel\u00e9p\u0151 a Range Rover vil\u00e1g\u00e1ba, ak\u00e1r 6,2 l\/100 km (38,2 mpg) vegyes WLTP fogyaszt\u00e1ssal \u00e9s 194 g\/km CO\u2082-kibocs\u00e1t\u00e1ssal. A D350 ugyanabb\u00f3l a 3.0 literes, soros hathengeres d\u00edzelmotorb\u00f3l nyer t\u00f6bb teljes\u00edtm\u00e9nyt, de szinte azonos fogyaszt\u00e1st \u00edg\u00e9r: 38,3 mpg \u00e9s szint\u00e9n 194 g\/km CO\u2082. Igaz, nem fogsz \u00f6r\u00fclni, mikor megt\u00f6lt\u00f6d a 80 literes \u00fczemanyagtart\u00e1lyt, de legal\u00e1bb t\u00f6bb mint 960 km is megtehet\u0151 egy tankkal \u2013 ezt mi is tapasztaltuk a hossz\u00fa t\u00e1v\u00fa teszt sor\u00e1n egy D350 modellel.<\/p>\n","protected":false},"excerpt":{"rendered":"<p>A Nagy \u0150t k\u00f6zel 20 \u00e9v ut\u00e1n sikerrel hozta vissza a TV2 a k\u00e9perny\u0151re: 2022-ben T\u00f3th D\u00e1vid kegyei\u00e9rt, 2023-ban \u00c1rpa Attil\u00e1\u00e9rt, m\u00edg tavaly, 2024-ben m\u00e1r J\u00e1kob Zolt\u00e1n\u00e9rt k\u00fczd\u00f6ttek a m\u0171sor\u00e1ban. MUTATJUK A&#8230;<\/p>\n","protected":false},"author":1,"featured_media":4808,"comment_status":"open","ping_status":"open","sticky":false,"template":"","format":"standard","meta":{"footnotes":""},"categories":[2],"tags":[],"class_list":["post-4807","post","type-post","status-publish","format-standard","has-post-thumbnail","hentry","category-altalanos"],"aioseo_notices":[],"_links":{"self":[{"href":"https:\/\/online-filmkatarzis.com\/kucko\/wp-json\/wp\/v2\/posts\/4807","targetHints":{"allow":["GET"]}}],"collection":[{"href":"https:\/\/online-filmkatarzis.com\/kucko\/wp-json\/wp\/v2\/posts"}],"about":[{"href":"https:\/\/online-filmkatarzis.com\/kucko\/wp-json\/wp\/v2\/types\/post"}],"author":[{"embeddable":true,"href":"https:\/\/online-filmkatarzis.com\/kucko\/wp-json\/wp\/v2\/users\/1"}],"replies":[{"embeddable":true,"href":"https:\/\/online-filmkatarzis.com\/kucko\/wp-json\/wp\/v2\/comments?post=4807"}],"version-history":[{"count":1,"href":"https:\/\/online-filmkatarzis.com\/kucko\/wp-json\/wp\/v2\/posts\/4807\/revisions"}],"predecessor-version":[{"id":4809,"href":"https:\/\/online-filmkatarzis.com\/kucko\/wp-json\/wp\/v2\/posts\/4807\/revisions\/4809"}],"wp:featuredmedia":[{"embeddable":true,"href":"https:\/\/online-filmkatarzis.com\/kucko\/wp-json\/wp\/v2\/media\/4808"}],"wp:attachment":[{"href":"https:\/\/online-filmkatarzis.com\/kucko\/wp-json\/wp\/v2\/media?parent=4807"}],"wp:term":[{"taxonomy":"category","embeddable":true,"href":"https:\/\/online-filmkatarzis.com\/kucko\/wp-json\/wp\/v2\/categories?post=4807"},{"taxonomy":"post_tag","embeddable":true,"href":"https:\/\/online-filmkatarzis.com\/kucko\/wp-json\/wp\/v2\/tags?post=4807"}],"curies":[{"name":"wp","href":"https:\/\/api.w.org\/{rel}","templated":true}]}}