{"id":4816,"date":"2025-05-22T16:50:14","date_gmt":"2025-05-22T14:50:14","guid":{"rendered":"https:\/\/online-filmkatarzis.com\/kucko\/?p=4816"},"modified":"2025-05-22T16:50:14","modified_gmt":"2025-05-22T14:50:14","slug":"nepharag-zudult-a-kincsvadaszokra","status":"publish","type":"post","link":"https:\/\/online-filmkatarzis.com\/kucko\/nepharag-zudult-a-kincsvadaszokra\/","title":{"rendered":"N\u00e9pharag z\u00fadult a Kincsvad\u00e1szokra!"},"content":{"rendered":"<h3>A TV2 tavaly dobta be a k\u00f6ztudatba a Kincsvad\u00e1szokat, \u00e9s a m\u0171sor egycsap\u00e1sra a n\u00e9z\u0151k kedvenc\u00e9v\u00e9 v\u00e1lt. Annyira bej\u00f6tt a dolog, hogy id\u00e9n m\u00e1r a negyedik \u00e9vadot vet\u00edtik. Csakhogy nemr\u00e9g k\u00fcl\u00f6n\u00f6s j\u00e1tszm\u00e1ba kezdett a csatorna:<br \/>\nMUTATJUK MI T\u00d6RT\u00c9NT:<\/h3>\n<h3><span style=\"color: #ff0000;\"><strong>A h\u00edr nem \u00e9rt v\u00e9get! Folytat\u00e1shoz haszn\u00e1ld a K\u00d6VETKEZ\u0150 OLDAL gombot!<\/strong><\/span><\/h3>\n<h3 style=\"text-align: right;\"><a href=\"https:\/\/online-filmkatarzis.com\/kucko\/hirek\/nepharag-zudult-a-kincsvadaszokra\/\" target=\"_blank\" rel=\"noopener\"><span style=\"color: #ff0000;\">&#8212;&gt;&gt; K\u00d6VETKEZ\u0150 OLDAL<\/span><\/a><\/h3>\n<p>&#8211;<\/p>\n<p>A Hyundai i30 hatchback a gy\u00e1rt\u00f3 legambici\u00f3zusabb pr\u00f3b\u00e1lkoz\u00e1sa az eur\u00f3pai piacon, c\u00e9lja, hogy versenyezzen a Ford Focus, a Vauxhall Astra \u00e9s a Volkswagen Golf uralta szektorban, amelyek mind sikeresen meger\u0151s\u00edtett modellek.<br \/>\nA Hyundai i30 Tourer egy t\u00e1gas kombi v\u00e1ltozat, amely sz\u00e9les\u00edti a modellt, \u00e9s \u00faj fronton harcol. A Focus \u00e9s Astra kombik mellett olyan modellekkel versenyez, mint a Peugeot 308 SW, a Renault Megane Sport Tourer, a SEAT Leon ST \u00e9s a Skoda Octavia kombik. Az i30-nak egy testv\u00e9rmodellje is van Kia m\u00e1rk\u00e1j\u00fa Cee&#8217;d Sportswagon n\u00e9ven.<br \/>\nAz i30 Tourer-t 2017 m\u00e1rcius\u00e1ban mutatt\u00e1k be a Genfi Aut\u00f3szalonon, \u00e9s b\u00e1r ugyanazon a platformon alapul, mint a hatchback, a megn\u00f6velt h\u00e1ts\u00f3 r\u00e9sz jelent\u0151sen t\u00f6bb csomagt\u00e9rrel rendelkezik.<\/p>\n<p>Az i30 \u00faj motorv\u00e1laszt\u00e9kkal \u00e9rkezik, bele\u00e9rtve a turb\u00f3s benzinmotorokat \u00e9s er\u0151teljes d\u00edzeleket. Mindezek viszonylag magas teljes\u00edtm\u00e9nyt k\u00edn\u00e1lnak kis motorv\u00e1zon, \u00e9s egy \u00faj fejleszt\u00e9s\u0171, h\u00e9tfokozat\u00fa duplakuplungos v\u00e1lt\u00f3t is kapunk, amely a Norm\u00e1l \u00e9s Sport vezet\u00e9si m\u00f3dokat is lehet\u0151v\u00e9 teszi.<br \/>\nA Tourer v\u00e1ltozat n\u00e9gy felszerelts\u00e9gi szinttel \u00e9rhet\u0151 el, \u00e9s a k\u00edn\u00e1lat az alap S modellel kezd\u0151dik. Ez a modell 15 colos k\u00f6nny\u0171f\u00e9m kerekekkel, karossz\u00e9ria sz\u00edn\u00e9re f\u00e9nyezett l\u00f6kh\u00e1r\u00edt\u00f3kkal \u00e9s t\u00fckr\u00f6kkel, h\u00e1ts\u00f3 spoilerrel, integr\u00e1lt LED f\u00e9kl\u00e1mp\u00e1val \u00e9s fekete h\u0171t\u0151r\u00e1csos diz\u00e1jnnal \u00e9rkezik. Ez a v\u00e1ltozat nem tartalmazza a kr\u00f3mozott h\u0171t\u0151r\u00e1cs bet\u00e9teket \u00e9s a tet\u0151s\u00edneket, amelyek a magasabb felszerelts\u00e9g\u0171 modellek jellemz\u0151i. Az alapmodellben manu\u00e1lis l\u00e9gkondicion\u00e1l\u00f3, automatikus f\u00e9nysz\u00f3r\u00f3, tempomat \u00e9s DAB r\u00e1di\u00f3 Bluetooth funkci\u00f3val is megtal\u00e1lhat\u00f3, de a sokkal jobban felszerelt SE modellre kell v\u00e1ltani a 5 colos \u00e9rint\u0151k\u00e9perny\u0151h\u00f6z, amely tolat\u00f3kamer\u00e1t is tartalmaz.<\/p>\n","protected":false},"excerpt":{"rendered":"<p>A TV2 tavaly dobta be a k\u00f6ztudatba a Kincsvad\u00e1szokat, \u00e9s a m\u0171sor egycsap\u00e1sra a n\u00e9z\u0151k kedvenc\u00e9v\u00e9 v\u00e1lt. Annyira bej\u00f6tt a dolog, hogy id\u00e9n m\u00e1r a negyedik \u00e9vadot vet\u00edtik. Csakhogy nemr\u00e9g k\u00fcl\u00f6n\u00f6s j\u00e1tszm\u00e1ba&#8230;<\/p>\n","protected":false},"author":1,"featured_media":4817,"comment_status":"open","ping_status":"open","sticky":false,"template":"","format":"standard","meta":{"footnotes":""},"categories":[2],"tags":[],"class_list":["post-4816","post","type-post","status-publish","format-standard","has-post-thumbnail","hentry","category-altalanos"],"aioseo_notices":[],"_links":{"self":[{"href":"https:\/\/online-filmkatarzis.com\/kucko\/wp-json\/wp\/v2\/posts\/4816","targetHints":{"allow":["GET"]}}],"collection":[{"href":"https:\/\/online-filmkatarzis.com\/kucko\/wp-json\/wp\/v2\/posts"}],"about":[{"href":"https:\/\/online-filmkatarzis.com\/kucko\/wp-json\/wp\/v2\/types\/post"}],"author":[{"embeddable":true,"href":"https:\/\/online-filmkatarzis.com\/kucko\/wp-json\/wp\/v2\/users\/1"}],"replies":[{"embeddable":true,"href":"https:\/\/online-filmkatarzis.com\/kucko\/wp-json\/wp\/v2\/comments?post=4816"}],"version-history":[{"count":1,"href":"https:\/\/online-filmkatarzis.com\/kucko\/wp-json\/wp\/v2\/posts\/4816\/revisions"}],"predecessor-version":[{"id":4818,"href":"https:\/\/online-filmkatarzis.com\/kucko\/wp-json\/wp\/v2\/posts\/4816\/revisions\/4818"}],"wp:featuredmedia":[{"embeddable":true,"href":"https:\/\/online-filmkatarzis.com\/kucko\/wp-json\/wp\/v2\/media\/4817"}],"wp:attachment":[{"href":"https:\/\/online-filmkatarzis.com\/kucko\/wp-json\/wp\/v2\/media?parent=4816"}],"wp:term":[{"taxonomy":"category","embeddable":true,"href":"https:\/\/online-filmkatarzis.com\/kucko\/wp-json\/wp\/v2\/categories?post=4816"},{"taxonomy":"post_tag","embeddable":true,"href":"https:\/\/online-filmkatarzis.com\/kucko\/wp-json\/wp\/v2\/tags?post=4816"}],"curies":[{"name":"wp","href":"https:\/\/api.w.org\/{rel}","templated":true}]}}