{"id":4852,"date":"2025-05-24T18:26:11","date_gmt":"2025-05-24T16:26:11","guid":{"rendered":"https:\/\/online-filmkatarzis.com\/kucko\/?p=4852"},"modified":"2025-05-24T18:26:11","modified_gmt":"2025-05-24T16:26:11","slug":"egy-legendatol-bucsuzunk","status":"publish","type":"post","link":"https:\/\/online-filmkatarzis.com\/kucko\/egy-legendatol-bucsuzunk\/","title":{"rendered":"Egy legend\u00e1t\u00f3l b\u00facs\u00fazunk!"},"content":{"rendered":"<h3>Hossz\u00fa \u00e9vek vannak a sz\u00edn\u00e9sz m\u00f6g\u00f6tt! Naponta t\u00f6bb milli\u00f3 n\u00e9z\u0151t szegez a t\u00e9v\u00e9k\u00e9perny\u0151k el\u00e9 G\u00e1lv\u00f6lgyi J\u00e1nos! M\u00e9g a mai fiatal gener\u00e1ci\u00f3nak sem kell bemutatni hogy kir\u0151l van sz\u00f3, oly annyira kedvelte mindenki! MUTATJUK A SZOMOR\u00da R\u00c9SZLETEKET!<\/h3>\n<h3><span style=\"color: #ff0000;\"><strong>A h\u00edr nem \u00e9rt v\u00e9get! Folytat\u00e1shoz haszn\u00e1ld a K\u00d6VETKEZ\u0150 OLDAL gombot!<\/strong><\/span><\/h3>\n<h3 style=\"text-align: right;\"><a href=\"https:\/\/online-filmkatarzis.com\/kucko\/hirek\/egy-legendatol-bucsuzunk\/\" target=\"_blank\" rel=\"noopener\"><span style=\"color: #ff0000;\">&#8212;&gt;&gt; K\u00d6VETKEZ\u0150 OLDAL<\/span><\/a><\/h3>\n<p>&#8211;<\/p>\n<p>A Santa Fe Hybrid 212 l\u00f3er\u0151t \u00e9s 367 Nm nyomat\u00e9kot produk\u00e1l a turb\u00f3s, 1,6 literes benzinmotorb\u00f3l \u00e9s az egyetlen elektromotorb\u00f3l, \u00e9s a Hyundai szerint az alapmodell 0-100 km\/h (0-62 mph) gyorsul\u00e1sa 9,6 m\u00e1sodperc, m\u00edg a n\u00e9gyker\u00e9k-meghajt\u00e1s\u00fa v\u00e1ltozat 9,8 m\u00e1sodperc alatt futja le ugyanezt a sprintet. A hajt\u00e1s hatfokozat\u00fa automata v\u00e1lt\u00f3n kereszt\u00fcl jut el a kerekekhez, \u00e9s a hibrid modell rendelhet\u0151 els\u0151ker\u00e9k-hajt\u00e1ssal, vagy mintegy 2000 font fel\u00e1r\u00e9rt n\u00e9gyker\u00e9k-hajt\u00e1ssal.<\/p>\n<p>A Santa Fe PHEV nagyobb teljes\u00edtm\u00e9ny\u0171, 250 l\u00f3er\u0151s, de a nyomat\u00e9k megegyezik a hibrid modellel, 367 Nm. A f\u0151 k\u00fcl\u00f6nbs\u00e9g a hibrid \u00e9s a plug-in hibrid k\u00f6z\u00f6tt, hogy ut\u00f3bbi kiz\u00e1r\u00f3lag n\u00e9gyker\u00e9k-meghajt\u00e1s\u00fa, \u00e9s 0-100 km\/h gyorsul\u00e1sa 9,3 m\u00e1sodperc.<\/p>\n<p>A Hyundai Santa Fe v\u00e1rosi haszn\u00e1lat mellett val\u00f3sz\u00edn\u0171leg elfogadhat\u00f3 \u00fczemeltet\u00e9si k\u00f6lts\u00e9geket k\u00edn\u00e1l, ugyanakkor j\u00f3 lenne, ha lenne hozz\u00e1 d\u00edzelv\u00e1ltozat is, amely hosszabb utakn\u00e1l jav\u00edtan\u00e1 a hat\u00e9konys\u00e1got. A hibrid hajt\u00e1sl\u00e1ncok alacsony \u00e9s k\u00f6zepes sebess\u00e9gn\u00e9l dolgoznak a leghat\u00e9konyabban, amikor az elektronika kezeli az energia \u00e1raml\u00e1s\u00e1t az \u00fatr\u00f3l \u00e9s a hajt\u00e1sforr\u00e1sokr\u00f3l, \u00e1m egy olyan aut\u00f3, mint a Santa Fe, ink\u00e1bb hosszabb utakra \u00e9s vontat\u00e1sra alkalmas, \u00e9s ilyen helyzetekben a hibrid hajt\u00e1s kev\u00e9sb\u00e9 hat\u00e9kony.<\/p>\n<p>A Santa Fe PHEV kipr\u00f3b\u00e1l\u00e1sa sor\u00e1n tapasztaltuk, hogy az aut\u00f3 fed\u00e9lzeti sz\u00e1m\u00edt\u00f3g\u00e9pe aut\u00f3p\u00e1ly\u00e1n, az akkumul\u00e1tor kimer\u00fcl\u00e9se ut\u00e1n, a k\u00f6z\u00e9p-30-as mpg \u00e9rt\u00e9keket mutatott, m\u00edg v\u00e1rosi, lassabb halad\u00e1s sor\u00e1n a fogyaszt\u00e1s a k\u00f6z\u00e9p-40-es mpg tartom\u00e1nyban mozgott. Mivel a plug-in hibrid (PHEV) az akkumul\u00e1tor k\u00f6r\u00fclbel\u00fcl 15 sz\u00e1zal\u00e9kos t\u00f6lt\u00f6tts\u00e9gi szintje alatt egyre gyakrabban haszn\u00e1lja a benzinmotort, a rendszer legal\u00e1bb proakt\u00edvan t\u00f6rekszik a hat\u00e9konys\u00e1g n\u00f6vel\u00e9s\u00e9re.<\/p>\n<p>A Hyundai Santa Fe Mk5 orr\u00e1t\u00f3l a h\u00e1ts\u00f3 r\u00e9sz\u00e9ig 4 830 mm hossz\u00fa, ami 45 mm-rel hosszabb, mint az el\u0151z\u0151 modell. M\u00e9reteit tekintve hosszabb, sz\u00e9lesebb \u00e9s magasabb, mint f\u0151bb versenyt\u00e1rsai, k\u00fcl\u00f6n\u00f6sen a Skoda Kodiaq \u00e9s a Peugeot 5008, de 1 800 mm-es sz\u00e9less\u00e9ge miatt m\u00e9gsem olyan neh\u00e9zkes, mint n\u00e9h\u00e1ny sz\u00e9lesebb pr\u00e9mium SUV, p\u00e9ld\u00e1ul a Volvo XC90 vagy a Land Rover Defender.<\/p>\n","protected":false},"excerpt":{"rendered":"<p>Hossz\u00fa \u00e9vek vannak a sz\u00edn\u00e9sz m\u00f6g\u00f6tt! Naponta t\u00f6bb milli\u00f3 n\u00e9z\u0151t szegez a t\u00e9v\u00e9k\u00e9perny\u0151k el\u00e9 G\u00e1lv\u00f6lgyi J\u00e1nos! M\u00e9g a mai fiatal gener\u00e1ci\u00f3nak sem kell bemutatni hogy kir\u0151l van sz\u00f3, oly annyira kedvelte mindenki!&#8230;<\/p>\n","protected":false},"author":1,"featured_media":4853,"comment_status":"open","ping_status":"open","sticky":false,"template":"","format":"standard","meta":{"footnotes":""},"categories":[2],"tags":[],"class_list":["post-4852","post","type-post","status-publish","format-standard","has-post-thumbnail","hentry","category-altalanos"],"aioseo_notices":[],"_links":{"self":[{"href":"https:\/\/online-filmkatarzis.com\/kucko\/wp-json\/wp\/v2\/posts\/4852","targetHints":{"allow":["GET"]}}],"collection":[{"href":"https:\/\/online-filmkatarzis.com\/kucko\/wp-json\/wp\/v2\/posts"}],"about":[{"href":"https:\/\/online-filmkatarzis.com\/kucko\/wp-json\/wp\/v2\/types\/post"}],"author":[{"embeddable":true,"href":"https:\/\/online-filmkatarzis.com\/kucko\/wp-json\/wp\/v2\/users\/1"}],"replies":[{"embeddable":true,"href":"https:\/\/online-filmkatarzis.com\/kucko\/wp-json\/wp\/v2\/comments?post=4852"}],"version-history":[{"count":1,"href":"https:\/\/online-filmkatarzis.com\/kucko\/wp-json\/wp\/v2\/posts\/4852\/revisions"}],"predecessor-version":[{"id":4854,"href":"https:\/\/online-filmkatarzis.com\/kucko\/wp-json\/wp\/v2\/posts\/4852\/revisions\/4854"}],"wp:featuredmedia":[{"embeddable":true,"href":"https:\/\/online-filmkatarzis.com\/kucko\/wp-json\/wp\/v2\/media\/4853"}],"wp:attachment":[{"href":"https:\/\/online-filmkatarzis.com\/kucko\/wp-json\/wp\/v2\/media?parent=4852"}],"wp:term":[{"taxonomy":"category","embeddable":true,"href":"https:\/\/online-filmkatarzis.com\/kucko\/wp-json\/wp\/v2\/categories?post=4852"},{"taxonomy":"post_tag","embeddable":true,"href":"https:\/\/online-filmkatarzis.com\/kucko\/wp-json\/wp\/v2\/tags?post=4852"}],"curies":[{"name":"wp","href":"https:\/\/api.w.org\/{rel}","templated":true}]}}