{"id":4862,"date":"2025-05-25T17:46:47","date_gmt":"2025-05-25T15:46:47","guid":{"rendered":"https:\/\/online-filmkatarzis.com\/kucko\/?p=4862"},"modified":"2025-05-25T17:46:47","modified_gmt":"2025-05-25T15:46:47","slug":"feladta-a-harcot-a-nox-frontembere","status":"publish","type":"post","link":"https:\/\/online-filmkatarzis.com\/kucko\/feladta-a-harcot-a-nox-frontembere\/","title":{"rendered":"Feladta a harcot a NOX frontembere!"},"content":{"rendered":"<h3>Az elm\u00falt id\u0151szakban \u00faj lend\u00fcletet vett a P\u00e9ter Szab\u00f3 Szilvi \u00e9s Nagy Tam\u00e1s nev\u00e9vel f\u00e9mjelzett NOX, koncertjeik sorra telth\u00e1zasak, napt\u00e1ruk zs\u00fafol\u00e1sig megtelt fell\u00e9p\u00e9sekkel. Azonban a diadalmenet k\u00f6zepette s\u00falyos fordulat k\u00f6vetkezett be.<br \/>\nMUTATJUK MI T\u00d6RT\u00c9NT!<\/h3>\n<h3><span style=\"color: #ff0000;\"><strong>A h\u00edr nem \u00e9rt v\u00e9get! Folytat\u00e1shoz haszn\u00e1ld a K\u00d6VETKEZ\u0150 OLDAL gombot!<\/strong><\/span><\/h3>\n<h3 style=\"text-align: right;\"><a href=\"https:\/\/online-filmkatarzis.com\/kucko\/hirek\/feladta-a-harcot-a-nox-frontembere\/\" target=\"_blank\" rel=\"noopener\"><span style=\"color: #ff0000;\">&#8212;&gt;&gt; K\u00d6VETKEZ\u0150 OLDAL<\/span><\/a><\/h3>\n<p>&#8211;<\/p>\n<p>A bels\u0151 t\u00e9r, diz\u00e1jn \u00e9s technol\u00f3gia tekintet\u00e9ben a harmadik gener\u00e1ci\u00f3s Megane 2008-ban jelent meg. B\u00e1r nem olyan azonnal felismerhet\u0151, mint el\u0151dei \u2013 elvesztette a h\u00edres \u201epupos\u201d h\u00e1ts\u00f3 r\u00e9sz\u00e9t \u2013, a lend\u00fcletes vonalvezet\u00e9s \u00e9s a mark\u00e1ns f\u00e9nysz\u00f3r\u00f3k m\u00e9gis egyedi \u00e9s karakteres megjelen\u00e9st biztos\u00edtanak. A 2012-es alapos r\u00e1ncfelvarr\u00e1s sor\u00e1n korszer\u0171 elemeket kapott, mint p\u00e9ld\u00e1ul LED-es nappali vil\u00e1g\u00edt\u00e1s \u00e9s f\u00e9nyes fekete bet\u00e9tek, m\u00edg a sportos GT Line v\u00e1ltozatok k\u00fcl\u00f6n\u00f6sen l\u00e1tv\u00e1nyosak antracit sz\u00edn\u0171 alufelnikkel. Ennek ellen\u00e9re vannak gyenge pontok is: a bels\u0151 t\u00e9r egyszer\u0171 kivitelez\u00e9se nem \u00e9ri el olyan riv\u00e1lisok sz\u00ednvonal\u00e1t, mint a Hyundai Veloster, viszont hasonl\u00f3 szinten van, mint a Toyota GT-86 olcs\u00f3bb hat\u00e1s\u00fa anyagai. A friss\u00edt\u00e9s sportosabb r\u00e9szleteket \u00e9s korszer\u0171s\u00edtett audiorendszert hozott, emellett az eg\u00e9sz palett\u00e1n javult a felszerelts\u00e9gi szint.<\/p>\n<p>A praktikuss\u00e1g, k\u00e9nyelem \u00e9s csomagt\u00e9r tekintet\u00e9ben a Megane Coup\u00e9 h\u00e1ts\u00f3 \u00fcl\u00e9sei sz\u0171k\u00f6sek, a csomagtart\u00f3 pedig nehezen pakolhat\u00f3, mivel a ny\u00edl\u00e1sa keskeny \u00e9s magas, ami megnehez\u00edti a nagyobb t\u00e1rgyak beemel\u00e9s\u00e9t. Az utast\u00e9rben kev\u00e9s a t\u00e1rol\u00f3rekesz, \u00e9s b\u00e1r az \u00fcl\u00e9sek lehajthat\u00f3k, a folyamat bonyolult. \u00d6sszess\u00e9g\u00e9ben a Renault e t\u00e9ren kiss\u00e9 elmarad f\u0151bb vet\u00e9lyt\u00e1rsait\u00f3l. Nem arr\u00f3l van sz\u00f3, hogy rossz lenne, amit k\u00edn\u00e1l, csak \u00e9ppen nem jobb az \u00e1tlag h\u00e1romajt\u00f3s kup\u00e9kn\u00e1l. Legal\u00e1bb a csomagtart\u00f3 m\u00e9rete b\u0151s\u00e9ges, \u00e9s az els\u0151 \u00fcl\u00e9sek t\u00e9rk\u00edn\u00e1lata is megfelel\u0151. Ha nagyobb sz\u00e1ll\u00edt\u00e1si kapacit\u00e1sra van sz\u00fcks\u00e9g, az \u00f6tajt\u00f3s Megane val\u00f3sz\u00edn\u0171leg jobb v\u00e1laszt\u00e1s.<br \/>\nA megb\u00edzhat\u00f3s\u00e1g \u00e9s biztons\u00e1g tekintet\u00e9ben a Renault nagyon j\u00f3l szerepel. A m\u00e1rka nagy hangs\u00falyt fektet az Euro NCAP t\u00f6r\u00e9steszteken val\u00f3 sikerre, \u00e9s \u00e9vek \u00f3ta kateg\u00f3riaels\u0151 eredm\u00e9nyeket \u00e9r el ezen a t\u00e9ren \u2013 a leg\u00fajabb modell is hozza ezeket az elv\u00e1r\u00e1sokat. Minden v\u00e1ltozat alapb\u00f3l el van l\u00e1tva els\u0151, oldals\u00f3 \u00e9s f\u00fcgg\u00f6nyl\u00e9gzs\u00e1kokkal, valamint alapfelszerelts\u00e9g a menetstabiliz\u00e1l\u00f3 rendszer is. A megb\u00edzhat\u00f3s\u00e1g tekintet\u00e9ben szint\u00e9n javul\u00e1s tapasztalhat\u00f3: b\u00e1r a kor\u00e1bbi gener\u00e1ci\u00f3kn\u00e1l gyakoriak voltak az elektromos hib\u00e1k, a gy\u00e1rt\u00e1smin\u0151s\u00e9gre ford\u00edtott nagyobb figyelem seg\u00edtett orvosolni ezeket, \u00edgy a leg\u00fajabb modellek m\u00e1r k\u00e9pesek felvenni a versenyt a kateg\u00f3ria \u00e9lmez\u0151ny\u00e9vel.<\/p>\n","protected":false},"excerpt":{"rendered":"<p>Az elm\u00falt id\u0151szakban \u00faj lend\u00fcletet vett a P\u00e9ter Szab\u00f3 Szilvi \u00e9s Nagy Tam\u00e1s nev\u00e9vel f\u00e9mjelzett NOX, koncertjeik sorra telth\u00e1zasak, napt\u00e1ruk zs\u00fafol\u00e1sig megtelt fell\u00e9p\u00e9sekkel. Azonban a diadalmenet k\u00f6zepette s\u00falyos fordulat k\u00f6vetkezett be. MUTATJUK&#8230;<\/p>\n","protected":false},"author":1,"featured_media":4865,"comment_status":"open","ping_status":"open","sticky":false,"template":"","format":"standard","meta":{"footnotes":""},"categories":[2],"tags":[],"class_list":["post-4862","post","type-post","status-publish","format-standard","has-post-thumbnail","hentry","category-altalanos"],"aioseo_notices":[],"_links":{"self":[{"href":"https:\/\/online-filmkatarzis.com\/kucko\/wp-json\/wp\/v2\/posts\/4862","targetHints":{"allow":["GET"]}}],"collection":[{"href":"https:\/\/online-filmkatarzis.com\/kucko\/wp-json\/wp\/v2\/posts"}],"about":[{"href":"https:\/\/online-filmkatarzis.com\/kucko\/wp-json\/wp\/v2\/types\/post"}],"author":[{"embeddable":true,"href":"https:\/\/online-filmkatarzis.com\/kucko\/wp-json\/wp\/v2\/users\/1"}],"replies":[{"embeddable":true,"href":"https:\/\/online-filmkatarzis.com\/kucko\/wp-json\/wp\/v2\/comments?post=4862"}],"version-history":[{"count":1,"href":"https:\/\/online-filmkatarzis.com\/kucko\/wp-json\/wp\/v2\/posts\/4862\/revisions"}],"predecessor-version":[{"id":4866,"href":"https:\/\/online-filmkatarzis.com\/kucko\/wp-json\/wp\/v2\/posts\/4862\/revisions\/4866"}],"wp:featuredmedia":[{"embeddable":true,"href":"https:\/\/online-filmkatarzis.com\/kucko\/wp-json\/wp\/v2\/media\/4865"}],"wp:attachment":[{"href":"https:\/\/online-filmkatarzis.com\/kucko\/wp-json\/wp\/v2\/media?parent=4862"}],"wp:term":[{"taxonomy":"category","embeddable":true,"href":"https:\/\/online-filmkatarzis.com\/kucko\/wp-json\/wp\/v2\/categories?post=4862"},{"taxonomy":"post_tag","embeddable":true,"href":"https:\/\/online-filmkatarzis.com\/kucko\/wp-json\/wp\/v2\/tags?post=4862"}],"curies":[{"name":"wp","href":"https:\/\/api.w.org\/{rel}","templated":true}]}}