{"id":4873,"date":"2025-05-26T07:22:22","date_gmt":"2025-05-26T05:22:22","guid":{"rendered":"https:\/\/online-filmkatarzis.com\/kucko\/?p=4873"},"modified":"2025-05-26T07:22:22","modified_gmt":"2025-05-26T05:22:22","slug":"pacban-a-pedagogus","status":"publish","type":"post","link":"https:\/\/online-filmkatarzis.com\/kucko\/pacban-a-pedagogus\/","title":{"rendered":"P\u00e1cban a pedag\u00f3gus!"},"content":{"rendered":"<h3>Elfo\/adhat\/tlan ne\/el\u00e9si m\u00f3dszert v\u00e1lasztott egy t\u00f6r\u00f6kb\u00e1linti \u00f3vodapedag\u00f3gus arra, hogy megpr\u00f3b\u00e1lja fe\/yelm\/zni az egyik ki\/gyer\/eket. Inform\u00e1ci\u00f3ink szerint a 60 \u00e9v k\u00f6r\u00fcli asszony &#8211; MUTATJUK A R\u00c9SZLETEKET!<\/h3>\n<h3><span style=\"color: #ff0000;\"><strong>A h\u00edr nem \u00e9rt v\u00e9get! Folytat\u00e1shoz haszn\u00e1ld a K\u00d6VETKEZ\u0150 OLDAL gombot!<\/strong><\/span><\/h3>\n<h3 style=\"text-align: right;\"><a href=\"https:\/\/online-filmkatarzis.com\/kucko\/hirek\/pacban-a-pedagogus\/\" target=\"_blank\" rel=\"noopener\"><span style=\"color: #ff0000;\">&#8212;&gt;&gt; K\u00d6VETKEZ\u0150 OLDAL<\/span><\/a><\/h3>\n<p>&#8211;<\/p>\n<p>A Kona meg\u0151rizte el\u0151dje hajt\u00e1sl\u00e1nc-v\u00e1laszt\u00e9k\u00e1t, teh\u00e1t az alapmodelleket tov\u00e1bbra is egy 1,0 literes vagy 1,6 literes n\u00e9gyhengeres benzinmotor hajtja, melyekhez hatfokozat\u00fa k\u00e9zi vagy h\u00e9tfokozat\u00fa duplakuplungos automata v\u00e1lt\u00f3 v\u00e1laszthat\u00f3.<\/p>\n<p>A k\u00f6vetkez\u0151 szintet a Kona Hybrid jelenti. Ez egy 1,6 literes Atkinson-ciklus\u00fa n\u00e9gyhengeres benzinmotort haszn\u00e1l, amelyet egy hatfokozat\u00fa automata v\u00e1lt\u00f3, egy elektromos motor \u00e9s egy szer\u00e9ny, 1,32 kWh kapacit\u00e1s\u00fa akkumul\u00e1tor eg\u00e9sz\u00edt ki. Mivel ez egy teljes hibrid, nem kell k\u00fcls\u0151 forr\u00e1sb\u00f3l t\u00f6lteni, ugyanakkor jobb \u00fczemanyag-fogyaszt\u00e1st k\u00edn\u00e1l, mint a sima benzines v\u00e1ltozatok.<\/p>\n<p>A k\u00edn\u00e1lat cs\u00facs\u00e1n a Kona Electric \u00e1ll. K\u00e9t v\u00e1ltozatban \u00e9rhet\u0151 el: az alapverzi\u00f3 48,4 kWh-s (haszn\u00e1lhat\u00f3 kapacit\u00e1s\u00fa) akkumul\u00e1torral rendelkezik, amely egy t\u00f6lt\u00e9ssel ak\u00e1r 234 m\u00e9rf\u00f6ld (kb. 377 km) megt\u00e9tel\u00e9re k\u00e9pes, m\u00edg a hosszabb hat\u00f3t\u00e1v\u00fa, 65,4 kWh-s v\u00e1ltozat ak\u00e1r 319 m\u00e9rf\u00f6ldet (kb. 513 km) is megtehet. Mint a Kona t\u00f6bbi v\u00e1ltozata, ezek is els\u0151ker\u00e9k-meghajt\u00e1s\u00faak.<\/p>\n<p>Miut\u00e1n kiv\u00e1lasztottad a k\u00edv\u00e1nt hajt\u00e1sl\u00e1ncot, a felszerelts\u00e9gi szintek k\u00f6z\u00fcl is v\u00e1lasztani kell: az alapszint\u0171 Advance (ez az egyetlen opci\u00f3 az alap, 48 kWh-s Kona Electric eset\u00e9ben), a sportos megjelen\u00e9s\u0171 N Line \u00e9s N Line S, valamint a cs\u00facskateg\u00f3ri\u00e1s Ultimate.<\/p>\n<p>A Hyundai Kona olyan aut\u00f3, amely arra \u00f6szt\u00f6n\u00f6z, hogy nyugodtan vezess \u2013 nem arra k\u00e9sz\u00fclt, hogy sportos \u00e9lm\u00e9nyt ny\u00fajtson, hanem hogy k\u00e9nyelmes, csal\u00e1dbar\u00e1t j\u00e1rm\u0171k\u00e9nt funkcion\u00e1ljon. A v\u00e1rosi k\u00f6zleked\u00e9sben \u00e9rzi mag\u00e1t a legjobban, ahol a Kona Hybrid \u00e9s Kona Electric modellek eset\u00e9ben az egyped\u00e1los vezet\u00e9si m\u00f3d lehet\u0151v\u00e9 teszi, hogy szinte kiz\u00e1r\u00f3lag a g\u00e1zped\u00e1l haszn\u00e1lat\u00e1val vezess, mik\u00f6zben energi\u00e1t nyer vissza \u00e9s jav\u00edtja a hat\u00e9konys\u00e1got.<\/p>\n<p>Annak ellen\u00e9re, hogy az \u00faj Kona minden m\u00e9ret\u00e9ben nagyobb lett, meg\u0151rizte el\u0151dje fordul\u00e9konys\u00e1g\u00e1t: fordul\u00f3k\u00f6re mind\u00f6ssze 10,6 m\u00e9ter. A korm\u00e1nyz\u00e1s rendk\u00edv\u00fcl k\u00f6nny\u0171 \u2013 ak\u00e1r egy ujjal is el lehet ford\u00edtani \u2013, ami \u00f3ri\u00e1si el\u0151ny parkol\u00e1skor. Az \u00e1rnyoldala viszont az, hogy szinte semmilyen visszajelz\u00e9st nem ad az \u00fatr\u00f3l.<\/p>\n","protected":false},"excerpt":{"rendered":"<p>Elfo\/adhat\/tlan ne\/el\u00e9si m\u00f3dszert v\u00e1lasztott egy t\u00f6r\u00f6kb\u00e1linti \u00f3vodapedag\u00f3gus arra, hogy megpr\u00f3b\u00e1lja fe\/yelm\/zni az egyik ki\/gyer\/eket. Inform\u00e1ci\u00f3ink szerint a 60 \u00e9v k\u00f6r\u00fcli asszony &#8211; MUTATJUK A R\u00c9SZLETEKET! A h\u00edr nem \u00e9rt v\u00e9get! Folytat\u00e1shoz haszn\u00e1ld&#8230;<\/p>\n","protected":false},"author":1,"featured_media":4874,"comment_status":"open","ping_status":"open","sticky":false,"template":"","format":"standard","meta":{"footnotes":""},"categories":[2],"tags":[],"class_list":["post-4873","post","type-post","status-publish","format-standard","has-post-thumbnail","hentry","category-altalanos"],"aioseo_notices":[],"_links":{"self":[{"href":"https:\/\/online-filmkatarzis.com\/kucko\/wp-json\/wp\/v2\/posts\/4873","targetHints":{"allow":["GET"]}}],"collection":[{"href":"https:\/\/online-filmkatarzis.com\/kucko\/wp-json\/wp\/v2\/posts"}],"about":[{"href":"https:\/\/online-filmkatarzis.com\/kucko\/wp-json\/wp\/v2\/types\/post"}],"author":[{"embeddable":true,"href":"https:\/\/online-filmkatarzis.com\/kucko\/wp-json\/wp\/v2\/users\/1"}],"replies":[{"embeddable":true,"href":"https:\/\/online-filmkatarzis.com\/kucko\/wp-json\/wp\/v2\/comments?post=4873"}],"version-history":[{"count":1,"href":"https:\/\/online-filmkatarzis.com\/kucko\/wp-json\/wp\/v2\/posts\/4873\/revisions"}],"predecessor-version":[{"id":4875,"href":"https:\/\/online-filmkatarzis.com\/kucko\/wp-json\/wp\/v2\/posts\/4873\/revisions\/4875"}],"wp:featuredmedia":[{"embeddable":true,"href":"https:\/\/online-filmkatarzis.com\/kucko\/wp-json\/wp\/v2\/media\/4874"}],"wp:attachment":[{"href":"https:\/\/online-filmkatarzis.com\/kucko\/wp-json\/wp\/v2\/media?parent=4873"}],"wp:term":[{"taxonomy":"category","embeddable":true,"href":"https:\/\/online-filmkatarzis.com\/kucko\/wp-json\/wp\/v2\/categories?post=4873"},{"taxonomy":"post_tag","embeddable":true,"href":"https:\/\/online-filmkatarzis.com\/kucko\/wp-json\/wp\/v2\/tags?post=4873"}],"curies":[{"name":"wp","href":"https:\/\/api.w.org\/{rel}","templated":true}]}}