{"id":4879,"date":"2025-05-26T14:33:50","date_gmt":"2025-05-26T12:33:50","guid":{"rendered":"https:\/\/online-filmkatarzis.com\/kucko\/?p=4879"},"modified":"2025-05-26T14:33:50","modified_gmt":"2025-05-26T12:33:50","slug":"osszeallt-nagy-ervin-es-alekosz","status":"publish","type":"post","link":"https:\/\/online-filmkatarzis.com\/kucko\/osszeallt-nagy-ervin-es-alekosz\/","title":{"rendered":"\u00d6ssze\u00e1llt Nagy Ervin \u00e9s Alekosz"},"content":{"rendered":"<h3>Soha senki val\u00f3sz\u00edn\u0171leg nem sz\u00e1m\u00edtott r\u00e1, de a tegnapi napon megsz\u00fcletett egy az egyess\u00e9g! Amire mindannyiunknak sz\u00fcks\u00e9ge lehetett. Az eml\u00edtett k\u00e9t szem\u00e9ly ugyanis \u00f6ssze\u00e1llt Nagy Ervin \u00e9s Nagy Alekosz! MUTATJUK A R\u00c9SZLETEKET!<\/h3>\n<h3><span style=\"color: #ff0000;\"><strong>A h\u00edr nem \u00e9rt v\u00e9get! Folytat\u00e1shoz haszn\u00e1ld a K\u00d6VETKEZ\u0150 OLDAL gombot!<\/strong><\/span><\/h3>\n<h3 style=\"text-align: right;\"><a href=\"https:\/\/online-filmkatarzis.com\/kucko\/hirek\/osszeallt-nagy-ervin-es-alekosz\/\" target=\"_blank\" rel=\"noopener\"><span style=\"color: #ff0000;\">&#8212;&gt;&gt; K\u00d6VETKEZ\u0150 OLDAL<\/span><\/a><\/h3>\n<p>&#8211;<\/p>\n<p>A benzin\u2013elektromos hibrid hajt\u00e1s miatt az MG3 legk\u00f6zelebbi vet\u00e9lyt\u00e1rsai k\u00f6z\u00e9 tartozik a Toyota Yaris \u00e9s a t\u00f6bbsz\u00f6r\u00f6sen d\u00edjnyertes Renault Clio, amely az egyik legkedveltebb kisaut\u00f3nk. A nem hibrid hajt\u00e1s\u00fa Skoda Fabia szint\u00e9n egy nagyon tehets\u00e9ges alternat\u00edva ebben a kateg\u00f3ri\u00e1ban. Azonban az MG3 indul\u00f3\u00e1ra \u2013 18 495 font \u2013 jelent\u0151sen alacsonyabb ezekn\u00e9l a modellekn\u00e9l, \u00e9s \u00e1rban sokkal k\u00f6zelebb \u00e1ll a Suzuki Swifthoz.<\/p>\n<p>\u00c9s az agressz\u00edv \u00e1rk\u00e9pz\u00e9snek itt nincs v\u00e9ge. 2024 k\u00e9s\u0151bbi szakasz\u00e1ban az MG bemutat egy tiszt\u00e1n benzines v\u00e1ltozatot is, amely ak\u00e1r m\u00e1r 15 000 font k\u00f6r\u00fcli \u00e1ron is el\u00e9rhet\u0151 lehet \u2014 ez pedig k\u00f6zvetlen\u00fcl a Dacia Sandero \u00e9s a Citro\u00ebn C3 c\u00e9lk\u00f6z\u00f6ns\u00e9g\u00e9t veszi c\u00e9lba.<\/p>\n<p>Az MG3 k\u00e9t felszerelts\u00e9gi szinttel kaphat\u00f3. Az alap SE modell olyan funkci\u00f3kat k\u00edn\u00e1l, mint az adapt\u00edv sebess\u00e9gtart\u00f3 automatika, s\u00e1vtart\u00f3 asszisztens, h\u00e1ts\u00f3 parkol\u00f3szenzorok, 10,25 h\u00fcvelykes infotainment k\u00e9perny\u0151 navig\u00e1ci\u00f3val, valamint elektromos ablakok el\u00f6l-h\u00e1tul. A cs\u00facsmodell Trophy 2 000 fonttal ker\u00fcl t\u00f6bbe, de cser\u00e9be LED f\u00e9nysz\u00f3r\u00f3kat, holtt\u00e9rfigyel\u0151t, f\u0171thet\u0151 els\u0151 \u00fcl\u00e9seket \u00e9s korm\u00e1nykereket, valamint 360 fokos kamerarendszert is ny\u00fajt \u2013 t\u00f6bbek k\u00f6z\u00f6tt.<\/p>\n<p>Rengeteg minden szerethet\u0151 az MG-ben. \u00c9les, j\u00f3l kezelhet\u0151 fut\u00f3m\u0171ve \u00e9lvezetess\u00e9 teszi a vezet\u00e9st, ugyanakkor ezt kiegyens\u00falyozza egy k\u00e9nyelmes rug\u00f3z\u00e1ssal \u00e9s kiv\u00e1l\u00f3 finomhangol\u00e1ssal. A hibrid rendszer olyan teljes\u00edtm\u00e9nyt ny\u00fajt, ami messze t\u00falsz\u00e1rnyalja a riv\u00e1lisokat, m\u00e9gis nyugodt, pihentet\u0151 vezet\u00e9si \u00e9lm\u00e9nyt ad, mik\u00f6zben szinte olyan takar\u00e9kos, mint a sokkal lassabb versenyt\u00e1rsai. A felszerelts\u00e9g szintje magas, \u00e9s b\u00e1r vannak k\u00e9rd\u0151jelek a m\u00e1rka tulajdonosi el\u00e9gedetts\u00e9gi mutat\u00f3i k\u00f6r\u00fcl, sok minden van, amit \u00e9rt\u00e9kelni lehet benne.<\/p>\n<p>B\u00e1r \u00fagy gondoljuk, van n\u00e9h\u00e1ny apr\u00f3 ter\u00fclet, amit lehetne fejleszteni, ezek k\u00f6nnyen megbocs\u00e1that\u00f3k, k\u00fcl\u00f6n\u00f6sen ha figyelembe vessz\u00fck, hogy az MG3 l\u00e9nyegesen olcs\u00f3bb, mint b\u00e1rmelyik k\u00f6zvetlen vet\u00e9lyt\u00e1rsa.<\/p>\n","protected":false},"excerpt":{"rendered":"<p>Soha senki val\u00f3sz\u00edn\u0171leg nem sz\u00e1m\u00edtott r\u00e1, de a tegnapi napon megsz\u00fcletett egy az egyess\u00e9g! Amire mindannyiunknak sz\u00fcks\u00e9ge lehetett. Az eml\u00edtett k\u00e9t szem\u00e9ly ugyanis \u00f6ssze\u00e1llt Nagy Ervin \u00e9s Nagy Alekosz! MUTATJUK A R\u00c9SZLETEKET!&#8230;<\/p>\n","protected":false},"author":1,"featured_media":4880,"comment_status":"open","ping_status":"open","sticky":false,"template":"","format":"standard","meta":{"footnotes":""},"categories":[2],"tags":[],"class_list":["post-4879","post","type-post","status-publish","format-standard","has-post-thumbnail","hentry","category-altalanos"],"aioseo_notices":[],"_links":{"self":[{"href":"https:\/\/online-filmkatarzis.com\/kucko\/wp-json\/wp\/v2\/posts\/4879","targetHints":{"allow":["GET"]}}],"collection":[{"href":"https:\/\/online-filmkatarzis.com\/kucko\/wp-json\/wp\/v2\/posts"}],"about":[{"href":"https:\/\/online-filmkatarzis.com\/kucko\/wp-json\/wp\/v2\/types\/post"}],"author":[{"embeddable":true,"href":"https:\/\/online-filmkatarzis.com\/kucko\/wp-json\/wp\/v2\/users\/1"}],"replies":[{"embeddable":true,"href":"https:\/\/online-filmkatarzis.com\/kucko\/wp-json\/wp\/v2\/comments?post=4879"}],"version-history":[{"count":1,"href":"https:\/\/online-filmkatarzis.com\/kucko\/wp-json\/wp\/v2\/posts\/4879\/revisions"}],"predecessor-version":[{"id":4881,"href":"https:\/\/online-filmkatarzis.com\/kucko\/wp-json\/wp\/v2\/posts\/4879\/revisions\/4881"}],"wp:featuredmedia":[{"embeddable":true,"href":"https:\/\/online-filmkatarzis.com\/kucko\/wp-json\/wp\/v2\/media\/4880"}],"wp:attachment":[{"href":"https:\/\/online-filmkatarzis.com\/kucko\/wp-json\/wp\/v2\/media?parent=4879"}],"wp:term":[{"taxonomy":"category","embeddable":true,"href":"https:\/\/online-filmkatarzis.com\/kucko\/wp-json\/wp\/v2\/categories?post=4879"},{"taxonomy":"post_tag","embeddable":true,"href":"https:\/\/online-filmkatarzis.com\/kucko\/wp-json\/wp\/v2\/tags?post=4879"}],"curies":[{"name":"wp","href":"https:\/\/api.w.org\/{rel}","templated":true}]}}