{"id":4891,"date":"2025-05-27T06:59:44","date_gmt":"2025-05-27T04:59:44","guid":{"rendered":"https:\/\/online-filmkatarzis.com\/kucko\/?p=4891"},"modified":"2025-05-27T06:59:44","modified_gmt":"2025-05-27T04:59:44","slug":"most-jelentettek-be-a-hirt-nanasi-palrol","status":"publish","type":"post","link":"https:\/\/online-filmkatarzis.com\/kucko\/most-jelentettek-be-a-hirt-nanasi-palrol\/","title":{"rendered":"Most jelentett\u00e9k be a h\u00edrt N\u00e1n\u00e1si P\u00e1lr\u00f3l!"},"content":{"rendered":"<h3>Felfoghatatlan trag\u00e9dia t\u00f6rt\u00e9nt! N\u00e1n\u00e1si P\u00e1l oldala feket\u00e9be borult \u2013 Alig hissz\u00fck el: Sz\u00edvszor\u00edt\u00f3 h\u00edrt osztott meg a oldal\u00e1n N\u00e1n\u00e1si P\u00e1l, haz\u00e1nk egyik legismertebb \u00e9s legelismertebb fot\/m\u0171v\u00e9sze! MUTATJUK A R\u00c9SZLETEKET!<\/h3>\n<h3><span style=\"color: #ff0000;\"><strong>A h\u00edr nem \u00e9rt v\u00e9get! Folytat\u00e1shoz haszn\u00e1ld a K\u00d6VETKEZ\u0150 OLDAL gombot!<\/strong><\/span><\/h3>\n<h3 style=\"text-align: right;\"><a href=\"https:\/\/online-filmkatarzis.com\/kucko\/hirek\/most-jelentettek-be-a-hirt-nanasi-palrol\/\" target=\"_blank\" rel=\"noopener\"><span style=\"color: #ff0000;\">&#8212;&gt;&gt; K\u00d6VETKEZ\u0150 OLDAL<\/span><\/a><\/h3>\n<p>&#8211;<\/p>\n<p>A Toyota Yaris Cross els\u0151ker\u00e9k-meghajt\u00e1s\u00fa v\u00e1ltozata 397 literes csomagt\u00e9rrel rendelkezik a kalaptart\u00f3ig bez\u00e1r\u00f3lag, m\u00edg az \u00f6sszker\u00e9k-meghajt\u00e1s\u00fa verzi\u00f3 eset\u00e9ben ez csup\u00e1n 320 liter. A h\u00e1ts\u00f3 \u00fcl\u00e9sek lehajt\u00e1s\u00e1val a rakod\u00f3t\u00e9r 1 097 literre b\u0151v\u00edthet\u0151. \u00c9rdemes megjegyezni, hogy a bel\u00e9p\u0151 szint\u0171 Icon felszerelts\u00e9gn\u00e9l 60:40 ar\u00e1nyban oszthat\u00f3 h\u00e1ts\u00f3 \u00fcl\u00e9sek tal\u00e1lhat\u00f3k, m\u00edg a magasabb felszerelts\u00e9gi szinteken (pl. Design, Excel) 40:20:40 ar\u00e1ny\u00fa oszt\u00e1s j\u00e1r.<\/p>\n<p>A dr\u00e1g\u00e1bb v\u00e1ltozatok (Excel \u00e9s a f\u00f6l\u00f6tte l\u00e9v\u0151k) tartalmaznak egy \u00e1ll\u00edthat\u00f3 magass\u00e1g\u00fa, \u00fagynevezett \u201e\u00e1lpadl\u00f3t\u201d, amely s\u00edk rakod\u00f3fel\u00fcletet k\u00e9pez a csomagt\u00e9r pereme \u00e9s a lehajtott \u00fcl\u00e9sek k\u00f6z\u00f6tt. Ez k\u00fcl\u00f6n\u00f6sen hasznos, mivel a Yaris Cross csomagt\u00e9rpereme viszonylag magas, \u00edgy a nehezebb t\u00e1rgyak beemel\u00e9se k\u00f6r\u00fclm\u00e9nyes lehet. K\u00e1r, hogy ez a funkci\u00f3 nem rendelhet\u0151 opci\u00f3k\u00e9nt az alacsonyabb felszerelts\u00e9gekhez \u2013 pedig p\u00e9ld\u00e1ul a Volkswagen T-Cross eset\u00e9ben az \u00e1ll\u00edthat\u00f3 csomagt\u00e9rpadl\u00f3 alapfelszerelts\u00e9g.<\/p>\n<p>Ebben a kateg\u00f3ri\u00e1ban t\u00f6bb riv\u00e1lis is fel\u00fclm\u00falja a Yaris Cross-t: a Ford Puma 456 liternyi csomagteret k\u00edn\u00e1l, a Dacia Duster pedig m\u00e9g enn\u00e9l is t\u00f6bbet \u2013 517 litert. A Renault Captur szint\u00e9n er\u0151s ebben a tekintetben, 422 literes alapcsomagt\u00e9rrel, azonban legnagyobb el\u0151nye a s\u00ednen cs\u00fasztathat\u00f3 h\u00e1ts\u00f3 \u00fcl\u0151pad, amellyel ak\u00e1r 536 literig n\u00f6velhet\u0151 a kapacit\u00e1s.<\/p>\n<p>A Toyota Yaris Cross els\u0151sorban azok sz\u00e1m\u00e1ra vonz\u00f3 v\u00e1laszt\u00e1s, akik csak alkalmank\u00e9nt sz\u00e1ll\u00edtanak utasokat a h\u00e1ts\u00f3 \u00fcl\u00e9seken, \u00e9s olyan aut\u00f3t keresnek, amelynek alacsonyak az \u00fczemeltet\u00e9si k\u00f6lts\u00e9gei \u2013 legyen sz\u00f3 \u00fczemanyag-fogyaszt\u00e1sr\u00f3l, biztos\u00edt\u00e1sr\u00f3l vagy \u00e9rt\u00e9kcs\u00f6kken\u00e9sr\u0151l. \u0150k azt is \u00e9rt\u00e9kelni fogj\u00e1k, hogy az aut\u00f3 b\u0151s\u00e9ges felszerelts\u00e9get k\u00edn\u00e1l, k\u00fcl\u00f6n\u00f6sen a biztons\u00e1gi asszisztens rendszerek ter\u00e9n. A Yaris Cross ritkas\u00e1gnak sz\u00e1m\u00edt a kis SUV-k k\u00f6z\u00f6tt, mivel el\u00e9rhet\u0151 \u00f6sszker\u00e9khajt\u00e1ssal is, ami cs\u00fasz\u00f3s \u00fatviszonyok k\u00f6z\u00f6tt j\u00f3l j\u00f6het azoknak, akiknek extra tapad\u00e1sra van sz\u00fcks\u00e9g\u00fck.<\/p>\n","protected":false},"excerpt":{"rendered":"<p>Felfoghatatlan trag\u00e9dia t\u00f6rt\u00e9nt! N\u00e1n\u00e1si P\u00e1l oldala feket\u00e9be borult \u2013 Alig hissz\u00fck el: Sz\u00edvszor\u00edt\u00f3 h\u00edrt osztott meg a oldal\u00e1n N\u00e1n\u00e1si P\u00e1l, haz\u00e1nk egyik legismertebb \u00e9s legelismertebb fot\/m\u0171v\u00e9sze! MUTATJUK A R\u00c9SZLETEKET! A h\u00edr nem&#8230;<\/p>\n","protected":false},"author":1,"featured_media":4892,"comment_status":"open","ping_status":"open","sticky":false,"template":"","format":"standard","meta":{"footnotes":""},"categories":[2],"tags":[],"class_list":["post-4891","post","type-post","status-publish","format-standard","has-post-thumbnail","hentry","category-altalanos"],"aioseo_notices":[],"_links":{"self":[{"href":"https:\/\/online-filmkatarzis.com\/kucko\/wp-json\/wp\/v2\/posts\/4891","targetHints":{"allow":["GET"]}}],"collection":[{"href":"https:\/\/online-filmkatarzis.com\/kucko\/wp-json\/wp\/v2\/posts"}],"about":[{"href":"https:\/\/online-filmkatarzis.com\/kucko\/wp-json\/wp\/v2\/types\/post"}],"author":[{"embeddable":true,"href":"https:\/\/online-filmkatarzis.com\/kucko\/wp-json\/wp\/v2\/users\/1"}],"replies":[{"embeddable":true,"href":"https:\/\/online-filmkatarzis.com\/kucko\/wp-json\/wp\/v2\/comments?post=4891"}],"version-history":[{"count":1,"href":"https:\/\/online-filmkatarzis.com\/kucko\/wp-json\/wp\/v2\/posts\/4891\/revisions"}],"predecessor-version":[{"id":4893,"href":"https:\/\/online-filmkatarzis.com\/kucko\/wp-json\/wp\/v2\/posts\/4891\/revisions\/4893"}],"wp:featuredmedia":[{"embeddable":true,"href":"https:\/\/online-filmkatarzis.com\/kucko\/wp-json\/wp\/v2\/media\/4892"}],"wp:attachment":[{"href":"https:\/\/online-filmkatarzis.com\/kucko\/wp-json\/wp\/v2\/media?parent=4891"}],"wp:term":[{"taxonomy":"category","embeddable":true,"href":"https:\/\/online-filmkatarzis.com\/kucko\/wp-json\/wp\/v2\/categories?post=4891"},{"taxonomy":"post_tag","embeddable":true,"href":"https:\/\/online-filmkatarzis.com\/kucko\/wp-json\/wp\/v2\/tags?post=4891"}],"curies":[{"name":"wp","href":"https:\/\/api.w.org\/{rel}","templated":true}]}}