{"id":4908,"date":"2025-05-27T19:11:37","date_gmt":"2025-05-27T17:11:37","guid":{"rendered":"https:\/\/online-filmkatarzis.com\/kucko\/?p=4908"},"modified":"2025-05-27T19:11:37","modified_gmt":"2025-05-27T17:11:37","slug":"orban-viktor-vagy-magyar-peter-itt-vannak-a-szamok","status":"publish","type":"post","link":"https:\/\/online-filmkatarzis.com\/kucko\/orban-viktor-vagy-magyar-peter-itt-vannak-a-szamok\/","title":{"rendered":"Orb\u00e1n Viktor vagy Magyar P\u00e9ter? Itt vannak a sz\u00e1mok!"},"content":{"rendered":"<h3>A politikai mez\u0151ny \u00e9l\u00e9n minden eddigin\u00e9l ki\u00e9lezettebb a harc: a Tisza P\u00e1rt \u00e9s a Fidesz\u2013KDNP fej-fej mellett halad, mik\u00f6zben mindk\u00e9t t\u00e1bor mozg\u00f3s\u00edtani tudta a szavaz\u00f3it. Az er\u0151viszonyok szinte h\u00e9tr\u0151l h\u00e9tre v\u00e1ltoznak, \u00e9s a v\u00e1laszt\u00f3k aktivit\u00e1sa kulcsfontoss\u00e1g\u00fanak bizonyulhat.<br \/>\nMUTATJUK HOGY \u00c1LLNAK MOST:<\/h3>\n<h3><span style=\"color: #ff0000;\"><strong>A h\u00edr nem \u00e9rt v\u00e9get! Folytat\u00e1shoz haszn\u00e1ld a K\u00d6VETKEZ\u0150 OLDAL gombot!<\/strong><\/span><\/h3>\n<h3 style=\"text-align: right;\"><a href=\"https:\/\/online-filmkatarzis.com\/kucko\/hirek\/orban-viktor-vagy-magyar-peter-itt-vannak-a-szamok\/\" target=\"_blank\" rel=\"noopener\"><span style=\"color: #ff0000;\">&#8212;&gt;&gt; K\u00d6VETKEZ\u0150 OLDAL<\/span><\/a><\/h3>\n<p>&#8211;<\/p>\n<p>Egy Volv\u00f3t\u00f3l pontosan azt kapjuk, amit elv\u00e1runk: massz\u00edv, praktikus, biztons\u00e1gos \u00e9s visszafogottan eleg\u00e1ns pr\u00e9mium aut\u00f3t. Az XC90 t\u00f6k\u00e9letesen megtestes\u00edti ezeket a jellemz\u0151ket. M\u00e9g jobb h\u00edr a sv\u00e9d m\u00e1rka sz\u00e1m\u00e1ra, hogy mindez pontosan megfelel azoknak az elv\u00e1r\u00e1soknak, amelyeket a v\u00e1s\u00e1rl\u00f3k a nagy pr\u00e9mium SUV-kateg\u00f3ri\u00e1ban t\u00e1masztanak \u2013 ahol az XC90 is versenyez.<br \/>\nEz a nagy, h\u00e9t\u00fcl\u00e9ses SUV m\u00e1r t\u00f6bb mint egy \u00e9vtizede van piacon, \u00e9s helyenk\u00e9nt \u00e9rz\u0151dik is rajta a kora, \u00e1m a 2024-es friss\u00edt\u00e9s jelent\u0151s m\u00e9rt\u00e9kben moderniz\u00e1lta: a vezet\u00e9si \u00e9lm\u00e9nyt, a diz\u00e1jnt \u00e9s k\u00fcl\u00f6n\u00f6sen az infotainment rendszert fejlesztett\u00e9k. A mild-hibrid \u00e9s a plug-in hibrid hajt\u00e1sl\u00e1nc ugyan nem tartozik a kateg\u00f3ria \u00e9lvonal\u00e1ba, de az XC90 tov\u00e1bbra is m\u00e9lt\u00f3 ellenfele p\u00e9ld\u00e1ul az Audi Q7-nek vagy a Land Rover Discovery-nek.<\/p>\n<p>A Volvo 2014-ben mutatta be a m\u00e1sodik gener\u00e1ci\u00f3s XC90-et, \u00e9s a modell a mai napig meglehet\u0151sen j\u00f3l tartja mag\u00e1t. Ennek egyik f\u0151 oka a 2024-es modellfriss\u00edt\u00e9s, amely nemcsak a k\u00fcls\u0151t, hanem a vezet\u00e9si \u00e9lm\u00e9nyt \u00e9s a technol\u00f3gi\u00e1t is friss\u00edtette. Az XC90 m\u00e1r nem a Volvo SUV-k\u00edn\u00e1lat\u00e1nak cs\u00facsa \u2013 ezt a poz\u00edci\u00f3t \u00e1tvette az elektromos EX90, amely ugyanarra a platformra \u00e9p\u00fcl, mint az XC90, \u00e9s ugyanezen alapon k\u00edn\u00e1lja a modern, Google-alap\u00fa 11,2 colos k\u00f6zponti kijelz\u0151t is.<br \/>\nAz XC90 \u00e1ra nagyj\u00e1b\u00f3l 64 ezer fontn\u00e1l kezd\u0151dik, \u00e9s el\u00e9rheti a 84 ezer fontot a T8 plug-in hibrid cs\u00facsmodell eset\u00e9ben. Ez \u00e1rban m\u00e1r \u00e1tfed\u00e9sben van a bel\u00e9p\u0151 EX90-nel, b\u00e1r egy teljesen felszerelt elektromos modell\u00e9rt m\u00e1r t\u00f6bb mint 100 ezer fontot kell fizetni. A versenyt\u00e1rsak k\u00f6r\u00e9t a h\u00e9t\u00fcl\u00e9ses pr\u00e9mium SUV-k alkotj\u00e1k, mint p\u00e9ld\u00e1ul a Land Rover Discovery, az Audi Q7 vagy a dr\u00e1g\u00e1bb BMW X7, de a teljesen elektromos Kia EV9 is \u00e9rdekes alternat\u00edva lehet ebben az \u00e1rs\u00e1vban.<\/p>\n","protected":false},"excerpt":{"rendered":"<p>A politikai mez\u0151ny \u00e9l\u00e9n minden eddigin\u00e9l ki\u00e9lezettebb a harc: a Tisza P\u00e1rt \u00e9s a Fidesz\u2013KDNP fej-fej mellett halad, mik\u00f6zben mindk\u00e9t t\u00e1bor mozg\u00f3s\u00edtani tudta a szavaz\u00f3it. Az er\u0151viszonyok szinte h\u00e9tr\u0151l h\u00e9tre v\u00e1ltoznak, \u00e9s&#8230;<\/p>\n","protected":false},"author":1,"featured_media":4909,"comment_status":"open","ping_status":"open","sticky":false,"template":"","format":"standard","meta":{"footnotes":""},"categories":[2],"tags":[],"class_list":["post-4908","post","type-post","status-publish","format-standard","has-post-thumbnail","hentry","category-altalanos"],"aioseo_notices":[],"_links":{"self":[{"href":"https:\/\/online-filmkatarzis.com\/kucko\/wp-json\/wp\/v2\/posts\/4908","targetHints":{"allow":["GET"]}}],"collection":[{"href":"https:\/\/online-filmkatarzis.com\/kucko\/wp-json\/wp\/v2\/posts"}],"about":[{"href":"https:\/\/online-filmkatarzis.com\/kucko\/wp-json\/wp\/v2\/types\/post"}],"author":[{"embeddable":true,"href":"https:\/\/online-filmkatarzis.com\/kucko\/wp-json\/wp\/v2\/users\/1"}],"replies":[{"embeddable":true,"href":"https:\/\/online-filmkatarzis.com\/kucko\/wp-json\/wp\/v2\/comments?post=4908"}],"version-history":[{"count":1,"href":"https:\/\/online-filmkatarzis.com\/kucko\/wp-json\/wp\/v2\/posts\/4908\/revisions"}],"predecessor-version":[{"id":4910,"href":"https:\/\/online-filmkatarzis.com\/kucko\/wp-json\/wp\/v2\/posts\/4908\/revisions\/4910"}],"wp:featuredmedia":[{"embeddable":true,"href":"https:\/\/online-filmkatarzis.com\/kucko\/wp-json\/wp\/v2\/media\/4909"}],"wp:attachment":[{"href":"https:\/\/online-filmkatarzis.com\/kucko\/wp-json\/wp\/v2\/media?parent=4908"}],"wp:term":[{"taxonomy":"category","embeddable":true,"href":"https:\/\/online-filmkatarzis.com\/kucko\/wp-json\/wp\/v2\/categories?post=4908"},{"taxonomy":"post_tag","embeddable":true,"href":"https:\/\/online-filmkatarzis.com\/kucko\/wp-json\/wp\/v2\/tags?post=4908"}],"curies":[{"name":"wp","href":"https:\/\/api.w.org\/{rel}","templated":true}]}}