{"id":6351,"date":"2025-08-16T18:46:59","date_gmt":"2025-08-16T16:46:59","guid":{"rendered":"https:\/\/online-filmkatarzis.com\/kucko\/?p=6351"},"modified":"2025-08-17T17:13:14","modified_gmt":"2025-08-17T15:13:14","slug":"ma-hajnalban-jott-a-hir-demjen-ferencrol","status":"publish","type":"post","link":"https:\/\/online-filmkatarzis.com\/kucko\/ma-hajnalban-jott-a-hir-demjen-ferencrol\/","title":{"rendered":"Ma hajnalban j\u00f6tt a h\u00edr Demj\u00e9n Ferencr\u0151l!"},"content":{"rendered":"<h3>Demj\u00e9n Ferenc, a Kossuth-d\u00edjas \u00e9nekes otthon\u00e1ban balesetet szenvedett, amely sor\u00e1n fels\u0151 combt\u00f6r\u00e9st szenvedett. Ebben a pillanatban j\u00f6tt a h\u00edr: Charlie jelentette be Demj\u00e9n Ferencr\u0151l<br \/>\nMUTATJUK A R\u00c9SZLETEKET!<\/h3>\n<h3><span style=\"color: #ff0000;\"><strong>A h\u00edr nem \u00e9rt v\u00e9get! Folytat\u00e1shoz haszn\u00e1ld a K\u00d6VETKEZ\u0150 OLDAL gombot!<\/strong><\/span><\/h3>\n<p>&#8211;<\/p>\n<p>A Renault Scenic minden v\u00e1ltozat\u00e1ba imm\u00e1r egy 87 kWh-s akkumul\u00e1tort szerelnek, mivel a kor\u00e1bban el\u00e9rhet\u0151 60 kWh-s verzi\u00f3 m\u00e1r nem kaphat\u00f3. H\u00e1rom felszerelts\u00e9gi szint k\u00f6z\u00fcl lehet v\u00e1lasztani: Techno, Techno Esprit Alpine \u00e9s Iconic Esprit Alpine. A brit elektromosaut\u00f3-tulajdonosok sz\u00e1m\u00e1ra k\u00fcl\u00f6n\u00f6sen fontos, hogy minden modell alapfelszerelts\u00e9gk\u00e9nt h\u0151szivatty\u00faval \u00e9rkezik, amely hideg id\u0151ben seg\u00edt n\u00f6velni a hat\u00f3t\u00e1vot.<\/p>\n<p>A bel\u00e9p\u0151szint\u0171 Techno modell m\u00e1r \u00f6nmag\u00e1ban is b\u0151s\u00e9ges felszerelts\u00e9get k\u00edn\u00e1l, mint p\u00e9ld\u00e1ul 19 colos k\u00f6nny\u0171f\u00e9m felnik, el\u00f6l-h\u00e1tul LED-es vil\u00e1g\u00edt\u00e1s, 12,3 colos digit\u00e1lis m\u0171szeregys\u00e9g, 12 colos k\u00f6zponti \u00e9rint\u0151k\u00e9perny\u0151 be\u00e9p\u00edtett Google szoftverrel, k\u00e9tz\u00f3n\u00e1s kl\u00edmaberendez\u00e9s, f\u0171thet\u0151 els\u0151 \u00fcl\u00e9sek \u00e9s korm\u00e1nyker\u00e9k, vezet\u00e9k n\u00e9lk\u00fcli okostelefon-csatlakoztat\u00e1s \u00e9s -t\u00f6lt\u00e9s, valamint tolat\u00f3kamera. A Techno Esprit Alpine sportosabb megjelen\u00e9s\u0171, 20 colos kerekeket, sport\u00fcl\u00e9seket, \u201eEsprit Alpine\u201d jelz\u00e9seket, k\u00e9k bels\u0151 d\u00edsz\u00edt\u00e9st, sz\u00fcrke sz\u00f6vetm\u0171szerfalat \u00e9s elektromosan \u00e1ll\u00edthat\u00f3 els\u0151 \u00fcl\u00e9seket k\u00edn\u00e1l, mindez hozz\u00e1vet\u0151leg 3000 font fel\u00e1rat jelent. A k\u00edn\u00e1lat cs\u00facs\u00e1n \u00e1ll\u00f3 Iconic Esprit Alpine tov\u00e1bbi 3200 font\u00e9rt m\u00e9g gazdagabb felszerelts\u00e9ggel rendelkezik, bele\u00e9rtve az elektronikusan \u00e1ll\u00edthat\u00f3 Solarbay panor\u00e1matet\u0151t, Harman Kardon hangrendszert, 360 fokos kamerarendszert, digit\u00e1lis visszapillant\u00f3 t\u00fckr\u00f6t \u00e9s automatikus parkol\u00f3rendszert.<\/p>\n<p>A Renault Scenic \u00e1raz\u00e1sa versenyk\u00e9pes, \u00e9s a felszerelts\u00e9gi szintjei is kimagasl\u00f3ak a hasonl\u00f3 kateg\u00f3ri\u00e1j\u00fa aut\u00f3khoz k\u00e9pest, \u00edgy m\u00e9g a cs\u00facsv\u00e1ltozat is j\u00f3 \u00e1r-\u00e9rt\u00e9k ar\u00e1nyt k\u00e9pvisel. Az \u00e1rak a k\u00f6vetkez\u0151k\u00e9ppen alakulnak: a Techno 37 000 fontt\u00f3l, a Techno Esprit Alpine 40 000 fontt\u00f3l, m\u00edg az Iconic Esprit Alpine 42 000 fontt\u00f3l indul. Az Egyes\u00fclt Kir\u00e1lys\u00e1gban a modell jogosult az 1500 fontos elektromosaut\u00f3-t\u00e1mogat\u00e1sra, amelyet automatikusan levonnak a v\u00e9tel\u00e1rb\u00f3l. A v\u00e1s\u00e1rl\u00f3k testre szabhatj\u00e1k a k\u00edv\u00e1nt v\u00e1ltozatot, \u00e9s kiv\u00e1laszthatj\u00e1k a legjobb aj\u00e1nlatot az orsz\u00e1g k\u00fcl\u00f6nb\u00f6z\u0151 m\u00e1rkakeresked\u00e9seib\u0151l, de lehet\u0151s\u00e9g van l\u00edzingel\u00e9sre vagy haszn\u00e1lt modell v\u00e1s\u00e1rl\u00e1s\u00e1ra is.<\/p>\n<p><!--nextpage--><\/p>\n<h3>A l\u00e9pcs\u0151n j\u00f6tt le, mikor elesett\u2026 Hogy hogy van most, arr\u00f3l nem akarok nyilatkozni. Gy\u00f3gyuljon meg! \u2013 mondta Charlie a T\u00e9nyek Plusznak. Hozz\u00e1tette: \u201eEngem pedig felh\u00edvtak, hogy tudn\u00e9k-e menni \u00e9n 19-\u00e9n? \u00c1tv\u00e1llalom a koncertet, \u00e9s am\u00edg meg tudom tenni, elv\u00e1llalom m\u00e9g a tov\u00e1bbiakat.\u201d<br \/>\nDemj\u00e9n Ferenc menedzsmentje hamarosan hivatalos k\u00f6zlem\u00e9nyt adott ki:<\/h3>\n<h3><span style=\"color: #ff0000;\"><strong>A h\u00edr nem \u00e9rt v\u00e9get! Folytat\u00e1shoz haszn\u00e1ld a K\u00d6VETKEZ\u0150 OLDAL gombot!<\/strong><\/span><\/h3>\n<p>&#8211;<\/p>\n<p>A gyorsul\u00e1s 0\u2013100 km\/h-ra 7,9 m\u00e1sodperc alatt t\u00f6rt\u00e9nik, a v\u00e9gsebess\u00e9g 169 km\/h. Ez a teljes\u00edtm\u00e9ny elegend\u0151 a legt\u00f6bb h\u00e9tk\u00f6znapi helyzetre, a teljes\u00edtm\u00e9ny finoman, line\u00e1risan \u00e9rkezik, nem jellemz\u0151 r\u00e1 a sok elektromos aut\u00f3ra jellemz\u0151 hirtelen er\u0151lead\u00e1s. Aut\u00f3p\u00e1ly\u00e1n a Scenic j\u00f3l teljes\u00edt, a cs\u00facsv\u00e1ltozat zajszigetelt ablakai cs\u00f6kkentik a sz\u00e9lzajt, b\u00e1r a gumizaj m\u00e9g \u00edgy is \u00e9rz\u00e9kelhet\u0151.<\/p>\n<p>V\u00e1rosi k\u00f6rnyezetben a k\u00f6nny\u0171 \u00e9s gyors korm\u00e1nyz\u00e1s megk\u00f6nny\u00edti a man\u0151verez\u00e9st, de a h\u00e1ts\u00f3 kil\u00e1t\u00e1s nem ide\u00e1lis. Az alacsonyabb \u00fcl\u00e9spoz\u00edci\u00f3 \u00e9s a sz\u0171k h\u00e1ts\u00f3 ablak, illetve a fejt\u00e1ml\u00e1k miatt nehezebb kil\u00e1tni. Ez\u00e9rt a digit\u00e1lis visszapillant\u00f3val \u00e9s 360 fokos kamerarendszerrel felszerelt cs\u00facsv\u00e1ltozatot aj\u00e1nljuk. A digit\u00e1lis visszapillant\u00f3 szok\u00e1st ig\u00e9nyel, de hasznos opci\u00f3. A kamer\u00e1t az aut\u00f3 h\u00e1ts\u00f3 ablaka m\u00f6g\u00e9 szerelt\u00e9k, \u00edgy az bep\u00e1r\u00e1sodhat, de az ablakt\u00f6rl\u0151vel tiszt\u00e1n tarthat\u00f3. Az \u00f6sszes Scenic v\u00e1ltozat alapb\u00f3l el\u00f6l \u00e9s h\u00e1tul is tolat\u00f3radarral rendelkezik.<\/p>\n<p>A f\u00e9kek eleinte t\u00fal hirtelen reag\u00e1lnak, de gyorsan megszokhat\u00f3, \u00e9s a f\u00e9ker\u0151 b\u0151s\u00e9ges. A Scenic egyped\u00e1los vezet\u00e9si m\u00f3dot is k\u00edn\u00e1l, amely megk\u00f6nny\u00edti a v\u00e1rosi k\u00f6zleked\u00e9st, \u00e9s jav\u00edtja a hat\u00f3t\u00e1vot. Orsz\u00e1g\u00faton a gyors korm\u00e1nyz\u00e1s miatt nagyobb figyelmet ig\u00e9nyel az egyenesben tart\u00e1s. A feszes rug\u00f3z\u00e1s seg\u00edt kord\u00e1ban tartani az aut\u00f3 t\u00f6meg\u00e9t, de nem ny\u00fajt kifejezetten sportos \u00e9lm\u00e9nyt. A 20 colos kerekekkel szerelt v\u00e1ltozat kifejezetten r\u00e1z\u00f3sabb. A Scenic s\u00falya viszonylag alacsony a kateg\u00f3ri\u00e1ban, de \u00edgy is el\u0151fordul kanyarokban enyhe oldald\u0151l\u00e9s, \u00e9s az \u00fathib\u00e1kon nem simul \u00e1t olyan j\u00f3l, mint n\u00e9h\u00e1ny riv\u00e1lisa.<\/p>\n<p>A hat\u00f3t\u00e1v WLTP szerint a Techno eset\u00e9ben ak\u00e1r 613 km is lehet, a k\u00f6z\u00e9ps\u0151 szint\u0171 modelln\u00e9l ez 599 km-re, a cs\u00facsv\u00e1ltozatn\u00e1l pedig 594 km-re cs\u00f6kken. Val\u00f3s tesztjeinken \u00e1tlagosan 5,4 km\/kWh fogyaszt\u00e1st m\u00e9rt\u00fcnk, hideg id\u0151ben ez 5 km\/kWh-ra is visszaeshet, de ny\u00e1ron ak\u00e1r 550 km-t is meg lehet tenni egy felt\u00f6lt\u00e9ssel. A h\u0151szivatty\u00fa seg\u00edt a hideg id\u0151szaki hat\u00f3t\u00e1v megtart\u00e1s\u00e1ban, a Google Maps alap\u00fa t\u00f6lt\u00e9stervez\u0151 pedig a t\u00f6lt\u00e9sek optimaliz\u00e1l\u00e1s\u00e1hoz j\u00e1rul hozz\u00e1.<\/p>\n<p><!--nextpage--><\/p>\n<h3>Demj\u00e9n Ferenc menedzsmentje hivatalos k\u00f6zlem\u00e9nyt adott ki, hogy t\u00e1j\u00e9koztassa a rajong\u00f3kat a zen\u00e9sz \u00e1llapot\u00e1r\u00f3l \u00e9s a tov\u00e1bbi koncertek sors\u00e1r\u00f3l. Horv\u00e1th Charlie nagylelk\u0171en \u00e1tv\u00e1llalja t\u00f6bb fell\u00e9p\u00e9s\u00e9t, hogy a k\u00f6z\u00f6ns\u00e9get tov\u00e1bbra is kiszolg\u00e1lj\u00e1k.<br \/>\nA rajong\u00f3k im\u00e1ikkal \u00e9s t\u00e1mogat\u00e1sukkal seg\u00edtenek a m\u0171v\u00e9sz gy\u00f3gyul\u00e1s\u00e1ban.<\/h3>\n<p>VIA Blikk R\u00daZS<\/p>\n<p>&#8211;<\/p>\n<p>A 87 kWh-s akkumul\u00e1tor legnagyobb gyorst\u00f6lt\u00e9si teljes\u00edtm\u00e9nye 150 kW, ami 15 \u00e9s 80 sz\u00e1zal\u00e9k k\u00f6z\u00f6tti t\u00f6lt\u00e9si id\u0151 eset\u00e9n 37 percet jelent. Ez valamivel lassabb, mint a Hyundai Ioniq 5 vagy a Kia EV6, amelyek 18 perc alatt v\u00e9geznek ugyanezzel. H\u00e1romf\u00e1zis\u00fa, 22 kW-os t\u00f6lt\u00e9s is t\u00e1mogatott, amivel kevesebb mint \u00f6t \u00f3ra alatt t\u00f6lthet\u0151 fel az akkumul\u00e1tor, m\u00edg otthoni 7 kW-os fali t\u00f6lt\u0151vel ez 13 \u00f3r\u00e1t vesz ig\u00e9nybe.<\/p>\n<p>Ad\u00f3z\u00e1si szempontb\u00f3l a Scenic alacsony c\u00e9gaut\u00f3s ad\u00f3z\u00e1si besorol\u00e1ssal rendelkezik. Az \u00e9ves g\u00e9pj\u00e1rm\u0171ad\u00f3t most m\u00e1r az elektromos aut\u00f3k eset\u00e9ben is meg kell fizetni, de a Techno \u00e9s a Techno Esprit Alpine nem haladja meg a 40 000 fontos \u00e9rt\u00e9khat\u00e1rt, \u00edgy mentes\u00fclnek a luxusad\u00f3 al\u00f3l. Az Iconic v\u00e1ltozat eset\u00e9ben azonban ez az \u00f6sszeg m\u00e1r meghaladja ezt, \u00edgy ott a m\u00e1sodik \u00e9vt\u0151l kezdve tov\u00e1bbi ad\u00f3t kell fizetni. A Scenic biztos\u00edt\u00e1si besorol\u00e1sa a Techno eset\u00e9ben 33-as, az Iconic-n\u00e1l pedig 34-es. A konkurens modellek n\u00e9melyike alacsonyabb kateg\u00f3ri\u00e1ba tartozik, de a Scenic k\u00f6lts\u00e9gei \u00edgy is versenyk\u00e9pesek. Az \u00e9rt\u00e9ktart\u00e1s szempontj\u00e1b\u00f3l 54\u201358% k\u00f6z\u00f6tt mozog h\u00e1rom \u00e9v \u00e9s 58 000 km ut\u00e1n, ami kiemelked\u0151 a kateg\u00f3ri\u00e1ban. bels\u0151 t\u00e9r modern \u00e9s letisztult, az anyaghaszn\u00e1lat min\u0151s\u00e9gi \u00e9s fenntarthat\u00f3. A m\u0171szerfalon 12 colos \u00e1ll\u00f3 t\u00e1jol\u00e1s\u00fa \u00e9rint\u0151k\u00e9perny\u0151 \u00e9s 12,3 colos digit\u00e1lis m\u0171szeregys\u00e9g tal\u00e1lhat\u00f3. A vil\u00e1gos sz\u00f6vetk\u00e1rpitok \u00e9s \u00fajrahasznos\u00edtott anyagokb\u00f3l k\u00e9sz\u00fclt burkolatok bar\u00e1ts\u00e1gos, modern \u00e9rzetet keltenek, ugyanakkor a vil\u00e1gos fel\u00fcletek hajlamosabbak lehetnek a szennyez\u0151d\u00e9sekre. A m\u0171szerfal \u00e9s az ajt\u00f3panelek fels\u0151 r\u00e9szein puh\u00e1bb, kellemes tapint\u00e1s\u00fa anyagokat haszn\u00e1ltak, m\u00edg az als\u00f3 r\u00e9szeken kem\u00e9nyebb, tart\u00f3sabb m\u0171anyagokat. B\u0151r\u00fcl\u00e9s opci\u00f3k\u00e9nt sem \u00e9rhet\u0151 el, de a szintetikus anyagok ig\u00e9nyes megjelen\u00e9st ny\u00fajtanak, a korm\u00e1ny bor\u00edt\u00e1sa is kellemes tapint\u00e1s\u00fa.<\/p>\n<p>A Solarbay panor\u00e1matet\u0151 a cs\u00facsv\u00e1ltozat saj\u00e1toss\u00e1ga, amely egy gombnyom\u00e1sra (vagy hangvez\u00e9rl\u00e9ssel) fokozatosan \u00e1ttetsz\u0151b\u0151l s\u00f6t\u00e9tre v\u00e1lt, el\u00f6lr\u0151l h\u00e1trafel\u00e9. Ez nemcsak l\u00e1tv\u00e1nyos, hanem praktikus megold\u00e1s is, k\u00fcl\u00f6n\u00f6sen ny\u00e1ron. Az infotainment rendszer az OpenR Link nevet viseli, Google-alap\u00fa, \u00e9s gyors, intuit\u00edv m\u0171k\u00f6d\u00e9s\u0171. A 12 colos portr\u00e9 kijelz\u0151 \u00e9les grafik\u00e1t \u00e9s k\u00f6nnyen \u00e1tl\u00e1that\u00f3 men\u00fcket k\u00edn\u00e1l, a Google Maps \u00e9s az Android Auto t\u00f6k\u00e9letesen integr\u00e1lt. A kl\u00edmavez\u00e9rl\u00e9s r\u00e9szben fizikai gombokkal, r\u00e9szben \u00e9rint\u0151k\u00e9perny\u0151r\u0151l ir\u00e1ny\u00edthat\u00f3, ami j\u00f3 egyens\u00falyt jelent a kezelhet\u0151s\u00e9g \u00e9s a modern megjelen\u00e9s k\u00f6z\u00f6tt.<\/p>\n","protected":false},"excerpt":{"rendered":"<p>Demj\u00e9n Ferenc, a Kossuth-d\u00edjas \u00e9nekes otthon\u00e1ban balesetet szenvedett, amely sor\u00e1n fels\u0151 combt\u00f6r\u00e9st szenvedett. Ebben a pillanatban j\u00f6tt a h\u00edr: Charlie jelentette be Demj\u00e9n Ferencr\u0151l MUTATJUK A R\u00c9SZLETEKET! A h\u00edr nem \u00e9rt v\u00e9get!&#8230;<\/p>\n","protected":false},"author":1,"featured_media":6352,"comment_status":"open","ping_status":"open","sticky":false,"template":"","format":"standard","meta":{"footnotes":""},"categories":[2],"tags":[],"class_list":["post-6351","post","type-post","status-publish","format-standard","has-post-thumbnail","hentry","category-altalanos"],"aioseo_notices":[],"_links":{"self":[{"href":"https:\/\/online-filmkatarzis.com\/kucko\/wp-json\/wp\/v2\/posts\/6351","targetHints":{"allow":["GET"]}}],"collection":[{"href":"https:\/\/online-filmkatarzis.com\/kucko\/wp-json\/wp\/v2\/posts"}],"about":[{"href":"https:\/\/online-filmkatarzis.com\/kucko\/wp-json\/wp\/v2\/types\/post"}],"author":[{"embeddable":true,"href":"https:\/\/online-filmkatarzis.com\/kucko\/wp-json\/wp\/v2\/users\/1"}],"replies":[{"embeddable":true,"href":"https:\/\/online-filmkatarzis.com\/kucko\/wp-json\/wp\/v2\/comments?post=6351"}],"version-history":[{"count":2,"href":"https:\/\/online-filmkatarzis.com\/kucko\/wp-json\/wp\/v2\/posts\/6351\/revisions"}],"predecessor-version":[{"id":6373,"href":"https:\/\/online-filmkatarzis.com\/kucko\/wp-json\/wp\/v2\/posts\/6351\/revisions\/6373"}],"wp:featuredmedia":[{"embeddable":true,"href":"https:\/\/online-filmkatarzis.com\/kucko\/wp-json\/wp\/v2\/media\/6352"}],"wp:attachment":[{"href":"https:\/\/online-filmkatarzis.com\/kucko\/wp-json\/wp\/v2\/media?parent=6351"}],"wp:term":[{"taxonomy":"category","embeddable":true,"href":"https:\/\/online-filmkatarzis.com\/kucko\/wp-json\/wp\/v2\/categories?post=6351"},{"taxonomy":"post_tag","embeddable":true,"href":"https:\/\/online-filmkatarzis.com\/kucko\/wp-json\/wp\/v2\/tags?post=6351"}],"curies":[{"name":"wp","href":"https:\/\/api.w.org\/{rel}","templated":true}]}}