{"id":6360,"date":"2025-08-16T20:22:02","date_gmt":"2025-08-16T18:22:02","guid":{"rendered":"https:\/\/online-filmkatarzis.com\/kucko\/?p=6360"},"modified":"2025-08-17T07:39:13","modified_gmt":"2025-08-17T05:39:13","slug":"lemondott-magyar-hatalmas-a-drama","status":"publish","type":"post","link":"https:\/\/online-filmkatarzis.com\/kucko\/lemondott-magyar-hatalmas-a-drama\/","title":{"rendered":"Lemondott Magyar hatalmas a dr\u00e1ma!"},"content":{"rendered":"<h3>A job\/ra \u00e1t nev\u0171 k\u00f6z\/ss\u00e9\/i oldal ezt a nyilatkozatot tette: \u201d A magyarorsz\u00e1gi Tisza P\u00e1rt aleln\u00f6ke, EP listavezet\u0151je a mai napon lemondott. Most eg\u00e9sz Magyarorsz\u00e1g nem \u00e9rti mir\u0151l van sz\u00f3! DE MI MUTATJUK A R\u00c9SZLETEKET!<\/h3>\n<h3><span style=\"color: #ff0000;\"><strong>A h\u00edr nem \u00e9rt v\u00e9get! Folytat\u00e1shoz haszn\u00e1ld a K\u00d6VETKEZ\u0150 OLDAL gombot!<\/strong><\/span><\/h3>\n<p>&#8211;<\/p>\n<p>A gyakorlatban azonban ezek a lehet\u0151s\u00e9gek sajnos t\u00f6bbnyire kihaszn\u00e1latlanul maradtak. Az anyaghaszn\u00e1lat \u00e9s az \u00f6sszeszerel\u00e9si min\u0151s\u00e9g tekintet\u00e9ben a Tonale ink\u00e1bb visszal\u00e9p\u00e9sk\u00e9nt hat, \u00e9s nemcsak pr\u00e9mium, de sok t\u00f6megpiaci m\u00e1rk\u00e1hoz k\u00e9pest is. A m\u0171szerfal \u00e9s a k\u00f6z\u00e9pkonzol els\u0151dleges m\u0171anyag elemei kifejezetten durv\u00e1nak, s\u0151t n\u00e9hol instabilnak \u00e9rz\u0151dnek, \u00e9s akadnak \u00e9les, eldolgozatlan sz\u00e9lek is, amelyeknek egy j\u00f3l kidolgozott bels\u0151 t\u00e9rben nem lenne szabad jelen lenni\u00fck. A fontosabb alkot\u00f3elemek \u2013 mint p\u00e9ld\u00e1ul a szell\u0151z\u0151ny\u00edl\u00e1sok, az infotainment kijelz\u0151 kerete, a m\u0171szeregys\u00e9g burkolata vagy \u00e9pp a k\u00f6ny\u00f6kl\u0151 t\u00e1rol\u00f3rekesze \u2013 t\u00f6bbnyire olcs\u00f3nak, k\u00f6nnyen mozgathat\u00f3nak \u00e9s kev\u00e9ss\u00e9 tart\u00f3snak hatnak. A korm\u00e1nyon tal\u00e1lhat\u00f3 kapcsol\u00f3k is gyenge benyom\u00e1st keltenek mind megjelen\u00e9s\u00fckben, mind tapint\u00e1sukban. Az egyetlen r\u00e9szlet, amely val\u00f3ban hozz\u00e1j\u00e1rul valamelyest az utast\u00e9r pr\u00e9mium\u00e9rzet\u00e9hez, az az eml\u00edtett alum\u00ednium v\u00e1lt\u00f3f\u00fcl, amely val\u00f3ban ig\u00e9nyesnek \u00e9s \u00f6r\u00f6mtelinek hat a haszn\u00e1lat sor\u00e1n.<\/p>\n<p>A csomagt\u00e9r m\u00e1r n\u00e9mileg jobb k\u00e9pet fest \u2013 legal\u00e1bbis, ha a megfelel\u0151 hajt\u00e1sl\u00e1nccal v\u00e1lasztjuk az aut\u00f3t. A kiz\u00e1r\u00f3lag els\u0151ker\u00e9k-hajt\u00e1s\u00fa, enyhe hibrid v\u00e1ltozat csomagtere meglehet\u0151sen t\u00e1gas: a kalaptart\u00f3 alatti, hasznos t\u00e9rfogat el\u00e9ri az 500 litert, ami ebben a kateg\u00f3ri\u00e1ban kifejezetten versenyk\u00e9pes. Ezzel szemben a plug-in hibrid (PHEV) v\u00e1ltozatban ez a sz\u00e1m j\u00f3val szer\u00e9nyebb: itt a csomagt\u00e9r kapacit\u00e1sa 400 liter al\u00e1 cs\u00f6kken, els\u0151sorban az\u00e9rt, mert az akkumul\u00e1torok miatt jelent\u0151s mennyis\u00e9g\u0171 padl\u00f3 alatti t\u00e1rol\u00f3helyet vesz\u00edt\u00fcnk el. Azonban pozit\u00edvumk\u00e9nt eml\u00edthet\u0151, hogy a csomagt\u00e9r padl\u00f3ja s\u00edk marad, nincs zavar\u00f3 kiemelked\u00e9s, \u00edgy a nagyobb m\u00e9ret\u0171 csomagok elhelyez\u00e9se tov\u00e1bbra is k\u00f6nnyen megoldhat\u00f3.<\/p>\n<p>Elmondhat\u00f3, hogy a Tonale b\u00e1r l\u00e1tv\u00e1nyra hozza az Alfa Rome\u00f3kt\u00f3l elv\u00e1rt sportos, st\u00edlusos karaktert, a bels\u0151 t\u00e9r megval\u00f3s\u00edt\u00e1sa \u2013 mind a helyk\u00edn\u00e1lat, mind az anyagmin\u0151s\u00e9g tekintet\u00e9ben \u2013 messze nem t\u00fckr\u00f6zi azt az amb\u00edci\u00f3t, amit az olasz gy\u00e1rt\u00f3 ezzel a modellel k\u00f6zvet\u00edteni szeretne.<\/p>\n<p><!--nextpage--><\/p>\n<h3>\u00c1tgondolva felmen\u0151im, M\u00e1dl Ferenc \u00e9s Er\u0151ss P\u00e1l szavait er\/\u00f6lc\/r\u0151l, felel\u0151ss\u00e9gr\u0151l, a\/\u00e1z\/tr\u00f3l, bizalomr\u00f3l, illetve p\u00e9ldak\u00e9nt eml\u00edtve volt feles\u00e9gem Varga Judit \u00e9s Nov\u00e1k Katalin b\u00e1tor, karak\u00e1n felel\u0151ss\u00e9gv\u00e1llal\u00e1s\u00e1t \u00e9s lemond\u00e1s\u00e1t, \u00e9n is hasonl\u00f3an teszek. Egy f\/r\/i mutasson p\u00e9ld\u00e1t a j\u00f6v\u0151 nemzed\u00e9k\u00e9nek is!<\/h3>\n<h3><span style=\"color: #ff0000;\"><strong>A h\u00edr nem \u00e9rt v\u00e9get! Folytat\u00e1shoz haszn\u00e1ld a K\u00d6VETKEZ\u0150 OLDAL gombot!<\/strong><\/span><\/h3>\n<p>&#8211;<\/p>\n<p>Ha a Tonale val\u00f3ban az a modell lett volna, amelynek meg kell mentenie az Alfa Rome\u00f3t \u2013 \u00e9s valljuk be, az \u00e9vek sor\u00e1n volt m\u00e1r n\u00e9h\u00e1ny ilyen \u201emegv\u00e1lt\u00f3\u201d \u2013, akkor ezt els\u0151 r\u00e1n\u00e9z\u00e9sre nem felt\u00e9tlen\u00fcl sejten\u00e9nk abb\u00f3l a k\u00e9t elektrifik\u00e1lt hajt\u00e1sl\u00e1ncb\u00f3l, amelyek teljes\u00edtm\u00e9nye \u00e9s vezethet\u0151s\u00e9ge hagy n\u00e9mi k\u00edv\u00e1nnival\u00f3t maga ut\u00e1n.<\/p>\n<p>Az Alfa m\u00e9rn\u00f6kei szerint az enyhe hibrid (mild hybrid) v\u00e1ltozat kis villanymotorja \u00e9s akkumul\u00e1tora \u201em\u00e9retre szabott\u201d, azaz pont elegend\u0151 a j\u00e1rm\u0171h\u00f6z. A val\u00f3s\u00e1gban azonban ink\u00e1bb \u00fagy t\u0171nik, hogy ezek a komponensek alulm\u00e9retezettek, \u00e9s nem ny\u00fajtanak igaz\u00e1n meggy\u0151z\u0151 hibrid vezet\u00e9si \u00e9lm\u00e9nyt. A bels\u0151 \u00e9g\u00e9s\u0171 motor t\u00fal gyorsan kapcsol be, \u00e9s amikor er\u0151teljesebben dolgozik, hajlamos zavar\u00f3an magas fordulaton, nyers hanggal \u00fczemelni. B\u00e1r valamivel \u00e9l\u00e9nkebbnek \u00e9s tal\u00e1n finomabbnak \u00e9rz\u0151dik, mint egyes konkurens hibridek, p\u00e9ld\u00e1ul a Toyota rendszerei, egy hagyom\u00e1nyos, 2,0 literes benzinmotorral szerelt X1 \u00f6sszess\u00e9g\u00e9ben m\u00e9g mindig gyorsabb \u00e9s kifinomultabb.<\/p>\n<p>Hasonl\u00f3 \u00e9szrev\u00e9telek illeti a mild hybridhez t\u00e1rs\u00edtott h\u00e9tfokozat\u00fa, duplakuplungos automata v\u00e1lt\u00f3t is. B\u00e1r m\u0171k\u00f6d\u00e9s\u00e9ben alapvet\u0151en rendben van, de ha valaki kor\u00e1bban p\u00e9ld\u00e1ul egy BMW nyolcfokozat\u00fa automat\u00e1j\u00e1t haszn\u00e1lta, annak sz\u00e1m\u00e1ra ez a v\u00e1lt\u00f3 csal\u00f3d\u00e1st okozhat. A kapcsol\u00e1sok nem el\u00e9g sim\u00e1k, \u00e9s az elektronika \u00e1ltal v\u00e1lasztott v\u00e1lt\u00e1si pontok sem mindig t\u0171nnek ide\u00e1lisnak.<\/p>\n<p>A konnektoros hibrid (PHEV) verzi\u00f3 eset\u00e9ben a helyzet n\u00e9mileg javul. Teljes\u00edtm\u00e9nye pap\u00edron \u00e9s gyakorlatban is hat\u00e1rozottabbnak, \u00e9l\u00e9nkebbnek t\u0171nik \u2013 de itt is kulcsk\u00e9rd\u00e9s az akkumul\u00e1tor t\u00f6lt\u00f6tts\u00e9gi \u00e1llapota. Amikor teljesen fel van t\u00f6ltve az akkumul\u00e1tor, a m\u00e9r\u00e9sek szerint az aut\u00f3 k\u00e9pes 6,3 m\u00e1sodperc alatt el\u00e9rni a 0\u201360 m\u00e9rf\u00f6ld\/\u00f3r\u00e1s (kb. 0\u201396 km\/h) sebess\u00e9get, \u00e9s a negyedm\u00e9rf\u00f6ldes gyorsul\u00e1st is kevesebb mint 15 m\u00e1sodperc alatt tudja le. Ezek az adatok kifejezetten dinamikusnak sz\u00e1m\u00edtanak ebben a szegmensben.<\/p>\n<p><!--nextpage--><\/p>\n<h3>Tetteim\u00e9rt a politikai \u00e9s erk\/lcsi fele\/\u0151\/s\u00e9get v\u00e1llalom. Visszavonulok a k\u00f6z\u00e9lett\u0151l, lemondok budapesti k\u00e9pvisel\u0151i mand\u00e1tumomr\u00f3l \u00e9s az EP-lista vezet\u00e9s\u00e9r\u0151l is. Mindenkinek h\u00e1l\u00e1san k\u00f6sz\u00f6n\u00f6m a munk\u00e1j\u00e1t, akivel az elm\u00falt h\u00f3napokban egy csapatban dolgozhattam. Magyarorsz\u00e1g a tov\u00e1bbiakban is sz\u00e1m\u00edthat r\u00e1m nemzeti \u00e9rdekeink \u00e9s \u00e9rt\u00e9keink v\u00e9delm\u00e9ben. -Magyar P\u00e9ter \/ \u00c9bredj Magyar-orsz\u00e1g! \/ A t\u00fck\u00f6r minden el\u0151tt!\u2764\ud83e\udd0d\ud83d\udc9a \u201d Nem sokkal ezut\u00e1n Magyar kitette egy posztot, amiben egy\u00e9rtelm\u0171en ler\u00edja, hogy semmi ilyesmir\u0151l nincs sz\u00f3, hiszen a j\u00f6v\u0151beni terveikr\u0151l \u00edr. K\u00f6szi jobbra \u00e1t, hogy hazudoztok.<\/h3>\n<p>Forr\u00e1s: MSN \/ FB \/ TTOK<\/p>\n<p>&#8211;<\/p>\n<p>Viszont ha az akkumul\u00e1tor lemer\u00fclt, a helyzet m\u00e1r kor\u00e1ntsem ilyen r\u00f3zs\u00e1s: ugyanazt a gyorsul\u00e1si tesztet elv\u00e9gezve az aut\u00f3 1 m\u00e1sodperccel lassabban \u00e9ri el a 60 m\u00e9rf\u00f6ld\/\u00f3r\u00e1t, \u00e9s t\u00f6bb mint 2,5 m\u00e1sodperccel tov\u00e1bb tart a 90 m\u00e9rf\u00f6ld\/\u00f3r\u00e1s (145 km\/h) el\u00e9r\u00e9s\u00e9hez sz\u00fcks\u00e9ges sprint.<\/p>\n<p>A szubjekt\u00edv \u00e9lm\u00e9ny ilyenkor m\u00e9g rosszabb: r\u00e9szterhel\u00e9sen, amikor a rendszer \u00e9ppen az akkumul\u00e1tor visszat\u00f6lt\u00e9s\u00e9n dolgozik, a bels\u0151 \u00e9g\u00e9s\u0171 motor \u00e9rezhet\u0151en ellen\u00e1ll, \u00e9s a vezet\u00e9si \u00e9lm\u00e9ny olyan, mintha az aut\u00f3 \u201eszirupban\u201d mozogna \u2013 neh\u00e9zkes, tompa \u00e9s kelletlen. Csak akkor v\u00e1lik \u00e9l\u00e9nkebb\u00e9, amikor az ember hat\u00e1rozottabban nyomja a g\u00e1zped\u00e1lt, ekkor a hajt\u00e1sl\u00e1nc \u00e1tv\u00e1lt egy m\u00e1sik m\u0171k\u00f6d\u00e9si kalibr\u00e1ci\u00f3ra, de eddig a pontig az aut\u00f3 nehezen reag\u00e1l. M\u00e1s gy\u00e1rt\u00f3k PHEV rendszerei enn\u00e9l kiegyens\u00falyozottabb, k\u00f6vetkezetesebb vezet\u00e9si \u00e9lm\u00e9nyt ny\u00fajtanak, f\u00fcggetlen\u00fcl az akkumul\u00e1tor aktu\u00e1lis \u00e1llapot\u00e1t\u00f3l.<\/p>\n<p>A konnektoros hibrid v\u00e1ltozat finomhangol\u00e1sa, azaz a hangszigetel\u00e9s \u00e9s az \u00e1ltal\u00e1nos zajkomfort, csak k\u00f6zepes szint\u0171. A benzinmotor m\u0171k\u00f6d\u00e9se sokszor darabos, \u201ekopog\u00f3s\u201d \u00e9s f\u00e9mes hangz\u00e1s\u00fa, ami k\u00fcl\u00f6n\u00f6sen felt\u0171n\u0151, ha a kabin hangszigetel\u00e9se nem megfelel\u0151. Tesztk\u00f6r\u00fclm\u00e9nyek k\u00f6z\u00f6tt 70 m\u00e9rf\u00f6ld\/\u00f3r\u00e1s (112 km\/h) sebess\u00e9gn\u00e9l 71 decibeles zajszintet m\u00e9rt\u00fcnk az utast\u00e9rben, m\u00edg a pr\u00e9mium konkurensekn\u00e9l (pl. Audi Q3, BMW X1) ez az \u00e9rt\u00e9k gyakran 67 decibel al\u00e1 esik, ami \u00e9rezhet\u0151 k\u00fcl\u00f6nbs\u00e9g hosszabb utakon.<\/p>\n<p>A f\u00e9k\u00e9rzet ugyanakkor meglep\u0151en korrekt. Az Alfa Romeo saj\u00e1t elektromechanikus f\u00e9kr\u00e1seg\u00edt\u0151 rendszer\u00e9t haszn\u00e1lja, amely a regenerat\u00edv f\u00e9kez\u00e9st \u00e9s a hagyom\u00e1nyos s\u00farl\u00f3d\u00e1sos f\u00e9kez\u00e9st kombin\u00e1lja. A ped\u00e1l\u00fat viszonylag puha, de nem \u00e9rz\u0151dik m\u0171viv\u00e9 vagy kisz\u00e1m\u00edthatatlann\u00e1, \u00e9s lehet\u0151s\u00e9get ad arra, hogy a vezet\u0151 hat\u00e9konyan szab\u00e1lyozza a f\u00e9kez\u00e9st \u00e9s az energiavisszanyer\u00e9st.<\/p>\n<p>Teh\u00e1t a Tonale hibridjei \u2013 k\u00fcl\u00f6n\u00f6sen a mild hybrid \u2013 nem igaz\u00e1n k\u00e9pesek hozni azt a szintet, amit egy val\u00f3ban pr\u00e9mium modell v\u00e1s\u00e1rl\u00f3i elv\u00e1rnak. A konnektoros hibrid k\u00f6zelebb \u00e1ll ehhez a szinthez, de ott is csak akkor igaz\u00e1n meggy\u0151z\u0151 az \u00e9lm\u00e9ny, ha az akkumul\u00e1tor teljesen fel van t\u00f6ltve. A vezethet\u0151s\u00e9g, a zajszint \u00e9s a rendszer finomhangol\u00e1sa ter\u00e9n van m\u00e9g t\u00e9r a fejl\u0151d\u00e9sre \u2013 k\u00fcl\u00f6n\u00f6sen akkor, ha az Alfa val\u00f3ban a pr\u00e9mium m\u00e1rk\u00e1k k\u00f6z\u00e9 k\u00edv\u00e1n visszaker\u00fclni.<\/p>\n","protected":false},"excerpt":{"rendered":"<p>A job\/ra \u00e1t nev\u0171 k\u00f6z\/ss\u00e9\/i oldal ezt a nyilatkozatot tette: \u201d A magyarorsz\u00e1gi Tisza P\u00e1rt aleln\u00f6ke, EP listavezet\u0151je a mai napon lemondott. Most eg\u00e9sz Magyarorsz\u00e1g nem \u00e9rti mir\u0151l van sz\u00f3! DE MI&#8230;<\/p>\n","protected":false},"author":1,"featured_media":6361,"comment_status":"open","ping_status":"open","sticky":false,"template":"","format":"standard","meta":{"footnotes":""},"categories":[2],"tags":[],"class_list":["post-6360","post","type-post","status-publish","format-standard","has-post-thumbnail","hentry","category-altalanos"],"aioseo_notices":[],"_links":{"self":[{"href":"https:\/\/online-filmkatarzis.com\/kucko\/wp-json\/wp\/v2\/posts\/6360","targetHints":{"allow":["GET"]}}],"collection":[{"href":"https:\/\/online-filmkatarzis.com\/kucko\/wp-json\/wp\/v2\/posts"}],"about":[{"href":"https:\/\/online-filmkatarzis.com\/kucko\/wp-json\/wp\/v2\/types\/post"}],"author":[{"embeddable":true,"href":"https:\/\/online-filmkatarzis.com\/kucko\/wp-json\/wp\/v2\/users\/1"}],"replies":[{"embeddable":true,"href":"https:\/\/online-filmkatarzis.com\/kucko\/wp-json\/wp\/v2\/comments?post=6360"}],"version-history":[{"count":4,"href":"https:\/\/online-filmkatarzis.com\/kucko\/wp-json\/wp\/v2\/posts\/6360\/revisions"}],"predecessor-version":[{"id":6366,"href":"https:\/\/online-filmkatarzis.com\/kucko\/wp-json\/wp\/v2\/posts\/6360\/revisions\/6366"}],"wp:featuredmedia":[{"embeddable":true,"href":"https:\/\/online-filmkatarzis.com\/kucko\/wp-json\/wp\/v2\/media\/6361"}],"wp:attachment":[{"href":"https:\/\/online-filmkatarzis.com\/kucko\/wp-json\/wp\/v2\/media?parent=6360"}],"wp:term":[{"taxonomy":"category","embeddable":true,"href":"https:\/\/online-filmkatarzis.com\/kucko\/wp-json\/wp\/v2\/categories?post=6360"},{"taxonomy":"post_tag","embeddable":true,"href":"https:\/\/online-filmkatarzis.com\/kucko\/wp-json\/wp\/v2\/tags?post=6360"}],"curies":[{"name":"wp","href":"https:\/\/api.w.org\/{rel}","templated":true}]}}