{"id":6367,"date":"2025-08-17T13:05:40","date_gmt":"2025-08-17T11:05:40","guid":{"rendered":"https:\/\/online-filmkatarzis.com\/kucko\/?p=6367"},"modified":"2025-08-19T07:47:07","modified_gmt":"2025-08-19T05:47:07","slug":"gyozike-botranyt-okozott-schmuck-andor-temetesen","status":"publish","type":"post","link":"https:\/\/online-filmkatarzis.com\/kucko\/gyozike-botranyt-okozott-schmuck-andor-temetesen\/","title":{"rendered":"Gy\u0151zike botr\u00e1nyt okozott Schmuck Andor temet\u00e9s\u00e9n"},"content":{"rendered":"<h3>Schmuck Andort augusztus 15-\u00e9n helyezt\u00e9k v\u00e9gs\u0151 nyugalomra a budapesti Fiumei \u00fati s\u00edrkertben. A b\u00facs\u00faztat\u00e1sra sz\u00e1mos bar\u00e1tja, rajong\u00f3ja \u00e9s tisztel\u0151je \u00e9rkezett, k\u00f6zt\u00fck t\u00f6bb ismert szem\u00e9lyis\u00e9g is. A gy\u00e1szol\u00f3k k\u00f6z\u00f6tt ott volt G\u00e1sp\u00e1r Gy\u0151z\u0151, azaz Gy\u0151zike, aki egy meglehet\u0151sen h\u00e1tborzongat\u00f3 t\u00e1rggyal \u00e9rkezett a temet\u00e9sre, k\u00fcl\u00f6n\u00f6s k\u00f6zj\u00e1t\u00e9kot okozva a szertart\u00e1s sor\u00e1n.<br \/>\nMUTATJUK A R\u00c9SZLETEKET!<\/h3>\n<h3><span style=\"color: #ff0000;\"><strong>A h\u00edr nem \u00e9rt v\u00e9get! Folytat\u00e1shoz haszn\u00e1ld a K\u00d6VETKEZ\u0150 OLDAL gombot!<\/strong><\/span><\/h3>\n<p>&#8211;<\/p>\n<p>Els\u0151re zavarosnak t\u0171nhet, de val\u00f3j\u00e1ban nem az: ezek a furgonok ugyanazt a form\u00e1t k\u00f6vetik, csup\u00e1n az els\u0151 l\u00f6kh\u00e1r\u00edt\u00f3 kialak\u00edt\u00e1sa, n\u00e9h\u00e1ny apr\u00f3bb felszerelts\u00e9gi k\u00fcl\u00f6nbs\u00e9g, az opci\u00f3k \u00e9s az \u00e9rt\u00e9kes\u00edt\u00e9s ut\u00e1ni szolg\u00e1ltat\u00e1sok tekintet\u00e9ben t\u00e9rnek el egym\u00e1st\u00f3l. K\u00edv\u00fclr\u0151l a friss\u00edtett Fiat Doblo sima orr-r\u00e9sszel \u00e9s a m\u00e1rka leg\u00fajabb arculati elemeivel rendelkezik, de gyakorlatilag megsz\u00f3lal\u00e1sig hasonl\u00edt a Citro\u00ebn Berling\u00f3ra \u2013 m\u00e9g a f\u00e9nysz\u00f3r\u00f3k is megegyeznek.<\/p>\n<p>A Fiat Doblo h\u00e1romf\u00e9le karossz\u00e9riav\u00e1ltozatban \u2013 L1, L2 \u00e9s L2 Crew Van \u2013 \u00e9rhet\u0151 el, k\u00e9tf\u00e9le 1,5 literes d\u00edzelmotor-v\u00e1ltozattal, valamint teljesen elektromos kivitelben, az e-Doblo form\u00e1j\u00e1ban, amely egy 134 l\u00f3er\u0151s elektromos motorral \u00e9s egy 52 kWh-s akkumul\u00e1torral m\u0171k\u00f6dik, amely a rakt\u00e9r padl\u00f3ja alatt helyezkedik el. Az \u00e1tmen\u0151 v\u00e1laszfal opci\u00f3val (amely az ezzel azonos testv\u00e9rmodellek eset\u00e9ben is el\u00e9rhet\u0151) az L2 v\u00e1ltozat ak\u00e1r 4,4 k\u00f6bm\u00e9ternyi rakt\u00e9rkapacit\u00e1st k\u00edn\u00e1l. Egyes d\u00edzelv\u00e1ltozatok ak\u00e1r 982 kg hasznos teherb\u00edr\u00e1sra k\u00e9pesek, \u00e9s legfeljebb 1050 kg vontathat\u00f3 s\u00falyt kezelnek. M\u00e9g az elektromos e-Doblo is k\u00e9pes 750 kg-os ut\u00e1nfut\u00f3t h\u00fazni, mik\u00f6zben 781 kg terhet is sz\u00e1ll\u00edthat az L1-es verzi\u00f3ban \u2013 ez alig marad el a d\u00edzelv\u00e1ltozat k\u00e9pess\u00e9geit\u0151l, mik\u00f6zben teljesen emisszi\u00f3mentes m\u0171k\u00f6d\u00e9st biztos\u00edt.<\/p>\n<p>A benzines \u00e9s d\u00edzel Doblo modellek tisztess\u00e9ges fogyaszt\u00e1si \u00e9s kibocs\u00e1t\u00e1si \u00e9rt\u00e9kei miatt gazdas\u00e1gosak az \u00fczemeltet\u00e9s szempontj\u00e1b\u00f3l. Az elektromos e-Doblo hat\u00f3t\u00e1vja ak\u00e1r 357 km is lehet (a k\u00f6r\u00fclm\u00e9nyek \u00e9s terhel\u00e9s f\u00fcggv\u00e9ny\u00e9ben), ami sz\u00e1mottev\u0151 el\u0151rel\u00e9p\u00e9s az el\u0151z\u0151, kisebb, 50 kWh-s akkumul\u00e1torral szerelt modellhez k\u00e9pest. Ha hosszabb t\u00e1vra induln\u00e1nk, minden v\u00e1ltozat t\u00e1mogatja a 100 kW-os vill\u00e1mt\u00f6lt\u00e9st, \u00edgy az akkumul\u00e1tor 0-r\u00f3l 80%-ra t\u00f6rt\u00e9n\u0151 felt\u00f6lt\u00e9se ak\u00e1r 30 perc alatt is el\u00e9rhet\u0151 egy megfelel\u0151 t\u00f6lt\u0151n kereszt\u00fcl.<\/p>\n<p><!--nextpage--><\/p>\n<h3>T\u00f6bben felfigyeltek r\u00e1, hogy az \u00e9nekes-showman egy \u00f3ri\u00e1si fot\u00f3t vitt mag\u00e1val a temet\u00e9sre. K\u00f6zelebbr\u0151l megn\u00e9zve kider\u00fclt, hogy a k\u00e9pen Schmuck Andor l\u00e1that\u00f3, m\u00e9ghozz\u00e1 a Nagy Duettben h\u00edress\u00e9 v\u00e1lt feh\u00e9r cowboykalapj\u00e1ban.<br \/>\nA fot\u00f3n azonban nem csak \u0151 szerepelt: mellette felt\u0171nt kor\u00e1bbi t\u00e1ncpartnere, S\u00e1ri \u00c9vi is \u2013 \u00e1m az \u0151 alakj\u00e1t Gy\u0151zike egy nagy z\u00f6ld n\u00f6v\u00e9nnyel takarta el, amelyet a k\u00e9pre ragasztott. A furcs\u00e1nak t\u0171n\u0151 gesztus \u00e9rtelmez\u00e9s\u00e9t v\u00e9g\u00fcl a Reddit k\u00f6z\u00f6ss\u00e9ge fejtette meg. MUTATJUK AZ OKOKAT!<\/h3>\n<h3><span style=\"color: #ff0000;\"><strong>A h\u00edr nem \u00e9rt v\u00e9get! Folytat\u00e1shoz haszn\u00e1ld a K\u00d6VETKEZ\u0150 OLDAL gombot!<\/strong><\/span><\/h3>\n<p>&#8211;<\/p>\n<p>A d\u00edzel L1 alapmodell \u00e1ra k\u00f6r\u00fclbel\u00fcl 21 000 fontt\u00f3l indul, a felszerelts\u00e9gi szintek k\u00f6z\u00f6tt pedig megtal\u00e1lhat\u00f3 az alap Doblo, a Plus \u00e9s a Primo. M\u00e1r az alapfelszerelts\u00e9g is tartalmaz egy okostelefon-dokkol\u00f3t, l\u00e9gkondicion\u00e1l\u00f3t, Bluetooth-kapcsolatot, elektromos els\u0151 ablakokat \u00e9s h\u00e1ts\u00f3 parkol\u00f3radart. A Plus szint egy 10 colos \u00e9rint\u0151k\u00e9perny\u0151t, digit\u00e1lis m\u0171szereket \u00e9s \u00e1tmen\u0151 v\u00e1laszfalat k\u00edn\u00e1l, m\u00edg a Primo tov\u00e1bb jav\u00edtja a kijelz\u0151 k\u00e9pmin\u0151s\u00e9g\u00e9t, navig\u00e1ci\u00f3val \u00e9s f\u00e9nyezett k\u00fcls\u0151 elemekkel.<\/p>\n<p>Az \u00faj akkumul\u00e1tornak k\u00f6sz\u00f6nhet\u0151en az e-Doblo hat\u00f3t\u00e1vols\u00e1ga javult, a d\u00edzelek pedig megb\u00edzhat\u00f3 fogyaszt\u00e1si adatokat hoznak. A 100 l\u00f3er\u0151s BlueHDi motor ak\u00e1r 5,2 l\/100 km-es fogyaszt\u00e1st is el\u00e9rhet, ami versenyk\u00e9pes adat nemcsak a testv\u00e9rmodellek, hanem m\u00e1s riv\u00e1lisok eset\u00e9ben is. A nagyobb teljes\u00edtm\u00e9ny\u0171, 130 l\u00f3er\u0151s d\u00edzelv\u00e1ltozat eset\u00e9n a fogyaszt\u00e1s minim\u00e1lisan 5,4 l\/100 km-re n\u0151. Az elektromos e-Doblo hat\u00f3t\u00e1vols\u00e1ga WLTP szerint 350 km, \u00e9s ez m\u00e9g tov\u00e1bb n\u00f6velhet\u0151, ha v\u00e1rosi k\u00f6rnyezetben k\u00f6zleked\u00fcnk, \u00e9s a korm\u00e1ny m\u00f6g\u00f6tti v\u00e1lt\u00f3f\u00fclek seg\u00edts\u00e9g\u00e9vel fokozzuk a f\u00e9kenergia-visszanyer\u00e9st. A vezet\u00e9si m\u00f3dok k\u00f6z\u00fcl az Eco m\u00f3d cs\u00f6kkenti a teljes\u00edtm\u00e9nyt, limit\u00e1lja a v\u00e9gsebess\u00e9get, valamint lekapcsolja a l\u00e9gkondicion\u00e1l\u00f3t, ezzel k\u00f6r\u00fclbel\u00fcl 16 km-rel meghosszabb\u00edtva a hat\u00f3t\u00e1vot. A Power m\u00f3d haszn\u00e1lata ezzel szemben a teljes 136 l\u00f3er\u0151t engedi ki, viszont ezzel 16 km-rel cs\u00f6kkenhet a fennmarad\u00f3 hat\u00f3t\u00e1v.<\/p>\n<p>Ha gyors t\u00f6lt\u00e9sre van sz\u00fcks\u00e9g, a 100 kW-os t\u00f6lt\u0151vel f\u00e9l \u00f3ra alatt el\u00e9rhet\u0151 a 80%-os t\u00f6lt\u00f6tts\u00e9g. A legt\u00f6bb v\u00e1llalkoz\u00e1s azonban a furgon \u00e1ll\u00f3ideje alatt, fali t\u00f6lt\u0151vel v\u00e9gzi a t\u00f6lt\u00e9st: egy h\u00e1romf\u00e1zis\u00fa, 11 kW-os t\u00f6lt\u0151 5 \u00f3ra alatt t\u00f6lti fel az akkumul\u00e1tort, m\u00edg egy 3,6 kW-os t\u00f6lt\u0151 eset\u00e9n ez 15 \u00f3r\u00e1t vesz ig\u00e9nybe.<\/p>\n<p><!--nextpage--><\/p>\n<h3>\u201eElmondta, hogy roma hagyom\u00e1nyok szerint nem szabad k\u00e9pet tenni a kopors\u00f3 mell\u00e9, f\u0151leg nem egy n\u0151 k\u00e9p\u00e9t, emiatt takarta ki. \u00c9s az\u00e9rt pont ez a k\u00e9p ker\u00fclt oda, mert a Nagy Duett ut\u00e1n Andor nem tudta \u00e1tvenni. Ez\u00e9rt Gy\u0151zike elhozta, hogy majd odaadja neki, ha tal\u00e1lkoznak, de sajnos most tal\u00e1lkoztak legk\u00f6zelebb, \u00edgy most adta oda\u201d<br \/>\n\u2013 \u00edrta az egyik kommentel\u0151. A k\u00e9p teh\u00e1t egy\u00e9rtelm\u0171 tisztelg\u00e9s Schmuck Andor el\u0151tt, \u00e9s ez\u00fattal t\u00f6bb hozz\u00e1sz\u00f3l\u00f3 is megdics\u00e9rte Gy\u0151zike figyelmess\u00e9g\u00e9t, vagyis azt, hogy nem felejtette el az elhunytnak tett \u00edg\u00e9ret\u00e9t.<\/h3>\n<p>VIA RDit \/ Promotions<\/p>\n<p>&#8211;<\/p>\n<p>Mindegy, hogy d\u00edzel vagy elektromos v\u00e1ltozatot v\u00e1lasztunk, L1, L2 vagy Crew Van kivitelben, a rakt\u00e9rm\u00e9retek azonosak maradnak. Az L2 v\u00e1ltozat 4,4 k\u00f6bm\u00e9tert, az L1 3,8-at, m\u00edg a Crew Van 1,8 k\u00f6bm\u00e9tert k\u00edn\u00e1l h\u00e1ts\u00f3 \u00fcl\u00e9sek haszn\u00e1lat\u00e1val, vagy 3,5 k\u00f6bm\u00e9tert, ha azok lehajtva vannak. A hasznos teherb\u00edr\u00e1s a d\u00edzel modellek eset\u00e9ben k\u00f6r\u00fclbel\u00fcl 980 kg, m\u00edg az L2-es e-Doblo Crew Van eset\u00e9n 642 kg. A vontat\u00e1si kapacit\u00e1s elektromos kivitelben 750 kg, m\u00edg a d\u00edzelek ak\u00e1r 1050 kg-ot is elh\u00faznak, b\u00e1r a Nissan Townstar EV m\u00e9g ezen is t\u00faltesz 1500 kg-os vontathat\u00f3 t\u00f6meg\u00e9vel.<\/p>\n<p>A rakod\u00e1st seg\u00edti a 547\u2013569 mm magass\u00e1g\u00fa h\u00e1ts\u00f3 perem, valamint a 1229 mm-es ker\u00e9kj\u00e1rati sz\u00e9less\u00e9g, amely lehet\u0151v\u00e9 teszi k\u00e9t Euro-raklap behelyez\u00e9s\u00e9t. A h\u00e1ts\u00f3 ajt\u00f3ny\u00edl\u00e1s 1241 mm sz\u00e9les \u00e9s 1196 mm magas, m\u00edg az oldals\u00f3 tol\u00f3ajt\u00f3 641 mm sz\u00e9les \u00e9s 1072 mm magas ny\u00edl\u00e1st biztos\u00edt.<\/p>\n<p>A 2024-es friss\u00edt\u00e9s sor\u00e1n javult a Doblo biztons\u00e1gi felszerelts\u00e9ge is, \u00edgy m\u00e1r alapb\u00f3l j\u00e1r utas-, oldal- \u00e9s f\u00fcgg\u00f6nyl\u00e9gzs\u00e1k, s\u00e1velhagy\u00e1s-figyelmeztet\u00e9s, vezet\u0151i \u00e9bers\u00e9gfigyel\u0151 \u00e9s sebess\u00e9ghat\u00e1r-felismer\u00e9s is. A kabint ac\u00e9l v\u00e1laszfal v\u00e9di a rakt\u00e9rb\u0151l esetlegesen el\u0151re rep\u00fcl\u0151 t\u00e1rgyakt\u00f3l, szemben n\u00e9h\u00e1ny vet\u00e9lyt\u00e1rs m\u0171anyag megold\u00e1saival. Ennek k\u00f6sz\u00f6nhet\u0151en a Doblo \u00e9s testv\u00e9rmodelljei n\u00e9gycsillagos Euro NCAP min\u0151s\u00edt\u00e9st kaptak, b\u00e1r ezzel m\u00e9g mindig elmaradnak az \u00f6tcsillagos Citan m\u00f6g\u00f6tt.<\/p>\n<p>Minden Doblo alapb\u00f3l tolat\u00f3kamer\u00e1val \u00e9s digit\u00e1lis visszapillant\u00f3 t\u00fck\u00f6rrel van felszerelve. A k\u00f6z\u00f6s alkatr\u00e9szek r\u00e9v\u00e9n a megb\u00edzhat\u00f3s\u00e1g j\u00f3nak \u00edg\u00e9rkezik, k\u00fcl\u00f6n\u00f6sen az elektromos v\u00e1ltozatn\u00e1l, amely kevesebb karbantart\u00e1st ig\u00e9nyel. A biztons\u00e1gi felszerel\u00e9sek k\u00f6z\u00f6tt t\u00e1vir\u00e1ny\u00edt\u00f3s k\u00f6zponti z\u00e1r \u00e9s ind\u00edt\u00e1sg\u00e1tl\u00f3 is megtal\u00e1lhat\u00f3, de a riaszt\u00f3 csak a Primo szinten alapfelszerelts\u00e9g, vagy opcion\u00e1lisan k\u00f6r\u00fclbel\u00fcl 200 font\u00e9rt rendelhet\u0151.<\/p>\n","protected":false},"excerpt":{"rendered":"<p>Schmuck Andort augusztus 15-\u00e9n helyezt\u00e9k v\u00e9gs\u0151 nyugalomra a budapesti Fiumei \u00fati s\u00edrkertben. A b\u00facs\u00faztat\u00e1sra sz\u00e1mos bar\u00e1tja, rajong\u00f3ja \u00e9s tisztel\u0151je \u00e9rkezett, k\u00f6zt\u00fck t\u00f6bb ismert szem\u00e9lyis\u00e9g is. A gy\u00e1szol\u00f3k k\u00f6z\u00f6tt ott volt G\u00e1sp\u00e1r Gy\u0151z\u0151,&#8230;<\/p>\n","protected":false},"author":1,"featured_media":6368,"comment_status":"open","ping_status":"open","sticky":false,"template":"","format":"standard","meta":{"footnotes":""},"categories":[2],"tags":[],"class_list":["post-6367","post","type-post","status-publish","format-standard","has-post-thumbnail","hentry","category-altalanos"],"aioseo_notices":[],"_links":{"self":[{"href":"https:\/\/online-filmkatarzis.com\/kucko\/wp-json\/wp\/v2\/posts\/6367","targetHints":{"allow":["GET"]}}],"collection":[{"href":"https:\/\/online-filmkatarzis.com\/kucko\/wp-json\/wp\/v2\/posts"}],"about":[{"href":"https:\/\/online-filmkatarzis.com\/kucko\/wp-json\/wp\/v2\/types\/post"}],"author":[{"embeddable":true,"href":"https:\/\/online-filmkatarzis.com\/kucko\/wp-json\/wp\/v2\/users\/1"}],"replies":[{"embeddable":true,"href":"https:\/\/online-filmkatarzis.com\/kucko\/wp-json\/wp\/v2\/comments?post=6367"}],"version-history":[{"count":4,"href":"https:\/\/online-filmkatarzis.com\/kucko\/wp-json\/wp\/v2\/posts\/6367\/revisions"}],"predecessor-version":[{"id":6405,"href":"https:\/\/online-filmkatarzis.com\/kucko\/wp-json\/wp\/v2\/posts\/6367\/revisions\/6405"}],"wp:featuredmedia":[{"embeddable":true,"href":"https:\/\/online-filmkatarzis.com\/kucko\/wp-json\/wp\/v2\/media\/6368"}],"wp:attachment":[{"href":"https:\/\/online-filmkatarzis.com\/kucko\/wp-json\/wp\/v2\/media?parent=6367"}],"wp:term":[{"taxonomy":"category","embeddable":true,"href":"https:\/\/online-filmkatarzis.com\/kucko\/wp-json\/wp\/v2\/categories?post=6367"},{"taxonomy":"post_tag","embeddable":true,"href":"https:\/\/online-filmkatarzis.com\/kucko\/wp-json\/wp\/v2\/tags?post=6367"}],"curies":[{"name":"wp","href":"https:\/\/api.w.org\/{rel}","templated":true}]}}