{"id":6393,"date":"2025-08-18T17:53:35","date_gmt":"2025-08-18T15:53:35","guid":{"rendered":"https:\/\/online-filmkatarzis.com\/kucko\/?p=6393"},"modified":"2025-08-19T10:35:08","modified_gmt":"2025-08-19T08:35:08","slug":"kiderult-hogy-hogyan-halt-meg-az-eltunt-futo","status":"publish","type":"post","link":"https:\/\/online-filmkatarzis.com\/kucko\/kiderult-hogy-hogyan-halt-meg-az-eltunt-futo\/","title":{"rendered":"Kider\u00fclt, hogy hogyan halt meg az elt\u0171nt fut\u00f3!"},"content":{"rendered":"<h3>A f\u00e9rfi k\u00eds\u00e9r\u0151je a verseny sor\u00e1n a harmadik helyen futott, m\u00edg t\u00e1rsa az \u00f6t\u00f6diken, de a kanyarg\u00f3s \u00fatvonal miatt \u2013 noha csak n\u00e9h\u00e1ny percre voltak egym\u00e1st\u00f3l \u2013 nem l\u00e1thatt\u00e1k egym\u00e1st. Zsoltot utolj\u00e1ra az utols\u00f3 el\u0151tti friss\u00edt\u0151pontn\u00e1l \u00e9szlelt\u00e9k, a c\u00e9lvonalat azonban m\u00e1r nem \u00e9rte el.<br \/>\nMUTATJUK MIBE VESZ\u00cdTETTE \u00c9LET\u00c9T:<\/h3>\n<h3><span style=\"color: #ff0000;\"><strong>A h\u00edr nem \u00e9rt v\u00e9get! Folytat\u00e1shoz haszn\u00e1ld a K\u00d6VETKEZ\u0150 OLDAL gombot!<\/strong><\/span><\/h3>\n<p><!--nextpage--><\/p>\n<h3>Val\u00f3ban megtal\u00e1ltuk a f\u00e9rfi holtt-st\u00e9t a telep\u00fcl\u00e9s hat\u00e1r\u00e1ban. B\u0171ncselekm\u00e9ny gyan\u00faja nem mer\u00fclt fel. \u2013 Er\u0151s\u00edtette meg a Blikknek Janas\u00f3czki Attila, a Borsod-Aba\u00faj-Zempl\u00e9n V\u00e1rmegyei Rend\u0151r-f\u0151kapit\u00e1nys\u00e1g sz\u00f3viv\u0151je. A Fut\u00f3 \u00e9let\u00e9t val\u00f3sz\u00edn\u0171s\u00edthet\u0151en h\u00edrtelen sz\u00edvle\u00e1ll\u00e1s okozhatta.<br \/>\n\u00c1M A LEGFURCS\u00c1BB, HOGY NEM A FUT\u00d3VERSENY \u00daTVONAL\u00c1N TAL\u00c1LT\u00c1K MEG, HANEM&#8230;.<\/h3>\n<h3><span style=\"color: #ff0000;\"><strong>A h\u00edr nem \u00e9rt v\u00e9get! Folytat\u00e1shoz haszn\u00e1ld a K\u00d6VETKEZ\u0150 OLDAL gombot!<\/strong><\/span><\/h3>\n<p><!--nextpage--><\/p>\n<h3>A BLikk tudom\u00e1sa szerint nem a fut\u00f3verseny \u00fatvonal\u00e1n tal\u00e1lt\u00e1k meg az elt\u0171nt f\u00e9rfit, \u00e1m egyel\u0151re arr\u00f3l nincs h\u00edr, hogy mi\u00e9rt t\u00e9rhetett le r\u00f3la. Legval\u00f3sz\u00edn\u0171bb, hogy rosszull\u00e9te miatt r\u00f6videbb utat keresett, hogy seg\u00edts\u00e9get k\u00e9rjen. A p\u00e1rja is nyilatkozott a lapnak, aki a csal\u00e1d t\u00f6bbi tagj\u00e1val a helysz\u00ednre sietett. Mindent megtettek az\u00e9rt, hogy megtal\u00e1lj\u00e1k \u0151t, de erre senki nem lehetett felk\u00e9sz\u00fclve.<\/h3>\n<p>VIA Blikk \/ MSN<\/p>\n<p>&#8211;<\/p>\n<p>Egy figyelemre m\u00e9lt\u00f3 r\u00e9szlet, hogy a sebess\u00e9gkorl\u00e1toz\u00e1s-figyelmeztet\u0151 rendszer kikapcsol\u00e1sa nem t\u00fal felhaszn\u00e1l\u00f3bar\u00e1t. M\u00edg a s\u00e1vtart\u00f3 rendszer b\u00e1rmikor kikapcsolhat\u00f3 a m\u0171szerfalon kereszt\u00fcl, addig a sebess\u00e9ghat\u00e1r-figyelmeztet\u00e9s csak a k\u00f6zponti \u00e9rint\u0151kijelz\u0151ben l\u00e9v\u0151 men\u00fcb\u0151l kapcsolhat\u00f3 ki, m\u00e9g indul\u00e1s el\u0151tt. Ha egyszer mozg\u00e1sban van az aut\u00f3, a men\u00fcpont elsz\u00fcrk\u00fcl, \u00e9s m\u00e1r nem \u00e9rhet\u0151 el. Ezzel szemben p\u00e9ld\u00e1ul a Renault praktikusabb megold\u00e1st k\u00edn\u00e1l, ahol egy k\u00fcl\u00f6n gomb seg\u00edts\u00e9g\u00e9vel az egy\u00e9nre szabott be\u00e1ll\u00edt\u00e1sok azonnal el\u00e9rhet\u0151k.<\/p>\n<p>A 0\u2013100 km\/h-s gyorsul\u00e1s a 182 l\u00f3er\u0151s teljes\u00edtm\u00e9nyhez k\u00e9pest visszafogott: 9,4 m\u00e1sodperc, ami ink\u00e1bb \u201eelfogadhat\u00f3\u201d, mint izgalmas. Ez lassabb, mint p\u00e9ld\u00e1ul a Ford Kuga, \u00e9s meg sem k\u00f6zel\u00edti a vill\u00e1mgyors Tesla Model Y teljes\u00edtm\u00e9ny\u00e9t. Aut\u00f3p\u00e1ly\u00e1n a hajt\u00e1sl\u00e1nc \u00fagy m\u0171k\u00f6dik, mint egy hagyom\u00e1nyos aut\u00f3 magas fokozatban \u2013 ez egyben az egyik el\u0151nye a Honda rendszer\u00e9nek a Toyota RAV4-gyel vagy Lexus NX-szel szemben, mivel azok e-CVT v\u00e1lt\u00f3i hajlamosak t\u00falp\u00f6rgetni a motort gyors\u00edt\u00e1skor.<\/p>\n<p>A plug-in hibrid v\u00e1ltozat nagyobb, 17,7 kWh kapacit\u00e1s\u00fa akkumul\u00e1torral rendelkezik, amely ak\u00e1r 79 kilom\u00e9teres tiszt\u00e1n elektromos hat\u00f3t\u00e1vot is lehet\u0151v\u00e9 tesz. Ha az akkumul\u00e1tor lemer\u00fcl, a rendszer \u00fagy m\u0171k\u00f6dik, mint a hagyom\u00e1nyos hibrid, m\u00e9ghozz\u00e1 meglep\u0151en hat\u00e9konyan \u2013 nem tapasztaltuk azt a drasztikus fogyaszt\u00e1sn\u00f6veked\u00e9st, amit m\u00e1s PHEV modellekn\u00e9l megszoktunk.<\/p>\n<p>V\u00e1rosi k\u00f6rnyezetben a CR-V k\u00fcl\u00f6n\u00f6sen csendes elektromos \u00fczemm\u00f3dban. Az e:HEV csak r\u00f6vid t\u00e1vokra k\u00e9pes tiszt\u00e1n elektromosan, m\u00edg az e:PHEV magasabb sebess\u00e9gn\u00e9l is elektromosan tud haladni. A regenerat\u00edv f\u00e9kez\u00e9st a korm\u00e1ny m\u00f6g\u00f6tti v\u00e1lt\u00f3f\u00fclekkel lehet \u00e1ll\u00edtani, b\u00e1r az egyenl\u00e1bas vezet\u00e9sre nem alkalmas, mint p\u00e9ld\u00e1ul a Nissan e-Pedal rendszere. Ett\u0151l f\u00fcggetlen\u00fcl a f\u00e9krendszer er\u0151s, \u00e9s finoman adagolhat\u00f3, ami seg\u00edti a k\u00e9nyelmes meg\u00e1ll\u00e1st.<\/p>\n","protected":false},"excerpt":{"rendered":"<p>A f\u00e9rfi k\u00eds\u00e9r\u0151je a verseny sor\u00e1n a harmadik helyen futott, m\u00edg t\u00e1rsa az \u00f6t\u00f6diken, de a kanyarg\u00f3s \u00fatvonal miatt \u2013 noha csak n\u00e9h\u00e1ny percre voltak egym\u00e1st\u00f3l \u2013 nem l\u00e1thatt\u00e1k egym\u00e1st. Zsoltot utolj\u00e1ra&#8230;<\/p>\n","protected":false},"author":1,"featured_media":6397,"comment_status":"open","ping_status":"open","sticky":false,"template":"","format":"standard","meta":{"footnotes":""},"categories":[2],"tags":[],"class_list":["post-6393","post","type-post","status-publish","format-standard","has-post-thumbnail","hentry","category-altalanos"],"aioseo_notices":[],"_links":{"self":[{"href":"https:\/\/online-filmkatarzis.com\/kucko\/wp-json\/wp\/v2\/posts\/6393","targetHints":{"allow":["GET"]}}],"collection":[{"href":"https:\/\/online-filmkatarzis.com\/kucko\/wp-json\/wp\/v2\/posts"}],"about":[{"href":"https:\/\/online-filmkatarzis.com\/kucko\/wp-json\/wp\/v2\/types\/post"}],"author":[{"embeddable":true,"href":"https:\/\/online-filmkatarzis.com\/kucko\/wp-json\/wp\/v2\/users\/1"}],"replies":[{"embeddable":true,"href":"https:\/\/online-filmkatarzis.com\/kucko\/wp-json\/wp\/v2\/comments?post=6393"}],"version-history":[{"count":3,"href":"https:\/\/online-filmkatarzis.com\/kucko\/wp-json\/wp\/v2\/posts\/6393\/revisions"}],"predecessor-version":[{"id":6408,"href":"https:\/\/online-filmkatarzis.com\/kucko\/wp-json\/wp\/v2\/posts\/6393\/revisions\/6408"}],"wp:featuredmedia":[{"embeddable":true,"href":"https:\/\/online-filmkatarzis.com\/kucko\/wp-json\/wp\/v2\/media\/6397"}],"wp:attachment":[{"href":"https:\/\/online-filmkatarzis.com\/kucko\/wp-json\/wp\/v2\/media?parent=6393"}],"wp:term":[{"taxonomy":"category","embeddable":true,"href":"https:\/\/online-filmkatarzis.com\/kucko\/wp-json\/wp\/v2\/categories?post=6393"},{"taxonomy":"post_tag","embeddable":true,"href":"https:\/\/online-filmkatarzis.com\/kucko\/wp-json\/wp\/v2\/tags?post=6393"}],"curies":[{"name":"wp","href":"https:\/\/api.w.org\/{rel}","templated":true}]}}