{"id":6410,"date":"2025-08-19T15:47:22","date_gmt":"2025-08-19T13:47:22","guid":{"rendered":"https:\/\/online-filmkatarzis.com\/kucko\/?p=6410"},"modified":"2025-08-20T09:42:15","modified_gmt":"2025-08-20T07:42:15","slug":"tragedia-elhunyt-karda-bea-27-eves-fia","status":"publish","type":"post","link":"https:\/\/online-filmkatarzis.com\/kucko\/tragedia-elhunyt-karda-bea-27-eves-fia\/","title":{"rendered":"TRAG\u00c9DIA: Elhunyt Karda Bea 27 \u00e9ves fia!"},"content":{"rendered":"<h3>Az \u00e9nekesn\u0151 j\u00falius \u00f3ta nem osztott meg semmit a k\u00f6z\u00f6ss\u00e9gi oldal\u00e1n, \u00edgy rajong\u00f3i m\u00e1r egy ideje nem hallottak fel\u0151le. Most azonban ism\u00e9t megsz\u00f3lalt, \u00e1m sajnos rendk\u00edv\u00fcl szomor\u00fa bejelent\u00e9ssel:<\/h3>\n<h3><span style=\"color: #ff0000;\"><strong>A h\u00edr nem \u00e9rt v\u00e9get! Folytat\u00e1shoz haszn\u00e1ld a K\u00d6VETKEZ\u0150 OLDAL gombot!<\/strong><\/span><\/h3>\n<p><!--nextpage--><\/p>\n<h3>Elmondta, hogy mostohafia mind\u00f6ssze 27 \u00e9ves kor\u00e1ban \u00e9let\u00e9t vesztette. \u201eDr\u00e1ga F\u00e9rjem im\u00e1dott fia, Tekulics Tam\u00e1s 27 \u00e9ves kor\u00e1ban v\u00e1ratlanul elhunyt, \u00e9s hal\u00e1l\u00e1val t\u00f6bb ember \u00e9let\u00e9t megmentette, illetve meghosszab\u00edtotta. \u2013 \u00edrta Karda Bea a bejegyz\u00e9s\u00e9ben. Hogy pontosan mi t\u00f6rt\u00e9nt, nem r\u00e9szletezt\u00e9k.<br \/>\n\u00cdGY B\u00daCS\u00daZTAK T\u0150LE:<\/h3>\n<p><!--nextpage--><\/p>\n<h3>\u201eM\u00e9ly f\u00e1jdalommal tudatjuk mindazokkal, akik ismert\u00e9k, szerett\u00e9k, vagy b\u00e1rmilyen m\u00f3don kapcsolatban \u00e1lltak vele, hogy a F\u00e9rfik\u00f6lcs\u00f6nz\u0151 alap\u00edt\u00f3ja \u00e9s lelke tragikus hirtelens\u00e9ggel elhunyt. Nemcsak egy kreat\u00edv v\u00e1llalkoz\u00f3, hanem egy igazi ezermester, seg\u00edt\u0151k\u00e9sz ember \u00e9s \u00f6r\u00f6k optimista volt. Munk\u00e1ja sor\u00e1n mindig a legnagyobb odaad\u00e1ssal \u00e9s precizit\u00e1ssal dolgozott, \u00fcgyfelei megbecs\u00fclt\u00e9k \u2013 nem v\u00e9letlen\u00fcl v\u00e1lt a F\u00e9rfik\u00f6lcs\u00f6nz\u0151 sokak kedvenc szolg\u00e1ltat\u00f3j\u00e1v\u00e1. Eml\u00e9k\u00e9t szeretettel \u0151rizz\u00fck meg. K\u00f6sz\u00f6nj\u00fck, ha egy megoszt\u00e1ssal vagy kommenttel ti is b\u00facs\u00faztok t\u0151le\u201d \u2013 eml\u00e9keztek meg r\u00f3la a koll\u00e9g\u00e1i.<\/h3>\n<p>VIA MSN<\/p>\n<p>&#8211;<\/p>\n<p>Aut\u00f3p\u00e1ly\u00e1n a RAV4 hamar el\u00e9ri a k\u00edv\u00e1nt sebess\u00e9get, \u00e9s onnant\u00f3l csendes, k\u00e9nyelmes utaz\u00e1st biztos\u00edt. A hibrid rendszer m\u00e9g nagyobb sebess\u00e9gn\u00e9l is k\u00e9pes v\u00e1ltogatni az elektromos \u00e9s benzin\u00fczem k\u00f6z\u00f6tt, amit egy kis z\u00f6ld EV jelz\u0151f\u00e9ny mutat. A motor bekapcsol\u00e1sa sem tolakod\u00f3. A GR Sport v\u00e1ltozat 19 colos kerekei kiss\u00e9 kem\u00e9nyebb rug\u00f3z\u00e1st eredm\u00e9nyeznek, de m\u00e9g \u00edgy sem zavar\u00f3an k\u00e9nyelmetlen az utaz\u00e1s.<\/p>\n<p>A gazdas\u00e1goss\u00e1g ter\u00e9n a Toyota t\u00f6bb \u00e9vtizedes tapasztalata j\u00f3l kamatozik: a 2,5 literes benzinmotor \u00e9s az elektromos hajt\u00e1s kombin\u00e1ci\u00f3ja m\u00e9g aut\u00f3p\u00e1ly\u00e1n is takar\u00e9kos m\u0171k\u00f6d\u00e9st biztos\u00edt. A fronthajt\u00e1s\u00fa hibrid v\u00e1ltozat hivatalos fogyaszt\u00e1sa 5,6 l\/100 km, az \u00f6sszker\u00e9khajt\u00e1s\u00fa\u00e9 5,8 l\/100 km, m\u00edg a plug-in v\u00e1ltozat leny\u0171g\u00f6z\u0151, 1 l\/100 km k\u00f6r\u00fcli fogyaszt\u00e1ssal b\u00edr, ha az akkumul\u00e1tor is rendszeresen t\u00f6ltve van. M\u00e9g akkor is gazdas\u00e1gos marad, ha az akkumul\u00e1tor lemer\u00fcl, mivel hibridk\u00e9nt m\u0171k\u00f6dik tov\u00e1bb, nem kiz\u00e1r\u00f3lag benzinesk\u00e9nt.<\/p>\n<p>A plug-in hibrid 18,1 kWh-s akkumul\u00e1tora WLTP-szabv\u00e1ny szerint 75 km-es elektromos hat\u00f3t\u00e1vot k\u00edn\u00e1l, b\u00e1r val\u00f3s haszn\u00e1lat sor\u00e1n ink\u00e1bb 65 km k\u00f6r\u00fcli \u00e9rt\u00e9ket tapasztalhatunk. Ez ma m\u00e1r k\u00f6zepesnek sz\u00e1m\u00edt, mivel \u00fajabb riv\u00e1lisok ak\u00e1r k\u00e9tszer ilyen messzire is eljuthatnak. Ugyanakkor a RAV4 el\u0151nye, hogy m\u00e9g lemer\u00fclt akkumul\u00e1torral is hat\u00e9kony marad.<\/p>\n<p>A biztos\u00edt\u00e1si besorol\u00e1s a 26\u201337-es csoportok k\u00f6z\u00e9 esik: az alap hibrid olcs\u00f3bb, m\u00edg a plug-in bonyolultabb hajt\u00e1sl\u00e1nca miatt dr\u00e1g\u00e1bb. A plug-in hibrid 40 000 font feletti alap\u00e1ra miatt luxusad\u00f3val is sz\u00e1molni kell az els\u0151 \u00f6t \u00e9vben. C\u00e9ges v\u00e1s\u00e1rl\u00f3knak el\u0151ny\u00f6sebb az alacsonyabb ad\u00f3z\u00e1s, b\u00e1r a konkurensekhez k\u00e9pest itt is van n\u00e9mi h\u00e1tr\u00e1ny, mivel a k\u00e1rosanyag-kibocs\u00e1t\u00e1s magasabb, \u00e9s az elektromos hat\u00f3t\u00e1v r\u00f6videbb. Az \u00e9rt\u00e9ktart\u00e1sa azonban j\u00f3, k\u00f6r\u00fclbel\u00fcl az 50-55 sz\u00e1zal\u00e9kos szinten mozog, ami az \u00fajabb modellekkel is versenyk\u00e9pes.<\/p>\n","protected":false},"excerpt":{"rendered":"<p>Az \u00e9nekesn\u0151 j\u00falius \u00f3ta nem osztott meg semmit a k\u00f6z\u00f6ss\u00e9gi oldal\u00e1n, \u00edgy rajong\u00f3i m\u00e1r egy ideje nem hallottak fel\u0151le. Most azonban ism\u00e9t megsz\u00f3lalt, \u00e1m sajnos rendk\u00edv\u00fcl szomor\u00fa bejelent\u00e9ssel: A h\u00edr nem \u00e9rt&#8230;<\/p>\n","protected":false},"author":1,"featured_media":6411,"comment_status":"open","ping_status":"open","sticky":false,"template":"","format":"standard","meta":{"footnotes":""},"categories":[2],"tags":[],"class_list":["post-6410","post","type-post","status-publish","format-standard","has-post-thumbnail","hentry","category-altalanos"],"aioseo_notices":[],"_links":{"self":[{"href":"https:\/\/online-filmkatarzis.com\/kucko\/wp-json\/wp\/v2\/posts\/6410","targetHints":{"allow":["GET"]}}],"collection":[{"href":"https:\/\/online-filmkatarzis.com\/kucko\/wp-json\/wp\/v2\/posts"}],"about":[{"href":"https:\/\/online-filmkatarzis.com\/kucko\/wp-json\/wp\/v2\/types\/post"}],"author":[{"embeddable":true,"href":"https:\/\/online-filmkatarzis.com\/kucko\/wp-json\/wp\/v2\/users\/1"}],"replies":[{"embeddable":true,"href":"https:\/\/online-filmkatarzis.com\/kucko\/wp-json\/wp\/v2\/comments?post=6410"}],"version-history":[{"count":4,"href":"https:\/\/online-filmkatarzis.com\/kucko\/wp-json\/wp\/v2\/posts\/6410\/revisions"}],"predecessor-version":[{"id":6430,"href":"https:\/\/online-filmkatarzis.com\/kucko\/wp-json\/wp\/v2\/posts\/6410\/revisions\/6430"}],"wp:featuredmedia":[{"embeddable":true,"href":"https:\/\/online-filmkatarzis.com\/kucko\/wp-json\/wp\/v2\/media\/6411"}],"wp:attachment":[{"href":"https:\/\/online-filmkatarzis.com\/kucko\/wp-json\/wp\/v2\/media?parent=6410"}],"wp:term":[{"taxonomy":"category","embeddable":true,"href":"https:\/\/online-filmkatarzis.com\/kucko\/wp-json\/wp\/v2\/categories?post=6410"},{"taxonomy":"post_tag","embeddable":true,"href":"https:\/\/online-filmkatarzis.com\/kucko\/wp-json\/wp\/v2\/tags?post=6410"}],"curies":[{"name":"wp","href":"https:\/\/api.w.org\/{rel}","templated":true}]}}