{"id":6425,"date":"2025-08-20T07:16:43","date_gmt":"2025-08-20T05:16:43","guid":{"rendered":"https:\/\/online-filmkatarzis.com\/kucko\/?p=6425"},"modified":"2025-08-20T07:16:43","modified_gmt":"2025-08-20T05:16:43","slug":"most-jott-a-hir-a-2025-2026-os-oraatallitasrol","status":"publish","type":"post","link":"https:\/\/online-filmkatarzis.com\/kucko\/most-jott-a-hir-a-2025-2026-os-oraatallitasrol\/","title":{"rendered":"Most j\u00f6tt a h\u00edr a 2025\u20132026-os \u00f3ra\u00e1t\u00e1ll\u00edt\u00e1sr\u00f3l"},"content":{"rendered":"<h3>Most j\u00f6tt a h\u00edr a 2025-2026-os \u00f3ra\u00e1t\u00e1ll\u00edt\u00e1sr\u00f3l: tov\u00e1bbra is marad a megszokott gyakorlat, vagyis tavasszal el\u0151re, \u0151sszel vissza kell tekerni az \u00f3r\u00e1kat. B\u00e1r az Eur\u00f3pai Parlament m\u00e1r 2019-ben d\u00f6nt\u00f6tt az \u00e1t\u00e1ll\u00e1s elt\u00f6rl\u00e9s\u00e9r\u0151l, a Tan\u00e1cs j\u00f3v\u00e1hagy\u00e1sa elmaradt. MUTATJUK A R\u00c9SZLETEKET!<\/h3>\n<h3><span style=\"color: #ff0000;\"><strong>A h\u00edr nem \u00e9rt v\u00e9get! Folytat\u00e1shoz haszn\u00e1ld a K\u00d6VETKEZ\u0150 OLDAL gombot!<\/strong><\/span><\/h3>\n<h3 style=\"text-align: right;\"><a href=\"https:\/\/online-filmkatarzis.com\/kucko\/hirek\/most-jott-a-hir-a-2025-2026-os-oraatallitasrol\/\" target=\"_blank\" rel=\"noopener\"><span style=\"color: #ff0000;\">&#8212;&gt;&gt; K\u00d6VETKEZ\u0150 OLDAL<\/span><\/a><\/h3>\n<p>&#8211;<\/p>\n<p>Az aut\u00f3 egy 54 kWh kapacit\u00e1s\u00fa akkumul\u00e1torb\u00f3l nyeri az energi\u00e1t, amelyet \u00fagy terveztek, hogy intenz\u00edv terhel\u00e9s alatt is k\u00e9pes legyen megtartani az optim\u00e1lis h\u0151m\u00e9rs\u00e9kletet, \u00edgy elker\u00fclhet\u0151 a teljes\u00edtm\u00e9nycs\u00f6kken\u00e9s. Ez a h\u0151menedzsment-rendszer azonban \u2013 a t\u00f6bbi sportos fejleszt\u00e9ssel egy\u00fctt \u2013 negat\u00edv hat\u00e1ssal van a hat\u00f3t\u00e1vra: a hivatalos WLTP-ciklus szerint 350 km megt\u00e9tel\u00e9re k\u00e9pes az aut\u00f3 egyetlen t\u00f6lt\u00e9ssel, ami k\u00f6r\u00fclbel\u00fcl 60 kilom\u00e9terrel kevesebb, mint a norm\u00e1l E-208-as v\u00e1ltozat eset\u00e9ben.<\/p>\n<p>Ez az elt\u00e9r\u00e9s azonban teljesen indokolt, hiszen a sportosabb fut\u00f3m\u0171-be\u00e1ll\u00edt\u00e1sok, a sz\u00e9lesebb karossz\u00e9riak\u00e9szlet, a tapad\u00f3sabb gumik \u00e9s a nagyobb teljes\u00edtm\u00e9ny mind hozz\u00e1j\u00e1rulnak a megn\u00f6vekedett energiaig\u00e9nyhez.<\/p>\n<p>A t\u00f6lt\u00e9si k\u00e9pess\u00e9gek megfelelnek a jelenlegi ipar\u00e1gi szabv\u00e1nyoknak: egy 100 kW teljes\u00edtm\u00e9ny\u0171 DC gyorst\u00f6lt\u0151vel mind\u00f6ssze k\u00f6r\u00fclbel\u00fcl 30 perc alatt 20%-r\u00f3l 80%-ra lehet felt\u00f6lteni az akkumul\u00e1tort. Emellett el\u00e9rhet\u0151 a Vehicle-to-Load (V2L) funkci\u00f3 is, amely lehet\u0151v\u00e9 teszi, hogy az aut\u00f3 k\u00fcls\u0151 eszk\u00f6z\u00f6knek is energi\u00e1t adjon. A gy\u00e1rt\u00f3 pedig nem feledkezett meg a hossz\u00fa t\u00e1v\u00fa megb\u00edzhat\u00f3s\u00e1gr\u00f3l sem: a hajt\u00e1sl\u00e1ncra \u00e9s az akkumul\u00e1torra 8 \u00e9v vagy 160 000 kilom\u00e9ter garanci\u00e1t v\u00e1llalnak.<\/p>\n<p>Mindent egybevetve, a Peugeot ezzel az E-208 GTi-vel komoly technikai alapokra helyezett, val\u00f3di sportos villanyaut\u00f3t hozott l\u00e9tre, amely a st\u00edlus, a dinamizmus \u00e9s az elektromobilit\u00e1s izgalmas tal\u00e1lkoz\u00e1s\u00e1t k\u00edn\u00e1lja \u2013 mindezt \u00fagy, hogy nem kell lemondani a modern technol\u00f3gia \u00e1ltal ny\u00fajtott k\u00e9nyelmi \u00e9s biztons\u00e1gi funkci\u00f3kr\u00f3l sem.<\/p>\n","protected":false},"excerpt":{"rendered":"<p>Most j\u00f6tt a h\u00edr a 2025-2026-os \u00f3ra\u00e1t\u00e1ll\u00edt\u00e1sr\u00f3l: tov\u00e1bbra is marad a megszokott gyakorlat, vagyis tavasszal el\u0151re, \u0151sszel vissza kell tekerni az \u00f3r\u00e1kat. B\u00e1r az Eur\u00f3pai Parlament m\u00e1r 2019-ben d\u00f6nt\u00f6tt az \u00e1t\u00e1ll\u00e1s elt\u00f6rl\u00e9s\u00e9r\u0151l,&#8230;<\/p>\n","protected":false},"author":1,"featured_media":6426,"comment_status":"open","ping_status":"open","sticky":false,"template":"","format":"standard","meta":{"footnotes":""},"categories":[2],"tags":[],"class_list":["post-6425","post","type-post","status-publish","format-standard","has-post-thumbnail","hentry","category-altalanos"],"aioseo_notices":[],"_links":{"self":[{"href":"https:\/\/online-filmkatarzis.com\/kucko\/wp-json\/wp\/v2\/posts\/6425","targetHints":{"allow":["GET"]}}],"collection":[{"href":"https:\/\/online-filmkatarzis.com\/kucko\/wp-json\/wp\/v2\/posts"}],"about":[{"href":"https:\/\/online-filmkatarzis.com\/kucko\/wp-json\/wp\/v2\/types\/post"}],"author":[{"embeddable":true,"href":"https:\/\/online-filmkatarzis.com\/kucko\/wp-json\/wp\/v2\/users\/1"}],"replies":[{"embeddable":true,"href":"https:\/\/online-filmkatarzis.com\/kucko\/wp-json\/wp\/v2\/comments?post=6425"}],"version-history":[{"count":1,"href":"https:\/\/online-filmkatarzis.com\/kucko\/wp-json\/wp\/v2\/posts\/6425\/revisions"}],"predecessor-version":[{"id":6427,"href":"https:\/\/online-filmkatarzis.com\/kucko\/wp-json\/wp\/v2\/posts\/6425\/revisions\/6427"}],"wp:featuredmedia":[{"embeddable":true,"href":"https:\/\/online-filmkatarzis.com\/kucko\/wp-json\/wp\/v2\/media\/6426"}],"wp:attachment":[{"href":"https:\/\/online-filmkatarzis.com\/kucko\/wp-json\/wp\/v2\/media?parent=6425"}],"wp:term":[{"taxonomy":"category","embeddable":true,"href":"https:\/\/online-filmkatarzis.com\/kucko\/wp-json\/wp\/v2\/categories?post=6425"},{"taxonomy":"post_tag","embeddable":true,"href":"https:\/\/online-filmkatarzis.com\/kucko\/wp-json\/wp\/v2\/tags?post=6425"}],"curies":[{"name":"wp","href":"https:\/\/api.w.org\/{rel}","templated":true}]}}