{"id":6431,"date":"2025-08-20T12:43:06","date_gmt":"2025-08-20T10:43:06","guid":{"rendered":"https:\/\/online-filmkatarzis.com\/kucko\/?p=6431"},"modified":"2025-08-22T08:22:53","modified_gmt":"2025-08-22T06:22:53","slug":"majka-sulyos-autobalesetet-szenvedett","status":"publish","type":"post","link":"https:\/\/online-filmkatarzis.com\/kucko\/majka-sulyos-autobalesetet-szenvedett\/","title":{"rendered":"Majka s\u00falyos aut\u00f3balesetet szenvedett!"},"content":{"rendered":"<h3><span id=\"line494\">Most j\u00f6tt Majka s\u00falyos aut\u00f3baleset\u00e9r\u0151l. Durva, ami t\u00f6rt\u00e9nt. Majk\u00e1t a VIASAT3 Adom a napom c\u00edm\u0171 m\u0171sor vend\u00e9gek\u00e9nt \u0151szint\u00e9n mes\u00e9lte el hogy pontosan mi is t\u00f6rt\u00e9nt vele \u00e9s milyen helyzetben. MUTATJUK A DR\u00c1MAI R\u00c9SZLETEKET! <\/span><\/h3>\n<h3><span style=\"color: #ff0000;\"><strong>A h\u00edr nem \u00e9rt v\u00e9get! Folytat\u00e1shoz haszn\u00e1ld a K\u00d6VETKEZ\u0150 OLDAL gombot!<\/strong><\/span><\/h3>\n<p><!--nextpage--><\/p>\n<h3>Sz\u00e1mos balesetben \u00e9rintett volt, vagy \u00e9pphogy elker\u00fclte \u0151ket. A m\u0171sor sor\u00e1n, mik\u00f6zben \u00e9pp az R\/L Reggeli ad\u00e1s\u00e1ba tartott, vezet\u00e9s k\u00f6zben osztotta meg a hallgat\u00f3s\u00e1ggal a sokkol\u00f3bbn\u00e1l sokkol\u00f3bb t\u00f6rt\u00e9neteit. A rapper ugyanis k\u00e9t aut\u00f3balesetet is \u00e1t\u00e9lt \u00e9s mindk\u00e9t esetben s\u00e9rtetlen\u00fcl sz\u00e1llt ki a j\u00e1rm\u0171b\u0151l.<\/h3>\n<h3><span style=\"color: #ff0000;\"><strong>A h\u00edr nem \u00e9rt v\u00e9get! Folytat\u00e1shoz haszn\u00e1ld a K\u00d6VETKEZ\u0150 OLDAL gombot!<\/strong><\/span><\/h3>\n<p><!--nextpage--><\/p>\n<h3>Hozz\u00e1tette, hogy az egyik balesetn\u00e9l a t\u00e9rde ugyan megs\u00e9r\u00fclt, de semmi komolyabb baja nem t\u00f6rt\u00e9nt. Sok nagy dolgot meg\u00fasztam m\u00e1r \u2013 fogalmazott Majka, aki elmes\u00e9lte, hogy 2004 december\u00e9ben a Mald\u00edv-szigetekre k\u00e9sz\u00fclt, a rep\u00fcl\u0151je menetrend szerint reggel hatkor landolt volna azon a szigeten, ami \u2013 ahogy Majka mondta \u2013 \u201ereggel 9-re m\u00e1r nem volt a t\u00e9rk\u00e9pen\u201d.<\/h3>\n<p>&#8211;<\/p>\n<p>Val\u00f3ban, a v\u00e1llalat egy\u00fcttm\u0171k\u00f6d\u00e9sre l\u00e9pett az Ample nev\u0171 c\u00e9ggel, amely az akkumul\u00e1torcser\u00e9re specializ\u00e1l\u00f3dott, annak \u00e9rdek\u00e9ben, hogy a lehet\u0151 legnagyobb m\u00e9rt\u00e9kben cs\u00f6kkents\u00e9k a Fiat 500e t\u00edpus\u00fa, k\u00f6z\u00f6ss\u00e9gi haszn\u00e1lat\u00fa (aut\u00f3megoszt\u00e1sban r\u00e9szt vev\u0151) elektromos j\u00e1rm\u0171vek le\u00e1ll\u00e1si idej\u00e9t. Az egy\u00fcttm\u0171k\u00f6d\u00e9s c\u00e9lja, hogy az aut\u00f3k akkumul\u00e1torainak hagyom\u00e1nyos t\u00f6lt\u00e9si folyamata helyett sokkal gyorsabb, hat\u00e9konyabb \u00e9s z\u00f6kken\u0151mentesebb megold\u00e1st k\u00edn\u00e1ljanak az \u00fagynevezett akkumul\u00e1torcser\u00e9vel.<\/p>\n<p>Ennek a rendszernek k\u00f6sz\u00f6nhet\u0151en mind\u00f6ssze kevesebb mint \u00f6t perc elegend\u0151 ahhoz, hogy egy teljesen lemer\u00fclt akkumul\u00e1torral \u00e9rkez\u0151 j\u00e1rm\u0171 \u00fajra \u00fatra k\u00e9sz legyen, imm\u00e1r egy teljesen felt\u00f6lt\u00f6tt akkumul\u00e1torral. Ez az id\u0151intervallum gyakorlatilag megegyezik azzal, amennyi id\u0151 alatt egy bels\u0151 \u00e9g\u00e9s\u0171 motorral szerelt aut\u00f3t megtankoln\u00e1nk benzinnel vagy d\u00edzellel.<\/p>\n<p>Az elektromos aut\u00f3k elterjed\u00e9s\u00e9nek egyik legnagyobb akad\u00e1lya tov\u00e1bbra is a t\u00f6lt\u00e9si id\u0151vel kapcsolatos f\u00e9lelem. Sokan az\u00e9rt \u00f3dzkodnak m\u00e9g mindig az ilyen t\u00edpus\u00fa j\u00e1rm\u0171vek haszn\u00e1lat\u00e1t\u00f3l, mert att\u00f3l tartanak, hogy \u00f3r\u00e1kba telhet, mire \u00fajra haszn\u00e1lhat\u00f3v\u00e1 v\u00e1lik az aut\u00f3, ha lemer\u00fcl az akkumul\u00e1tor. Az akkumul\u00e1torcser\u00e9s megold\u00e1s azonban alapjaiban v\u00e1ltoztatja meg ezt a k\u00e9pet, hiszen az elektromos j\u00e1rm\u0171 \u00fajrat\u00f6lt\u00e9se ebben az esetben m\u00e1r nem id\u0151ig\u00e9nyes, hanem gyors \u00e9s k\u00e9nyelmes m\u0171velett\u00e9 v\u00e1lik, amely egyes\u00edti a technol\u00f3giai innov\u00e1ci\u00f3 el\u0151nyeit a hagyom\u00e1nyos tankol\u00e1s egyszer\u0171s\u00e9g\u00e9vel.<\/p>\n<p>Forr\u00e1s: MSN \/ FB<\/p>\n","protected":false},"excerpt":{"rendered":"<p>Most j\u00f6tt Majka s\u00falyos aut\u00f3baleset\u00e9r\u0151l. Durva, ami t\u00f6rt\u00e9nt. Majk\u00e1t a VIASAT3 Adom a napom c\u00edm\u0171 m\u0171sor vend\u00e9gek\u00e9nt \u0151szint\u00e9n mes\u00e9lte el hogy pontosan mi is t\u00f6rt\u00e9nt vele \u00e9s milyen helyzetben. MUTATJUK A DR\u00c1MAI&#8230;<\/p>\n","protected":false},"author":1,"featured_media":6432,"comment_status":"open","ping_status":"open","sticky":false,"template":"","format":"standard","meta":{"footnotes":""},"categories":[2],"tags":[],"class_list":["post-6431","post","type-post","status-publish","format-standard","has-post-thumbnail","hentry","category-altalanos"],"aioseo_notices":[],"_links":{"self":[{"href":"https:\/\/online-filmkatarzis.com\/kucko\/wp-json\/wp\/v2\/posts\/6431","targetHints":{"allow":["GET"]}}],"collection":[{"href":"https:\/\/online-filmkatarzis.com\/kucko\/wp-json\/wp\/v2\/posts"}],"about":[{"href":"https:\/\/online-filmkatarzis.com\/kucko\/wp-json\/wp\/v2\/types\/post"}],"author":[{"embeddable":true,"href":"https:\/\/online-filmkatarzis.com\/kucko\/wp-json\/wp\/v2\/users\/1"}],"replies":[{"embeddable":true,"href":"https:\/\/online-filmkatarzis.com\/kucko\/wp-json\/wp\/v2\/comments?post=6431"}],"version-history":[{"count":5,"href":"https:\/\/online-filmkatarzis.com\/kucko\/wp-json\/wp\/v2\/posts\/6431\/revisions"}],"predecessor-version":[{"id":6474,"href":"https:\/\/online-filmkatarzis.com\/kucko\/wp-json\/wp\/v2\/posts\/6431\/revisions\/6474"}],"wp:featuredmedia":[{"embeddable":true,"href":"https:\/\/online-filmkatarzis.com\/kucko\/wp-json\/wp\/v2\/media\/6432"}],"wp:attachment":[{"href":"https:\/\/online-filmkatarzis.com\/kucko\/wp-json\/wp\/v2\/media?parent=6431"}],"wp:term":[{"taxonomy":"category","embeddable":true,"href":"https:\/\/online-filmkatarzis.com\/kucko\/wp-json\/wp\/v2\/categories?post=6431"},{"taxonomy":"post_tag","embeddable":true,"href":"https:\/\/online-filmkatarzis.com\/kucko\/wp-json\/wp\/v2\/tags?post=6431"}],"curies":[{"name":"wp","href":"https:\/\/api.w.org\/{rel}","templated":true}]}}